{"id":27130,"date":"2019-10-02T09:49:15","date_gmt":"2019-10-02T07:49:15","guid":{"rendered":"https:\/\/dev.invicta.wp19.axome.cc\/2019\/10\/02\/el-diseno-democratico\/"},"modified":"2019-10-10T10:28:59","modified_gmt":"2019-10-10T08:28:59","slug":"el-diseno-democratico","status":"publish","type":"post","link":"https:\/\/dev.invicta.wp19.axome.cc\/es\/2019\/10\/02\/el-diseno-democratico\/","title":{"rendered":"El dise\u00f1o democr\u00e1tico"},"content":{"rendered":"<h1>Todos tenemos derecho al dise\u00f1o<\/h1>\n<p><b>Para Invicta, el dise\u00f1o solo tiene sentido se es accesible para el mayor n\u00famero de personas.<\/b><\/p>\n<p>No debe estar reservado para una \u00e9lite, sino que debe ser compartido por todos.<\/p>\n<p>Verdadero pionero, Invicta le ha dado una vuelta a la estufa de le\u00f1a, proponiendo nuevas y elegantes l\u00edneas que responden a las expectativas de las personas que quieren aportar dise\u00f1o y modernidad a sus interiores. Esta visi\u00f3n, tanto en t\u00e9rminos de dise\u00f1o como de accesibilidad, se ajusta a la perfecci\u00f3n a los tiempos que corren. Invicta se inscribe en la tendencia denominada &#8220;<strong>dise\u00f1o democr\u00e1tico<\/strong>&#8220;.<\/p>\n<p><b>El dise\u00f1o democr\u00e1tico es un enfoque basado en 5 pilares fundamentales:<\/b><\/p>\n<p><b>La forma<\/b><br \/>\nEs la calidad de la l\u00ednea, del dise\u00f1o, lo que hace de la estufa un objeto con una est\u00e9tica perfecta. Ella sola es capaz de aportar estilo a toda la casa. La estufa se convierte en el coraz\u00f3n del hogar y en el elemento decorativo central. Es sin duda el significado m\u00e1s famoso de la palabra dise\u00f1o.<\/p>\n<p><b>La funci\u00f3n<\/b><br \/>\nLas estufas Invicta est\u00e1n perfectamente dise\u00f1adas, no solo desde el punto de vista est\u00e9tico, sino tambi\u00e9n en sus funcionalidades. Esto es lo que garantiza su rendimiento, eficacia y facilidad de uso. Tambi\u00e9n son perfectamente ergon\u00f3micas, es decir, est\u00e1n optimizadas para un uso natural.<\/p>\n<p><b>La calidad<\/b><br \/>\nSin dejar de ser accesibles, las estufas de le\u00f1a Invicta tienen una calidad reconocida en todo el mundo. Se fabrican en Francia, en la regi\u00f3n de Ardenas. Su calidad se controla para que sea perfectamente constante.<\/p>\n<p><b>La durabilidad<\/b><br \/>\nDesde su concepci\u00f3n, los dise\u00f1adores de Invicta integran la sostenibilidad del ciclo de vida del producto. Est\u00e1n fabricadas de materiales reciclables y el combustible es la energ\u00eda renovable m\u00e1s importante en Francia. La durabilidad es una parte integral del dise\u00f1o.<\/p>\n<p><b>El precio<\/b><br \/>\nLa accesibilidad para el mayor n\u00famero de personas es una limitaci\u00f3n desde la fase de dise\u00f1o de la estufa. Es sin duda un pilar esencial del dise\u00f1o democr\u00e1tico. Accesibilidad econ\u00f3mica, pero tambi\u00e9n proximidad a los puntos de venta e instaladores.<\/p>\n<p>Estos pilares fundamentales inspiran cada d\u00eda a nuestros dise\u00f1adores, ingenieros, t\u00e9cnicos e investigadores.<\/p>\n<p><b>Todos tenemos derecho al dise\u00f1o<\/b><\/p>\n","protected":false},"excerpt":{"rendered":"<p>Todos tenemos derecho al dise\u00f1o Para Invicta, el dise\u00f1o solo tiene sentido se es accesible para el mayor n\u00famero de personas. No debe estar reservado para una \u00e9lite, sino que debe ser compartido por todos. Verdadero pionero, Invicta le ha dado una vuelta a la estufa de le\u00f1a, proponiendo nuevas y elegantes l\u00edneas que responden [&hellip;]<\/p>\n","protected":false},"author":225,"featured_media":20073,"comment_status":"closed","ping_status":"open","sticky":false,"template":"","format":"standard","meta":{"_acf_changed":false,"footnotes":""},"categories":[1904],"tags":[],"class_list":{"1":"post","5":"has-post-thumbnail"},"acf":[],"yoast_head":"<!-- This site is optimized with the Yoast SEO plugin v24.7 - https:\/\/yoast.com\/wordpress\/plugins\/seo\/ -->\n<title>El dise\u00f1o democr\u00e1tico - Invicta<\/title>\n<meta name=\"description\" content=\"Todos tenemos derecho al dise\u00f1o Para Invicta, el dise\u00f1o solo tiene sentido se es accesible para el mayor n\u00famero de personas. No debe estar reservado para\" \/>\n<meta name=\"robots\" content=\"index, follow, max-snippet:-1, max-image-preview:large, max-video-preview:-1\" \/>\n<link rel=\"canonical\" href=\"https:\/\/dev.invicta.wp19.axome.cc\/es\/2019\/10\/02\/el-diseno-democratico\/\" \/>\n<meta property=\"og:locale\" content=\"es_ES\" \/>\n<meta property=\"og:type\" content=\"article\" \/>\n<meta property=\"og:title\" content=\"El dise\u00f1o democr\u00e1tico - Invicta\" \/>\n<meta property=\"og:description\" content=\"Todos tenemos derecho al dise\u00f1o Para Invicta, el dise\u00f1o solo tiene sentido se es accesible para el mayor n\u00famero de personas. No debe estar reservado para\" \/>\n<meta property=\"og:url\" content=\"https:\/\/dev.invicta.wp19.axome.cc\/es\/2019\/10\/02\/el-diseno-democratico\/\" \/>\n<meta property=\"og:site_name\" content=\"Invicta\" \/>\n<meta property=\"article:published_time\" content=\"2019-10-02T07:49:15+00:00\" \/>\n<meta property=\"article:modified_time\" content=\"2019-10-10T08:28:59+00:00\" \/>\n<meta property=\"og:image\" content=\"https:\/\/dev.invicta.wp19.axome.cc\/wp-content\/uploads\/2019\/06\/push-plugin.jpg\" \/>\n\t<meta property=\"og:image:width\" content=\"1920\" \/>\n\t<meta property=\"og:image:height\" content=\"1080\" \/>\n\t<meta property=\"og:image:type\" content=\"image\/jpeg\" \/>\n<meta name=\"author\" content=\"wpaxome\" \/>\n<meta name=\"twitter:card\" content=\"summary_large_image\" \/>\n<meta name=\"twitter:label1\" content=\"Escrito por\" \/>\n\t<meta name=\"twitter:data1\" content=\"wpaxome\" \/>\n\t<meta name=\"twitter:label2\" content=\"Tiempo de lectura\" \/>\n\t<meta name=\"twitter:data2\" content=\"2 minutos\" \/>\n<script type=\"application\/ld+json\" class=\"yoast-schema-graph\">{\"@context\":\"https:\/\/schema.org\",\"@graph\":[{\"@type\":\"Article\",\"@id\":\"https:\/\/dev.invicta.wp19.axome.cc\/es\/2019\/10\/02\/el-diseno-democratico\/#article\",\"isPartOf\":{\"@id\":\"https:\/\/dev.invicta.wp19.axome.cc\/es\/2019\/10\/02\/el-diseno-democratico\/\"},\"author\":{\"name\":\"wpaxome\",\"@id\":\"https:\/\/dev.invicta.wp19.axome.cc\/es\/#\/schema\/person\/119046844ea476affd0fd9c352e5ab62\"},\"headline\":\"El dise\u00f1o democr\u00e1tico\",\"datePublished\":\"2019-10-02T07:49:15+00:00\",\"dateModified\":\"2019-10-10T08:28:59+00:00\",\"mainEntityOfPage\":{\"@id\":\"https:\/\/dev.invicta.wp19.axome.cc\/es\/2019\/10\/02\/el-diseno-democratico\/\"},\"wordCount\":405,\"publisher\":{\"@id\":\"https:\/\/dev.invicta.wp19.axome.cc\/es\/#organization\"},\"image\":{\"@id\":\"https:\/\/dev.invicta.wp19.axome.cc\/es\/2019\/10\/02\/el-diseno-democratico\/#primaryimage\"},\"thumbnailUrl\":\"https:\/\/dev.invicta.wp19.axome.cc\/wp-content\/uploads\/2019\/06\/push-plugin.jpg\",\"articleSection\":[\"Dise\u00f1o para todos\"],\"inLanguage\":\"es\"},{\"@type\":\"WebPage\",\"@id\":\"https:\/\/dev.invicta.wp19.axome.cc\/es\/2019\/10\/02\/el-diseno-democratico\/\",\"url\":\"https:\/\/dev.invicta.wp19.axome.cc\/es\/2019\/10\/02\/el-diseno-democratico\/\",\"name\":\"El dise\u00f1o democr\u00e1tico - Invicta\",\"isPartOf\":{\"@id\":\"https:\/\/dev.invicta.wp19.axome.cc\/es\/#website\"},\"primaryImageOfPage\":{\"@id\":\"https:\/\/dev.invicta.wp19.axome.cc\/es\/2019\/10\/02\/el-diseno-democratico\/#primaryimage\"},\"image\":{\"@id\":\"https:\/\/dev.invicta.wp19.axome.cc\/es\/2019\/10\/02\/el-diseno-democratico\/#primaryimage\"},\"thumbnailUrl\":\"https:\/\/dev.invicta.wp19.axome.cc\/wp-content\/uploads\/2019\/06\/push-plugin.jpg\",\"datePublished\":\"2019-10-02T07:49:15+00:00\",\"dateModified\":\"2019-10-10T08:28:59+00:00\",\"description\":\"Todos tenemos derecho al dise\u00f1o Para Invicta, el dise\u00f1o solo tiene sentido se es accesible para el mayor n\u00famero de personas. No debe estar reservado para\",\"breadcrumb\":{\"@id\":\"https:\/\/dev.invicta.wp19.axome.cc\/es\/2019\/10\/02\/el-diseno-democratico\/#breadcrumb\"},\"inLanguage\":\"es\",\"potentialAction\":[{\"@type\":\"ReadAction\",\"target\":[\"https:\/\/dev.invicta.wp19.axome.cc\/es\/2019\/10\/02\/el-diseno-democratico\/\"]}]},{\"@type\":\"ImageObject\",\"inLanguage\":\"es\",\"@id\":\"https:\/\/dev.invicta.wp19.axome.cc\/es\/2019\/10\/02\/el-diseno-democratico\/#primaryimage\",\"url\":\"https:\/\/dev.invicta.wp19.axome.cc\/wp-content\/uploads\/2019\/06\/push-plugin.jpg\",\"contentUrl\":\"https:\/\/dev.invicta.wp19.axome.cc\/wp-content\/uploads\/2019\/06\/push-plugin.jpg\",\"width\":1920,\"height\":1080,\"caption\":\"Po\u00eale \u00e0 granul\u00e9s Invicta Ove Plug-IN\"},{\"@type\":\"BreadcrumbList\",\"@id\":\"https:\/\/dev.invicta.wp19.axome.cc\/es\/2019\/10\/02\/el-diseno-democratico\/#breadcrumb\",\"itemListElement\":[{\"@type\":\"ListItem\",\"position\":1,\"name\":\"Inicio\",\"item\":\"https:\/\/dev.invicta.wp19.axome.cc\/es\/\"},{\"@type\":\"ListItem\",\"position\":2,\"name\":\"Dise\u00f1o para todos\",\"item\":\"https:\/\/dev.invicta.wp19.axome.cc\/es\/category\/diseno-para-todos\/\"},{\"@type\":\"ListItem\",\"position\":3,\"name\":\"El dise\u00f1o democr\u00e1tico\"}]},{\"@type\":\"WebSite\",\"@id\":\"https:\/\/dev.invicta.wp19.axome.cc\/es\/#website\",\"url\":\"https:\/\/dev.invicta.wp19.axome.cc\/es\/\",\"name\":\"Invicta\",\"description\":\"Fabricant fran\u00e7ais, sp\u00e9cialiste europ\u00e9en du chauffage au bois : po\u00eales \u00e0 bois et \u00e0 granul\u00e9s, chemin\u00e9es, foyers et inserts\",\"publisher\":{\"@id\":\"https:\/\/dev.invicta.wp19.axome.cc\/es\/#organization\"},\"potentialAction\":[{\"@type\":\"SearchAction\",\"target\":{\"@type\":\"EntryPoint\",\"urlTemplate\":\"https:\/\/dev.invicta.wp19.axome.cc\/es\/?s={search_term_string}\"},\"query-input\":{\"@type\":\"PropertyValueSpecification\",\"valueRequired\":true,\"valueName\":\"search_term_string\"}}],\"inLanguage\":\"es\"},{\"@type\":\"Organization\",\"@id\":\"https:\/\/dev.invicta.wp19.axome.cc\/es\/#organization\",\"name\":\"Invicta\",\"url\":\"https:\/\/dev.invicta.wp19.axome.cc\/es\/\",\"logo\":{\"@type\":\"ImageObject\",\"inLanguage\":\"es\",\"@id\":\"https:\/\/dev.invicta.wp19.axome.cc\/es\/#\/schema\/logo\/image\/\",\"url\":\"https:\/\/www.invicta.fr\/wp-content\/uploads\/2019\/06\/INVICTALOGO_RVB.png\",\"contentUrl\":\"https:\/\/www.invicta.fr\/wp-content\/uploads\/2019\/06\/INVICTALOGO_RVB.png\",\"width\":1810,\"height\":1280,\"caption\":\"Invicta\"},\"image\":{\"@id\":\"https:\/\/dev.invicta.wp19.axome.cc\/es\/#\/schema\/logo\/image\/\"}},{\"@type\":\"Person\",\"@id\":\"https:\/\/dev.invicta.wp19.axome.cc\/es\/#\/schema\/person\/119046844ea476affd0fd9c352e5ab62\",\"name\":\"wpaxome\",\"image\":{\"@type\":\"ImageObject\",\"inLanguage\":\"es\",\"@id\":\"https:\/\/dev.invicta.wp19.axome.cc\/es\/#\/schema\/person\/image\/\",\"url\":\"https:\/\/secure.gravatar.com\/avatar\/de042c05c2e4e656a3baebd24bc19a3d?s=96&d=mm&r=g\",\"contentUrl\":\"https:\/\/secure.gravatar.com\/avatar\/de042c05c2e4e656a3baebd24bc19a3d?s=96&d=mm&r=g\",\"caption\":\"wpaxome\"}}]}<\/script>\n<!-- \/ Yoast SEO plugin. -->","yoast_head_json":{"title":"El dise\u00f1o democr\u00e1tico - Invicta","description":"Todos tenemos derecho al dise\u00f1o Para Invicta, el dise\u00f1o solo tiene sentido se es accesible para el mayor n\u00famero de personas. No debe estar reservado para","robots":{"index":"index","follow":"follow","max-snippet":"max-snippet:-1","max-image-preview":"max-image-preview:large","max-video-preview":"max-video-preview:-1"},"canonical":"https:\/\/dev.invicta.wp19.axome.cc\/es\/2019\/10\/02\/el-diseno-democratico\/","og_locale":"es_ES","og_type":"article","og_title":"El dise\u00f1o democr\u00e1tico - Invicta","og_description":"Todos tenemos derecho al dise\u00f1o Para Invicta, el dise\u00f1o solo tiene sentido se es accesible para el mayor n\u00famero de personas. No debe estar reservado para","og_url":"https:\/\/dev.invicta.wp19.axome.cc\/es\/2019\/10\/02\/el-diseno-democratico\/","og_site_name":"Invicta","article_published_time":"2019-10-02T07:49:15+00:00","article_modified_time":"2019-10-10T08:28:59+00:00","og_image":[{"width":1920,"height":1080,"url":"https:\/\/dev.invicta.wp19.axome.cc\/wp-content\/uploads\/2019\/06\/push-plugin.jpg","type":"image\/jpeg"}],"author":"wpaxome","twitter_card":"summary_large_image","twitter_misc":{"Escrito por":"wpaxome","Tiempo de lectura":"2 minutos"},"schema":{"@context":"https:\/\/schema.org","@graph":[{"@type":"Article","@id":"https:\/\/dev.invicta.wp19.axome.cc\/es\/2019\/10\/02\/el-diseno-democratico\/#article","isPartOf":{"@id":"https:\/\/dev.invicta.wp19.axome.cc\/es\/2019\/10\/02\/el-diseno-democratico\/"},"author":{"name":"wpaxome","@id":"https:\/\/dev.invicta.wp19.axome.cc\/es\/#\/schema\/person\/119046844ea476affd0fd9c352e5ab62"},"headline":"El dise\u00f1o democr\u00e1tico","datePublished":"2019-10-02T07:49:15+00:00","dateModified":"2019-10-10T08:28:59+00:00","mainEntityOfPage":{"@id":"https:\/\/dev.invicta.wp19.axome.cc\/es\/2019\/10\/02\/el-diseno-democratico\/"},"wordCount":405,"publisher":{"@id":"https:\/\/dev.invicta.wp19.axome.cc\/es\/#organization"},"image":{"@id":"https:\/\/dev.invicta.wp19.axome.cc\/es\/2019\/10\/02\/el-diseno-democratico\/#primaryimage"},"thumbnailUrl":"https:\/\/dev.invicta.wp19.axome.cc\/wp-content\/uploads\/2019\/06\/push-plugin.jpg","articleSection":["Dise\u00f1o para todos"],"inLanguage":"es"},{"@type":"WebPage","@id":"https:\/\/dev.invicta.wp19.axome.cc\/es\/2019\/10\/02\/el-diseno-democratico\/","url":"https:\/\/dev.invicta.wp19.axome.cc\/es\/2019\/10\/02\/el-diseno-democratico\/","name":"El dise\u00f1o democr\u00e1tico - Invicta","isPartOf":{"@id":"https:\/\/dev.invicta.wp19.axome.cc\/es\/#website"},"primaryImageOfPage":{"@id":"https:\/\/dev.invicta.wp19.axome.cc\/es\/2019\/10\/02\/el-diseno-democratico\/#primaryimage"},"image":{"@id":"https:\/\/dev.invicta.wp19.axome.cc\/es\/2019\/10\/02\/el-diseno-democratico\/#primaryimage"},"thumbnailUrl":"https:\/\/dev.invicta.wp19.axome.cc\/wp-content\/uploads\/2019\/06\/push-plugin.jpg","datePublished":"2019-10-02T07:49:15+00:00","dateModified":"2019-10-10T08:28:59+00:00","description":"Todos tenemos derecho al dise\u00f1o Para Invicta, el dise\u00f1o solo tiene sentido se es accesible para el mayor n\u00famero de personas. No debe estar reservado para","breadcrumb":{"@id":"https:\/\/dev.invicta.wp19.axome.cc\/es\/2019\/10\/02\/el-diseno-democratico\/#breadcrumb"},"inLanguage":"es","potentialAction":[{"@type":"ReadAction","target":["https:\/\/dev.invicta.wp19.axome.cc\/es\/2019\/10\/02\/el-diseno-democratico\/"]}]},{"@type":"ImageObject","inLanguage":"es","@id":"https:\/\/dev.invicta.wp19.axome.cc\/es\/2019\/10\/02\/el-diseno-democratico\/#primaryimage","url":"https:\/\/dev.invicta.wp19.axome.cc\/wp-content\/uploads\/2019\/06\/push-plugin.jpg","contentUrl":"https:\/\/dev.invicta.wp19.axome.cc\/wp-content\/uploads\/2019\/06\/push-plugin.jpg","width":1920,"height":1080,"caption":"Po\u00eale \u00e0 granul\u00e9s Invicta Ove Plug-IN"},{"@type":"BreadcrumbList","@id":"https:\/\/dev.invicta.wp19.axome.cc\/es\/2019\/10\/02\/el-diseno-democratico\/#breadcrumb","itemListElement":[{"@type":"ListItem","position":1,"name":"Inicio","item":"https:\/\/dev.invicta.wp19.axome.cc\/es\/"},{"@type":"ListItem","position":2,"name":"Dise\u00f1o para todos","item":"https:\/\/dev.invicta.wp19.axome.cc\/es\/category\/diseno-para-todos\/"},{"@type":"ListItem","position":3,"name":"El dise\u00f1o democr\u00e1tico"}]},{"@type":"WebSite","@id":"https:\/\/dev.invicta.wp19.axome.cc\/es\/#website","url":"https:\/\/dev.invicta.wp19.axome.cc\/es\/","name":"Invicta","description":"Fabricant fran\u00e7ais, sp\u00e9cialiste europ\u00e9en du chauffage au bois : po\u00eales \u00e0 bois et \u00e0 granul\u00e9s, chemin\u00e9es, foyers et inserts","publisher":{"@id":"https:\/\/dev.invicta.wp19.axome.cc\/es\/#organization"},"potentialAction":[{"@type":"SearchAction","target":{"@type":"EntryPoint","urlTemplate":"https:\/\/dev.invicta.wp19.axome.cc\/es\/?s={search_term_string}"},"query-input":{"@type":"PropertyValueSpecification","valueRequired":true,"valueName":"search_term_string"}}],"inLanguage":"es"},{"@type":"Organization","@id":"https:\/\/dev.invicta.wp19.axome.cc\/es\/#organization","name":"Invicta","url":"https:\/\/dev.invicta.wp19.axome.cc\/es\/","logo":{"@type":"ImageObject","inLanguage":"es","@id":"https:\/\/dev.invicta.wp19.axome.cc\/es\/#\/schema\/logo\/image\/","url":"https:\/\/www.invicta.fr\/wp-content\/uploads\/2019\/06\/INVICTALOGO_RVB.png","contentUrl":"https:\/\/www.invicta.fr\/wp-content\/uploads\/2019\/06\/INVICTALOGO_RVB.png","width":1810,"height":1280,"caption":"Invicta"},"image":{"@id":"https:\/\/dev.invicta.wp19.axome.cc\/es\/#\/schema\/logo\/image\/"}},{"@type":"Person","@id":"https:\/\/dev.invicta.wp19.axome.cc\/es\/#\/schema\/person\/119046844ea476affd0fd9c352e5ab62","name":"wpaxome","image":{"@type":"ImageObject","inLanguage":"es","@id":"https:\/\/dev.invicta.wp19.axome.cc\/es\/#\/schema\/person\/image\/","url":"https:\/\/secure.gravatar.com\/avatar\/de042c05c2e4e656a3baebd24bc19a3d?s=96&d=mm&r=g","contentUrl":"https:\/\/secure.gravatar.com\/avatar\/de042c05c2e4e656a3baebd24bc19a3d?s=96&d=mm&r=g","caption":"wpaxome"}}]}},"_links":{"self":[{"href":"https:\/\/dev.invicta.wp19.axome.cc\/es\/wp-json\/wp\/v2\/posts\/27130","targetHints":{"allow":["GET"]}}],"collection":[{"href":"https:\/\/dev.invicta.wp19.axome.cc\/es\/wp-json\/wp\/v2\/posts"}],"about":[{"href":"https:\/\/dev.invicta.wp19.axome.cc\/es\/wp-json\/wp\/v2\/types\/post"}],"author":[{"embeddable":true,"href":"https:\/\/dev.invicta.wp19.axome.cc\/es\/wp-json\/wp\/v2\/users\/225"}],"replies":[{"embeddable":true,"href":"https:\/\/dev.invicta.wp19.axome.cc\/es\/wp-json\/wp\/v2\/comments?post=27130"}],"version-history":[{"count":0,"href":"https:\/\/dev.invicta.wp19.axome.cc\/es\/wp-json\/wp\/v2\/posts\/27130\/revisions"}],"wp:featuredmedia":[{"embeddable":true,"href":"https:\/\/dev.invicta.wp19.axome.cc\/es\/wp-json\/wp\/v2\/media\/20073"}],"wp:attachment":[{"href":"https:\/\/dev.invicta.wp19.axome.cc\/es\/wp-json\/wp\/v2\/media?parent=27130"}],"wp:term":[{"taxonomy":"category","embeddable":true,"href":"https:\/\/dev.invicta.wp19.axome.cc\/es\/wp-json\/wp\/v2\/categories?post=27130"},{"taxonomy":"post_tag","embeddable":true,"href":"https:\/\/dev.invicta.wp19.axome.cc\/es\/wp-json\/wp\/v2\/tags?post=27130"}],"curies":[{"name":"wp","href":"https:\/\/api.w.org\/{rel}","templated":true}]}}