{"id":27202,"date":"2019-10-03T00:59:28","date_gmt":"2019-10-02T22:59:28","guid":{"rendered":"https:\/\/dev.invicta.wp19.axome.cc\/2019\/10\/03\/lena-o-pellets-que-madera-usar-para-calentarse\/"},"modified":"2019-10-10T10:48:18","modified_gmt":"2019-10-10T08:48:18","slug":"lena-o-pellets-que-madera-usar-para-calentarse","status":"publish","type":"post","link":"https:\/\/dev.invicta.wp19.axome.cc\/es\/2019\/10\/03\/lena-o-pellets-que-madera-usar-para-calentarse\/","title":{"rendered":"Le\u00f1a o pellets: \u00bfqu\u00e9 madera usar para calentarse?"},"content":{"rendered":"<p>Ha elegido un sistema de calefacci\u00f3n con madera que combina econom\u00eda, ecolog\u00eda y rendimiento. Pero ahora surge una pregunta: \u00bfqu\u00e9 combustible y, por lo tanto, qu\u00e9 estufa satisface mejor sus necesidades de calefacci\u00f3n? \u00bb. Le\u00f1a o pellets: comparaci\u00f3n entre los 2 tipos de estufa para ayudarle a elegir la m\u00e1s adecuada.<\/p>\n<h2>Los pellets, entre rendimiento y sencillez<\/h2>\n<p>Autonom\u00eda. Gracias a su tanque de gran capacidad, las estufas de pellets no requieren un suministro constante. Adem\u00e1s, algunos modelos pueden programarse e incluso controlarse a distancia, como la estufa de pellets &#8220;Cedrus&#8221; de Invicta.<\/p>\n<p>Suavidad constante. F\u00e1ciles de usar, producen un calor suave y constante durante un largo per\u00edodo de tiempo sin necesidad de intervenir para mantener la llama. La tecnolog\u00eda de la estufa de pellets combina eficiencia y practicidad para conseguir una libertad y flexibilidad mayores.<\/p>\n<p>Calidad del combustible. Adem\u00e1s, los pellets formados de restos de serr\u00edn y virutas de madera ofrecen una excelente calidad de combusti\u00f3n. Gracias a su alta eficiencia energ\u00e9tica, ofrecen una calefacci\u00f3n eficiente y muy agradable.<\/p>\n<p>Mayor rendimiento y precio. Con una eficiencia de entre el 80 y el 90%, las estufas de pellets generalmente superan el rendimiento de los sistemas tradicionales de le\u00f1a. Su autonom\u00eda es tambi\u00e9n mayor. Algunos modelos de Invicta, con un dep\u00f3sito de reserva de 22 kg, permiten disfrutar del calor hasta 36 horas. El precio de las estufas de pellets y de los pellets es m\u00e1s alto.<\/p>\n<p>Advertencia. Si le convencen las estufas de pellets, es aconsejable que antes de cualquier compra compruebe que hay un proveedor de este combustible en su zona.<\/p>\n<h2>Las estufas de le\u00f1a, entre ahorro y est\u00e9tica<\/h2>\n<p>Ambiente. Las estufas de le\u00f1a son las favoritas de toda la familia y siguen seduciendo gracias al sublime espect\u00e1culo de fuego que ofrecen a los ojos. Objetos contempor\u00e1neos de dise\u00f1o y placer, se adaptan a cualquier tipo de interior y est\u00e1n disponibles en muchas formas distintas para dar un ambiente siempre c\u00e1lido.<\/p>\n<p>Precio competitivo. Las estufas de le\u00f1a utilizan un combustible m\u00e1s econ\u00f3mico, ya que est\u00e1 m\u00e1s extendido y es m\u00e1s f\u00e1cil de conseguir que los pellets. En t\u00e9rminos de coste por uso, son las m\u00e1s competitivas del mercado. Rendimiento. Cumpliendo con los requisitos de la etiqueta &#8220;Flamme Verte&#8221;, las estufas de le\u00f1a garantizan una eficiencia energ\u00e9tica de hasta el 80%. Cabe se\u00f1alar que estos aparatos difunden el calor r\u00e1pidamente y no necesitan electricidad para funcionar.<\/p>\n<p>Autonom\u00eda. A diferencia de las estufas de pellets, su autonom\u00eda se limita a unas pocas horas sin intervenci\u00f3n humana. Existe un modo de combusti\u00f3n prolongada que permite volver a encender la estufa f\u00e1cilmente despu\u00e9s de varias horas (como la presencia de brasas por la ma\u00f1ana despu\u00e9s de una noche sin carga).<\/p>\n<p>Autenticidad. Si busca una experiencia aut\u00e9ntica, la estufa de le\u00f1a es la elecci\u00f3n ideal para usted. \u00a1En cambio, deber\u00e1 reavivar la llama con frecuencia!<\/p>\n<p>Advertencia. Antes de instalar una estufa, no olvide buscar un espacio para almacenar la madera protegida de la humedad.<\/p>\n<h3>En resumen&#8230;<\/h3>\n<p><img fetchpriority=\"high\" decoding=\"async\" class=\"alignnone size-full wp-image-22582\" src=\"https:\/\/dev.invicta.wp19.axome.cc\/wp-content\/uploads\/2019\/07\/buches-ou-granules_graphique.jpg\" alt=\"\" width=\"721\" height=\"499\" srcset=\"https:\/\/dev.invicta.wp19.axome.cc\/wp-content\/uploads\/2019\/07\/buches-ou-granules_graphique.jpg 721w, https:\/\/dev.invicta.wp19.axome.cc\/wp-content\/uploads\/2019\/07\/buches-ou-granules_graphique-386x267.jpg 386w, https:\/\/dev.invicta.wp19.axome.cc\/wp-content\/uploads\/2019\/07\/buches-ou-granules_graphique-600x415.jpg 600w\" sizes=\"(max-width: 721px) 100vw, 721px\" \/><\/p>\n<h3>\u00a1Invicta tiene una soluci\u00f3n para los indecisos!<\/h3>\n<p>\u00a1Convi\u00e9rtase en el maestro del fuego optando por ambos combustibles! Invicta le ofrece<strong> una gama de productos <\/strong>que combina las ventajas de ambos combustibles: las estufas mixtas (MIX y AKIMIX). Con una autonom\u00eda de 12 a 18 horas para pellets y un hogar que puede albergar troncos de hasta 38 cm, podr\u00e1 elegir libremente entre un modo de calentamiento automatizado y el ambiente hogare\u00f1o de un fuego de le\u00f1a.<\/p>\n","protected":false},"excerpt":{"rendered":"<p>Ha elegido un sistema de calefacci\u00f3n con madera que combina econom\u00eda, ecolog\u00eda y rendimiento. Pero ahora surge una pregunta: \u00bfqu\u00e9 combustible y, por lo tanto, qu\u00e9 estufa satisface mejor sus necesidades de calefacci\u00f3n? \u00bb. Le\u00f1a o pellets: comparaci\u00f3n entre los 2 tipos de estufa para ayudarle a elegir la m\u00e1s adecuada. Los pellets, entre rendimiento [&hellip;]<\/p>\n","protected":false},"author":225,"featured_media":22567,"comment_status":"closed","ping_status":"open","sticky":false,"template":"","format":"standard","meta":{"_acf_changed":false,"footnotes":""},"categories":[1901],"tags":[],"class_list":{"1":"post","5":"has-post-thumbnail"},"acf":[],"yoast_head":"<!-- This site is optimized with the Yoast SEO plugin v24.7 - https:\/\/yoast.com\/wordpress\/plugins\/seo\/ -->\n<title>Le\u00f1a o pellets: \u00bfqu\u00e9 madera usar para calentarse? - Invicta<\/title>\n<meta name=\"description\" content=\"Ha elegido un sistema de calefacci\u00f3n con madera que combina econom\u00eda, ecolog\u00eda y rendimiento. Pero ahora surge una pregunta: \u00bfqu\u00e9 combustible y, por lo\" \/>\n<meta name=\"robots\" content=\"index, follow, max-snippet:-1, max-image-preview:large, max-video-preview:-1\" \/>\n<link rel=\"canonical\" href=\"https:\/\/dev.invicta.wp19.axome.cc\/es\/2019\/10\/03\/lena-o-pellets-que-madera-usar-para-calentarse\/\" \/>\n<meta property=\"og:locale\" content=\"es_ES\" \/>\n<meta property=\"og:type\" content=\"article\" \/>\n<meta property=\"og:title\" content=\"Le\u00f1a o pellets: \u00bfqu\u00e9 madera usar para calentarse? - Invicta\" \/>\n<meta property=\"og:description\" content=\"Ha elegido un sistema de calefacci\u00f3n con madera que combina econom\u00eda, ecolog\u00eda y rendimiento. Pero ahora surge una pregunta: \u00bfqu\u00e9 combustible y, por lo\" \/>\n<meta property=\"og:url\" content=\"https:\/\/dev.invicta.wp19.axome.cc\/es\/2019\/10\/03\/lena-o-pellets-que-madera-usar-para-calentarse\/\" \/>\n<meta property=\"og:site_name\" content=\"Invicta\" \/>\n<meta property=\"article:published_time\" content=\"2019-10-02T22:59:28+00:00\" \/>\n<meta property=\"article:modified_time\" content=\"2019-10-10T08:48:18+00:00\" \/>\n<meta property=\"og:image\" content=\"https:\/\/dev.invicta.wp19.axome.cc\/wp-content\/uploads\/2019\/07\/buches-ou-granules.jpg\" \/>\n\t<meta property=\"og:image:width\" content=\"716\" \/>\n\t<meta property=\"og:image:height\" content=\"297\" \/>\n\t<meta property=\"og:image:type\" content=\"image\/jpeg\" \/>\n<meta name=\"author\" content=\"wpaxome\" \/>\n<meta name=\"twitter:card\" content=\"summary_large_image\" \/>\n<meta name=\"twitter:label1\" content=\"Escrito por\" \/>\n\t<meta name=\"twitter:data1\" content=\"wpaxome\" \/>\n\t<meta name=\"twitter:label2\" content=\"Tiempo de lectura\" \/>\n\t<meta name=\"twitter:data2\" content=\"3 minutos\" \/>\n<script type=\"application\/ld+json\" class=\"yoast-schema-graph\">{\"@context\":\"https:\/\/schema.org\",\"@graph\":[{\"@type\":\"Article\",\"@id\":\"https:\/\/dev.invicta.wp19.axome.cc\/es\/2019\/10\/03\/lena-o-pellets-que-madera-usar-para-calentarse\/#article\",\"isPartOf\":{\"@id\":\"https:\/\/dev.invicta.wp19.axome.cc\/es\/2019\/10\/03\/lena-o-pellets-que-madera-usar-para-calentarse\/\"},\"author\":{\"name\":\"wpaxome\",\"@id\":\"https:\/\/dev.invicta.wp19.axome.cc\/es\/#\/schema\/person\/119046844ea476affd0fd9c352e5ab62\"},\"headline\":\"Le\u00f1a o pellets: \u00bfqu\u00e9 madera usar para calentarse?\",\"datePublished\":\"2019-10-02T22:59:28+00:00\",\"dateModified\":\"2019-10-10T08:48:18+00:00\",\"mainEntityOfPage\":{\"@id\":\"https:\/\/dev.invicta.wp19.axome.cc\/es\/2019\/10\/03\/lena-o-pellets-que-madera-usar-para-calentarse\/\"},\"wordCount\":624,\"publisher\":{\"@id\":\"https:\/\/dev.invicta.wp19.axome.cc\/es\/#organization\"},\"image\":{\"@id\":\"https:\/\/dev.invicta.wp19.axome.cc\/es\/2019\/10\/03\/lena-o-pellets-que-madera-usar-para-calentarse\/#primaryimage\"},\"thumbnailUrl\":\"https:\/\/dev.invicta.wp19.axome.cc\/wp-content\/uploads\/2019\/07\/buches-ou-granules.jpg\",\"articleSection\":[\"Consejos\"],\"inLanguage\":\"es\"},{\"@type\":\"WebPage\",\"@id\":\"https:\/\/dev.invicta.wp19.axome.cc\/es\/2019\/10\/03\/lena-o-pellets-que-madera-usar-para-calentarse\/\",\"url\":\"https:\/\/dev.invicta.wp19.axome.cc\/es\/2019\/10\/03\/lena-o-pellets-que-madera-usar-para-calentarse\/\",\"name\":\"Le\u00f1a o pellets: \u00bfqu\u00e9 madera usar para calentarse? - Invicta\",\"isPartOf\":{\"@id\":\"https:\/\/dev.invicta.wp19.axome.cc\/es\/#website\"},\"primaryImageOfPage\":{\"@id\":\"https:\/\/dev.invicta.wp19.axome.cc\/es\/2019\/10\/03\/lena-o-pellets-que-madera-usar-para-calentarse\/#primaryimage\"},\"image\":{\"@id\":\"https:\/\/dev.invicta.wp19.axome.cc\/es\/2019\/10\/03\/lena-o-pellets-que-madera-usar-para-calentarse\/#primaryimage\"},\"thumbnailUrl\":\"https:\/\/dev.invicta.wp19.axome.cc\/wp-content\/uploads\/2019\/07\/buches-ou-granules.jpg\",\"datePublished\":\"2019-10-02T22:59:28+00:00\",\"dateModified\":\"2019-10-10T08:48:18+00:00\",\"description\":\"Ha elegido un sistema de calefacci\u00f3n con madera que combina econom\u00eda, ecolog\u00eda y rendimiento. Pero ahora surge una pregunta: \u00bfqu\u00e9 combustible y, por lo\",\"breadcrumb\":{\"@id\":\"https:\/\/dev.invicta.wp19.axome.cc\/es\/2019\/10\/03\/lena-o-pellets-que-madera-usar-para-calentarse\/#breadcrumb\"},\"inLanguage\":\"es\",\"potentialAction\":[{\"@type\":\"ReadAction\",\"target\":[\"https:\/\/dev.invicta.wp19.axome.cc\/es\/2019\/10\/03\/lena-o-pellets-que-madera-usar-para-calentarse\/\"]}]},{\"@type\":\"ImageObject\",\"inLanguage\":\"es\",\"@id\":\"https:\/\/dev.invicta.wp19.axome.cc\/es\/2019\/10\/03\/lena-o-pellets-que-madera-usar-para-calentarse\/#primaryimage\",\"url\":\"https:\/\/dev.invicta.wp19.axome.cc\/wp-content\/uploads\/2019\/07\/buches-ou-granules.jpg\",\"contentUrl\":\"https:\/\/dev.invicta.wp19.axome.cc\/wp-content\/uploads\/2019\/07\/buches-ou-granules.jpg\",\"width\":716,\"height\":297,\"caption\":\"granul\u00e9s de bois\"},{\"@type\":\"BreadcrumbList\",\"@id\":\"https:\/\/dev.invicta.wp19.axome.cc\/es\/2019\/10\/03\/lena-o-pellets-que-madera-usar-para-calentarse\/#breadcrumb\",\"itemListElement\":[{\"@type\":\"ListItem\",\"position\":1,\"name\":\"Inicio\",\"item\":\"https:\/\/dev.invicta.wp19.axome.cc\/es\/\"},{\"@type\":\"ListItem\",\"position\":2,\"name\":\"Consejos\",\"item\":\"https:\/\/dev.invicta.wp19.axome.cc\/es\/category\/consejos\/\"},{\"@type\":\"ListItem\",\"position\":3,\"name\":\"Le\u00f1a o pellets: \u00bfqu\u00e9 madera usar para calentarse?\"}]},{\"@type\":\"WebSite\",\"@id\":\"https:\/\/dev.invicta.wp19.axome.cc\/es\/#website\",\"url\":\"https:\/\/dev.invicta.wp19.axome.cc\/es\/\",\"name\":\"Invicta\",\"description\":\"Fabricant fran\u00e7ais, sp\u00e9cialiste europ\u00e9en du chauffage au bois : po\u00eales \u00e0 bois et \u00e0 granul\u00e9s, chemin\u00e9es, foyers et inserts\",\"publisher\":{\"@id\":\"https:\/\/dev.invicta.wp19.axome.cc\/es\/#organization\"},\"potentialAction\":[{\"@type\":\"SearchAction\",\"target\":{\"@type\":\"EntryPoint\",\"urlTemplate\":\"https:\/\/dev.invicta.wp19.axome.cc\/es\/?s={search_term_string}\"},\"query-input\":{\"@type\":\"PropertyValueSpecification\",\"valueRequired\":true,\"valueName\":\"search_term_string\"}}],\"inLanguage\":\"es\"},{\"@type\":\"Organization\",\"@id\":\"https:\/\/dev.invicta.wp19.axome.cc\/es\/#organization\",\"name\":\"Invicta\",\"url\":\"https:\/\/dev.invicta.wp19.axome.cc\/es\/\",\"logo\":{\"@type\":\"ImageObject\",\"inLanguage\":\"es\",\"@id\":\"https:\/\/dev.invicta.wp19.axome.cc\/es\/#\/schema\/logo\/image\/\",\"url\":\"https:\/\/www.invicta.fr\/wp-content\/uploads\/2019\/06\/INVICTALOGO_RVB.png\",\"contentUrl\":\"https:\/\/www.invicta.fr\/wp-content\/uploads\/2019\/06\/INVICTALOGO_RVB.png\",\"width\":1810,\"height\":1280,\"caption\":\"Invicta\"},\"image\":{\"@id\":\"https:\/\/dev.invicta.wp19.axome.cc\/es\/#\/schema\/logo\/image\/\"}},{\"@type\":\"Person\",\"@id\":\"https:\/\/dev.invicta.wp19.axome.cc\/es\/#\/schema\/person\/119046844ea476affd0fd9c352e5ab62\",\"name\":\"wpaxome\",\"image\":{\"@type\":\"ImageObject\",\"inLanguage\":\"es\",\"@id\":\"https:\/\/dev.invicta.wp19.axome.cc\/es\/#\/schema\/person\/image\/\",\"url\":\"https:\/\/secure.gravatar.com\/avatar\/de042c05c2e4e656a3baebd24bc19a3d?s=96&d=mm&r=g\",\"contentUrl\":\"https:\/\/secure.gravatar.com\/avatar\/de042c05c2e4e656a3baebd24bc19a3d?s=96&d=mm&r=g\",\"caption\":\"wpaxome\"}}]}<\/script>\n<!-- \/ Yoast SEO plugin. -->","yoast_head_json":{"title":"Le\u00f1a o pellets: \u00bfqu\u00e9 madera usar para calentarse? - Invicta","description":"Ha elegido un sistema de calefacci\u00f3n con madera que combina econom\u00eda, ecolog\u00eda y rendimiento. Pero ahora surge una pregunta: \u00bfqu\u00e9 combustible y, por lo","robots":{"index":"index","follow":"follow","max-snippet":"max-snippet:-1","max-image-preview":"max-image-preview:large","max-video-preview":"max-video-preview:-1"},"canonical":"https:\/\/dev.invicta.wp19.axome.cc\/es\/2019\/10\/03\/lena-o-pellets-que-madera-usar-para-calentarse\/","og_locale":"es_ES","og_type":"article","og_title":"Le\u00f1a o pellets: \u00bfqu\u00e9 madera usar para calentarse? - Invicta","og_description":"Ha elegido un sistema de calefacci\u00f3n con madera que combina econom\u00eda, ecolog\u00eda y rendimiento. Pero ahora surge una pregunta: \u00bfqu\u00e9 combustible y, por lo","og_url":"https:\/\/dev.invicta.wp19.axome.cc\/es\/2019\/10\/03\/lena-o-pellets-que-madera-usar-para-calentarse\/","og_site_name":"Invicta","article_published_time":"2019-10-02T22:59:28+00:00","article_modified_time":"2019-10-10T08:48:18+00:00","og_image":[{"width":716,"height":297,"url":"https:\/\/dev.invicta.wp19.axome.cc\/wp-content\/uploads\/2019\/07\/buches-ou-granules.jpg","type":"image\/jpeg"}],"author":"wpaxome","twitter_card":"summary_large_image","twitter_misc":{"Escrito por":"wpaxome","Tiempo de lectura":"3 minutos"},"schema":{"@context":"https:\/\/schema.org","@graph":[{"@type":"Article","@id":"https:\/\/dev.invicta.wp19.axome.cc\/es\/2019\/10\/03\/lena-o-pellets-que-madera-usar-para-calentarse\/#article","isPartOf":{"@id":"https:\/\/dev.invicta.wp19.axome.cc\/es\/2019\/10\/03\/lena-o-pellets-que-madera-usar-para-calentarse\/"},"author":{"name":"wpaxome","@id":"https:\/\/dev.invicta.wp19.axome.cc\/es\/#\/schema\/person\/119046844ea476affd0fd9c352e5ab62"},"headline":"Le\u00f1a o pellets: \u00bfqu\u00e9 madera usar para calentarse?","datePublished":"2019-10-02T22:59:28+00:00","dateModified":"2019-10-10T08:48:18+00:00","mainEntityOfPage":{"@id":"https:\/\/dev.invicta.wp19.axome.cc\/es\/2019\/10\/03\/lena-o-pellets-que-madera-usar-para-calentarse\/"},"wordCount":624,"publisher":{"@id":"https:\/\/dev.invicta.wp19.axome.cc\/es\/#organization"},"image":{"@id":"https:\/\/dev.invicta.wp19.axome.cc\/es\/2019\/10\/03\/lena-o-pellets-que-madera-usar-para-calentarse\/#primaryimage"},"thumbnailUrl":"https:\/\/dev.invicta.wp19.axome.cc\/wp-content\/uploads\/2019\/07\/buches-ou-granules.jpg","articleSection":["Consejos"],"inLanguage":"es"},{"@type":"WebPage","@id":"https:\/\/dev.invicta.wp19.axome.cc\/es\/2019\/10\/03\/lena-o-pellets-que-madera-usar-para-calentarse\/","url":"https:\/\/dev.invicta.wp19.axome.cc\/es\/2019\/10\/03\/lena-o-pellets-que-madera-usar-para-calentarse\/","name":"Le\u00f1a o pellets: \u00bfqu\u00e9 madera usar para calentarse? - Invicta","isPartOf":{"@id":"https:\/\/dev.invicta.wp19.axome.cc\/es\/#website"},"primaryImageOfPage":{"@id":"https:\/\/dev.invicta.wp19.axome.cc\/es\/2019\/10\/03\/lena-o-pellets-que-madera-usar-para-calentarse\/#primaryimage"},"image":{"@id":"https:\/\/dev.invicta.wp19.axome.cc\/es\/2019\/10\/03\/lena-o-pellets-que-madera-usar-para-calentarse\/#primaryimage"},"thumbnailUrl":"https:\/\/dev.invicta.wp19.axome.cc\/wp-content\/uploads\/2019\/07\/buches-ou-granules.jpg","datePublished":"2019-10-02T22:59:28+00:00","dateModified":"2019-10-10T08:48:18+00:00","description":"Ha elegido un sistema de calefacci\u00f3n con madera que combina econom\u00eda, ecolog\u00eda y rendimiento. Pero ahora surge una pregunta: \u00bfqu\u00e9 combustible y, por lo","breadcrumb":{"@id":"https:\/\/dev.invicta.wp19.axome.cc\/es\/2019\/10\/03\/lena-o-pellets-que-madera-usar-para-calentarse\/#breadcrumb"},"inLanguage":"es","potentialAction":[{"@type":"ReadAction","target":["https:\/\/dev.invicta.wp19.axome.cc\/es\/2019\/10\/03\/lena-o-pellets-que-madera-usar-para-calentarse\/"]}]},{"@type":"ImageObject","inLanguage":"es","@id":"https:\/\/dev.invicta.wp19.axome.cc\/es\/2019\/10\/03\/lena-o-pellets-que-madera-usar-para-calentarse\/#primaryimage","url":"https:\/\/dev.invicta.wp19.axome.cc\/wp-content\/uploads\/2019\/07\/buches-ou-granules.jpg","contentUrl":"https:\/\/dev.invicta.wp19.axome.cc\/wp-content\/uploads\/2019\/07\/buches-ou-granules.jpg","width":716,"height":297,"caption":"granul\u00e9s de bois"},{"@type":"BreadcrumbList","@id":"https:\/\/dev.invicta.wp19.axome.cc\/es\/2019\/10\/03\/lena-o-pellets-que-madera-usar-para-calentarse\/#breadcrumb","itemListElement":[{"@type":"ListItem","position":1,"name":"Inicio","item":"https:\/\/dev.invicta.wp19.axome.cc\/es\/"},{"@type":"ListItem","position":2,"name":"Consejos","item":"https:\/\/dev.invicta.wp19.axome.cc\/es\/category\/consejos\/"},{"@type":"ListItem","position":3,"name":"Le\u00f1a o pellets: \u00bfqu\u00e9 madera usar para calentarse?"}]},{"@type":"WebSite","@id":"https:\/\/dev.invicta.wp19.axome.cc\/es\/#website","url":"https:\/\/dev.invicta.wp19.axome.cc\/es\/","name":"Invicta","description":"Fabricant fran\u00e7ais, sp\u00e9cialiste europ\u00e9en du chauffage au bois : po\u00eales \u00e0 bois et \u00e0 granul\u00e9s, chemin\u00e9es, foyers et inserts","publisher":{"@id":"https:\/\/dev.invicta.wp19.axome.cc\/es\/#organization"},"potentialAction":[{"@type":"SearchAction","target":{"@type":"EntryPoint","urlTemplate":"https:\/\/dev.invicta.wp19.axome.cc\/es\/?s={search_term_string}"},"query-input":{"@type":"PropertyValueSpecification","valueRequired":true,"valueName":"search_term_string"}}],"inLanguage":"es"},{"@type":"Organization","@id":"https:\/\/dev.invicta.wp19.axome.cc\/es\/#organization","name":"Invicta","url":"https:\/\/dev.invicta.wp19.axome.cc\/es\/","logo":{"@type":"ImageObject","inLanguage":"es","@id":"https:\/\/dev.invicta.wp19.axome.cc\/es\/#\/schema\/logo\/image\/","url":"https:\/\/www.invicta.fr\/wp-content\/uploads\/2019\/06\/INVICTALOGO_RVB.png","contentUrl":"https:\/\/www.invicta.fr\/wp-content\/uploads\/2019\/06\/INVICTALOGO_RVB.png","width":1810,"height":1280,"caption":"Invicta"},"image":{"@id":"https:\/\/dev.invicta.wp19.axome.cc\/es\/#\/schema\/logo\/image\/"}},{"@type":"Person","@id":"https:\/\/dev.invicta.wp19.axome.cc\/es\/#\/schema\/person\/119046844ea476affd0fd9c352e5ab62","name":"wpaxome","image":{"@type":"ImageObject","inLanguage":"es","@id":"https:\/\/dev.invicta.wp19.axome.cc\/es\/#\/schema\/person\/image\/","url":"https:\/\/secure.gravatar.com\/avatar\/de042c05c2e4e656a3baebd24bc19a3d?s=96&d=mm&r=g","contentUrl":"https:\/\/secure.gravatar.com\/avatar\/de042c05c2e4e656a3baebd24bc19a3d?s=96&d=mm&r=g","caption":"wpaxome"}}]}},"_links":{"self":[{"href":"https:\/\/dev.invicta.wp19.axome.cc\/es\/wp-json\/wp\/v2\/posts\/27202","targetHints":{"allow":["GET"]}}],"collection":[{"href":"https:\/\/dev.invicta.wp19.axome.cc\/es\/wp-json\/wp\/v2\/posts"}],"about":[{"href":"https:\/\/dev.invicta.wp19.axome.cc\/es\/wp-json\/wp\/v2\/types\/post"}],"author":[{"embeddable":true,"href":"https:\/\/dev.invicta.wp19.axome.cc\/es\/wp-json\/wp\/v2\/users\/225"}],"replies":[{"embeddable":true,"href":"https:\/\/dev.invicta.wp19.axome.cc\/es\/wp-json\/wp\/v2\/comments?post=27202"}],"version-history":[{"count":0,"href":"https:\/\/dev.invicta.wp19.axome.cc\/es\/wp-json\/wp\/v2\/posts\/27202\/revisions"}],"wp:featuredmedia":[{"embeddable":true,"href":"https:\/\/dev.invicta.wp19.axome.cc\/es\/wp-json\/wp\/v2\/media\/22567"}],"wp:attachment":[{"href":"https:\/\/dev.invicta.wp19.axome.cc\/es\/wp-json\/wp\/v2\/media?parent=27202"}],"wp:term":[{"taxonomy":"category","embeddable":true,"href":"https:\/\/dev.invicta.wp19.axome.cc\/es\/wp-json\/wp\/v2\/categories?post=27202"},{"taxonomy":"post_tag","embeddable":true,"href":"https:\/\/dev.invicta.wp19.axome.cc\/es\/wp-json\/wp\/v2\/tags?post=27202"}],"curies":[{"name":"wp","href":"https:\/\/api.w.org\/{rel}","templated":true}]}}