{"id":2030,"date":"2020-10-22T16:01:27","date_gmt":"2020-10-22T14:01:27","guid":{"rendered":"https:\/\/dev.invicta.wp19.axome.cc\/?p=2030"},"modified":"2023-09-06T09:40:52","modified_gmt":"2023-09-06T07:40:52","slug":"nouveautes-invicta-poeles-bois-contemporains-en-acier","status":"publish","type":"post","link":"https:\/\/dev.invicta.wp19.axome.cc\/fr\/2020\/10\/22\/nouveautes-invicta-poeles-bois-contemporains-en-acier\/","title":{"rendered":"Nouveaux po\u00eales \u00e0 bois acier contemporains et performants"},"content":{"rendered":"\t\t<div data-elementor-type=\"wp-post\" data-elementor-id=\"2030\" class=\"elementor elementor-2030\" data-elementor-post-type=\"post\">\n\t\t\t\t\t\t<section class=\"elementor-section elementor-top-section elementor-element elementor-element-1e405404 elementor-section-boxed elementor-section-height-default elementor-section-height-default\" data-id=\"1e405404\" data-element_type=\"section\">\n\t\t\t\t\t\t<div class=\"elementor-container elementor-column-gap-default\">\n\t\t\t\t\t<div class=\"elementor-column elementor-col-100 elementor-top-column elementor-element elementor-element-42adcaa8\" data-id=\"42adcaa8\" data-element_type=\"column\">\n\t\t\t<div class=\"elementor-widget-wrap elementor-element-populated\">\n\t\t\t\t\t\t<div class=\"elementor-element elementor-element-4520452d elementor-widget elementor-widget-text-editor\" data-id=\"4520452d\" data-element_type=\"widget\" data-widget_type=\"text-editor.default\">\n\t\t\t\t<div class=\"elementor-widget-container\">\n\t\t\t\t\t\t\t\t\t<h1>Rendez-vous avec le design et l&#8217;efficacit\u00e9 thermique.<\/h1><p>La marque se renouvelle, tout d&#8217;abord, avec deux nouveaux po\u00eales \u00e0 bois acier au look minimaliste : <a rel=\"noopener\" href=\"https:\/\/dev.invicta.wp19.axome.cc\/fr\/produit\/poele-acier-boree\/\" target=\"_blank\">Bor\u00e9e<\/a> et <a rel=\"noopener\" href=\"https:\/\/dev.invicta.wp19.axome.cc\/fr\/produit\/poele-acier-euros-raccordable\/\" target=\"_blank\">Euros<\/a>. Ces po\u00eales sont de <strong>faible encombrement<\/strong> et de <strong>petites puissances.\u00a0<\/strong>Ils se feront donc une place dans tous les types d&#8217;habitat.<\/p><p>Un po\u00eale \u00e0 bois \u00e9tanche de forme elliptique vient ensuite compl\u00e9ter ce nouvel assortiment : <a rel=\"noopener\" href=\"https:\/\/dev.invicta.wp19.axome.cc\/fr\/produit\/poele-acier-et-fonte-calcias-etanche\/\" target=\"_blank\">Calcias<\/a>. Il r\u00e9pond aux exigences des maisons tr\u00e8s isol\u00e9es de derni\u00e8re g\u00e9n\u00e9ration. Enfin, une <strong>nouvelle version<\/strong> du mod\u00e8le Neosen 3V donne la possibilit\u00e9 de raccorder l&#8217;arriv\u00e9e d&#8217;air frais directement sur ce magnifique po\u00eale \u00e0 bois acier aux c\u00f4t\u00e9s vitr\u00e9s.<\/p><ul><li><h2>Style a\u00e9rien : <a rel=\"noopener\" href=\"https:\/\/dev.invicta.wp19.axome.cc\/fr\/produit\/poele-acier-boree\/\" target=\"_blank\">po\u00eale acier <strong>Bor\u00e9e<\/strong><\/a>.<\/h2><\/li><\/ul><p>Foyer acier habill\u00e9 de vermiculite haute densit\u00e9. B\u00fbcher acier. D\u00e9part des fum\u00e9es dessus \u00f8153 mm. B\u00fbches 40 cm. Puissance 7,5 kW et surface de chauffe 30 \u00e0 70 m\u00b2.<\/p><ul><li><h2>Design \u00e9pur\u00e9 : <a href=\"https:\/\/dev.invicta.wp19.axome.cc\/fr\/produit\/poele-acier-euros-raccordable\/\">p<strong>o\u00eale acier Euros raccordable.<\/strong><\/a><\/h2><\/li><\/ul><p>Foyer acier habill\u00e9 de vermiculite haute densit\u00e9. D\u00e9part des fum\u00e9es dessus \u00f8153 mm. B\u00fbches 52 cm. Puissance 8 kW et surface de chauffe 70 m\u00b2.<\/p><ul><li><h2>Tout en rondeur : <strong><a rel=\"noopener\" href=\"https:\/\/dev.invicta.wp19.axome.cc\/fr\/produit\/poele-acier-et-fonte-calcias-etanche\/\" target=\"_blank\">po\u00eale fonte et acier Calcias \u00e9tanche<\/a>.<br \/><\/strong><\/h2><\/li><\/ul><p>Foyer fonte habill\u00e9 de vermiculite haute densit\u00e9. B\u00fbcher acier. D\u00e9part fum\u00e9es dessus\/arri\u00e8re \u00f8153 mm. B\u00fbches 50 cm. Puissance 9 kW et surface de chauffe 80 m\u00b2.<\/p><ul><li><h2>Spectacle \u00e0 180\u00b0 : <a rel=\"noopener\" href=\"https:\/\/dev.invicta.wp19.axome.cc\/fr\/produit\/poele-a-bois-en-acier-neosen-plus-3-cotes-vitres-raccordable\/\" target=\"_blank\"><strong>po\u00eale acier Neosen Plus 3 vitres raccordable<\/strong><\/a>.<\/h2><\/li><\/ul><p>Foyer acier habill\u00e9 de pi\u00e8ces en fonte. Dessus et porte en fonte. Poign\u00e9e amovible.\u00a0 B\u00fbcher acier. D\u00e9part des fum\u00e9es dessus \u00f8150 mm. B\u00fbches 40 cm. Puissance 8 kW et surface de chauffe 400 \u00e0 100 m\u00b2.<\/p>\t\t\t\t\t\t\t\t<\/div>\n\t\t\t\t<\/div>\n\t\t\t\t\t<\/div>\n\t\t<\/div>\n\t\t\t\t\t<\/div>\n\t\t<\/section>\n\t\t\t\t<section class=\"elementor-section elementor-top-section elementor-element elementor-element-da17ecb elementor-section-boxed elementor-section-height-default elementor-section-height-default\" data-id=\"da17ecb\" data-element_type=\"section\">\n\t\t\t\t\t\t<div class=\"elementor-container elementor-column-gap-default\">\n\t\t\t\t\t<div class=\"elementor-column elementor-col-100 elementor-top-column elementor-element elementor-element-d11c51c\" data-id=\"d11c51c\" data-element_type=\"column\">\n\t\t\t<div class=\"elementor-widget-wrap elementor-element-populated\">\n\t\t\t\t\t\t<div class=\"elementor-element elementor-element-41e5e05 elementor-widget elementor-widget-gallery\" data-id=\"41e5e05\" data-element_type=\"widget\" data-settings=\"{&quot;gallery_layout&quot;:&quot;justified&quot;,&quot;overlay_description&quot;:&quot;caption&quot;,&quot;lazyload&quot;:&quot;yes&quot;,&quot;ideal_row_height&quot;:{&quot;unit&quot;:&quot;px&quot;,&quot;size&quot;:200,&quot;sizes&quot;:[]},&quot;ideal_row_height_tablet&quot;:{&quot;unit&quot;:&quot;px&quot;,&quot;size&quot;:150,&quot;sizes&quot;:[]},&quot;ideal_row_height_mobile&quot;:{&quot;unit&quot;:&quot;px&quot;,&quot;size&quot;:150,&quot;sizes&quot;:[]},&quot;gap&quot;:{&quot;unit&quot;:&quot;px&quot;,&quot;size&quot;:10,&quot;sizes&quot;:[]},&quot;gap_tablet&quot;:{&quot;unit&quot;:&quot;px&quot;,&quot;size&quot;:10,&quot;sizes&quot;:[]},&quot;gap_mobile&quot;:{&quot;unit&quot;:&quot;px&quot;,&quot;size&quot;:10,&quot;sizes&quot;:[]},&quot;link_to&quot;:&quot;file&quot;,&quot;overlay_background&quot;:&quot;yes&quot;,&quot;content_hover_animation&quot;:&quot;fade-in&quot;}\" data-widget_type=\"gallery.default\">\n\t\t\t\t<div class=\"elementor-widget-container\">\n\t\t\t\t\t\t\t<div class=\"elementor-gallery__container\">\n\t\t\t\t\t\t\t<a class=\"e-gallery-item elementor-gallery-item elementor-animated-content\" href=\"https:\/\/dev.invicta.wp19.axome.cc\/wp-content\/uploads\/2020\/09\/C-BOREE-flammes-web.jpg\" data-elementor-open-lightbox=\"yes\" data-elementor-lightbox-slideshow=\"41e5e05\" data-elementor-lightbox-title=\"C-BOREE-flammes-web\" data-e-action-hash=\"#elementor-action%3Aaction%3Dlightbox%26settings%3DeyJpZCI6Mzg2MTYsInVybCI6Imh0dHBzOlwvXC9kZXYuaW52aWN0YS53cDE5LmF4b21lLmNjXC93cC1jb250ZW50XC91cGxvYWRzXC8yMDIwXC8wOVwvQy1CT1JFRS1mbGFtbWVzLXdlYi5qcGciLCJzbGlkZXNob3ciOiI0MWU1ZTA1In0%3D\">\n\t\t\t\t\t<div class=\"e-gallery-image elementor-gallery-item__image\" data-thumbnail=\"https:\/\/dev.invicta.wp19.axome.cc\/wp-content\/uploads\/2020\/09\/C-BOREE-flammes-web-273x386.jpg\" data-width=\"273\" data-height=\"386\" aria-label=\"Po\u00eale \u00e0 bois acier Bor\u00e9e - Invicta - 7,5 kW\" role=\"img\" ><\/div>\n\t\t\t\t\t\t\t\t\t\t\t<div class=\"elementor-gallery-item__overlay\"><\/div>\n\t\t\t\t\t\t\t\t\t\t\t\t\t\t\t<div class=\"elementor-gallery-item__content\">\n\t\t\t\t\t\t\t\t\t\t\t\t\t\t<div class=\"elementor-gallery-item__description\">\n\t\t\t\t\t\t\t\t\t\t\t\t\t\t\t\t\t\tBor\u00e9e - 7,5 kW \t\t\t\t\t\t\t\t<\/div>\n\t\t\t\t\t\t\t\t\t\t\t\t<\/div>\n\t\t\t\t\t\t\t\t\t<\/a>\n\t\t\t\t\t\t\t<a class=\"e-gallery-item elementor-gallery-item elementor-animated-content\" href=\"https:\/\/dev.invicta.wp19.axome.cc\/wp-content\/uploads\/2020\/09\/C-EUROS-flammes-web.jpg\" data-elementor-open-lightbox=\"yes\" data-elementor-lightbox-slideshow=\"41e5e05\" data-elementor-lightbox-title=\"C-EUROS-flammes-web\" data-e-action-hash=\"#elementor-action%3Aaction%3Dlightbox%26settings%3DeyJpZCI6Mzg2MDgsInVybCI6Imh0dHBzOlwvXC9kZXYuaW52aWN0YS53cDE5LmF4b21lLmNjXC93cC1jb250ZW50XC91cGxvYWRzXC8yMDIwXC8wOVwvQy1FVVJPUy1mbGFtbWVzLXdlYi5qcGciLCJzbGlkZXNob3ciOiI0MWU1ZTA1In0%3D\">\n\t\t\t\t\t<div class=\"e-gallery-image elementor-gallery-item__image\" data-thumbnail=\"https:\/\/dev.invicta.wp19.axome.cc\/wp-content\/uploads\/2020\/09\/C-EUROS-flammes-web-355x386.jpg\" data-width=\"355\" data-height=\"386\" aria-label=\"Po\u00eale \u00e0 bois acier - Euros - Invicta - 8 kW\" role=\"img\" ><\/div>\n\t\t\t\t\t\t\t\t\t\t\t<div class=\"elementor-gallery-item__overlay\"><\/div>\n\t\t\t\t\t\t\t\t\t\t\t\t\t\t\t<div class=\"elementor-gallery-item__content\">\n\t\t\t\t\t\t\t\t\t\t\t\t\t\t<div class=\"elementor-gallery-item__description\">\n\t\t\t\t\t\t\t\t\t\t\t\t\t\t\t\t\t\tEuros raccordable - 8 kW\t\t\t\t\t\t\t\t<\/div>\n\t\t\t\t\t\t\t\t\t\t\t\t<\/div>\n\t\t\t\t\t\t\t\t\t<\/a>\n\t\t\t\t\t\t\t<a class=\"e-gallery-item elementor-gallery-item elementor-animated-content\" href=\"https:\/\/dev.invicta.wp19.axome.cc\/wp-content\/uploads\/2020\/09\/C-CALCIAS-flammes-web.jpg\" data-elementor-open-lightbox=\"yes\" data-elementor-lightbox-slideshow=\"41e5e05\" data-elementor-lightbox-title=\"C-CALCIAS-flammes-web\" data-e-action-hash=\"#elementor-action%3Aaction%3Dlightbox%26settings%3DeyJpZCI6Mzg2MDQsInVybCI6Imh0dHBzOlwvXC9kZXYuaW52aWN0YS53cDE5LmF4b21lLmNjXC93cC1jb250ZW50XC91cGxvYWRzXC8yMDIwXC8wOVwvQy1DQUxDSUFTLWZsYW1tZXMtd2ViLmpwZyIsInNsaWRlc2hvdyI6IjQxZTVlMDUifQ%3D%3D\">\n\t\t\t\t\t<div class=\"e-gallery-image elementor-gallery-item__image\" data-thumbnail=\"https:\/\/dev.invicta.wp19.axome.cc\/wp-content\/uploads\/2020\/09\/C-CALCIAS-flammes-web-325x386.jpg\" data-width=\"325\" data-height=\"386\" aria-label=\"Po\u00eale \u00e0 bois fonte + b\u00fbcher acier - Calcias - Invicta - 9 kW\" role=\"img\" ><\/div>\n\t\t\t\t\t\t\t\t\t\t\t<div class=\"elementor-gallery-item__overlay\"><\/div>\n\t\t\t\t\t\t\t\t\t\t\t\t\t\t\t<div class=\"elementor-gallery-item__content\">\n\t\t\t\t\t\t\t\t\t\t\t\t\t\t<div class=\"elementor-gallery-item__description\">\n\t\t\t\t\t\t\t\t\t\t\t\t\t\t\t\t\t\tCalcias \u00e9tanche - fonte b\u00fbcher acier - 9 kW\t\t\t\t\t\t\t\t<\/div>\n\t\t\t\t\t\t\t\t\t\t\t\t<\/div>\n\t\t\t\t\t\t\t\t\t<\/a>\n\t\t\t\t\t\t\t<a class=\"e-gallery-item elementor-gallery-item elementor-animated-content\" href=\"https:\/\/dev.invicta.wp19.axome.cc\/wp-content\/uploads\/2021\/08\/C-NEOSEN-3V-PLUS-web.jpg\" data-elementor-open-lightbox=\"yes\" data-elementor-lightbox-slideshow=\"41e5e05\" data-elementor-lightbox-title=\"C-NEOSEN-3V-PLUS-web\" data-e-action-hash=\"#elementor-action%3Aaction%3Dlightbox%26settings%3DeyJpZCI6NTcwNDUsInVybCI6Imh0dHBzOlwvXC9kZXYuaW52aWN0YS53cDE5LmF4b21lLmNjXC93cC1jb250ZW50XC91cGxvYWRzXC8yMDIxXC8wOFwvQy1ORU9TRU4tM1YtUExVUy13ZWIuanBnIiwic2xpZGVzaG93IjoiNDFlNWUwNSJ9\">\n\t\t\t\t\t<div class=\"e-gallery-image elementor-gallery-item__image\" data-thumbnail=\"https:\/\/dev.invicta.wp19.axome.cc\/wp-content\/uploads\/2021\/08\/C-NEOSEN-3V-PLUS-web.jpg\" data-width=\"257\" data-height=\"386\" aria-label=\"Po\u00eale \u00e0 bois en acier Neosen Plus 3 vitres Invicta\" role=\"img\" ><\/div>\n\t\t\t\t\t\t\t\t\t\t\t<div class=\"elementor-gallery-item__overlay\"><\/div>\n\t\t\t\t\t\t\t\t\t\t\t\t\t\t\t<div class=\"elementor-gallery-item__content\">\n\t\t\t\t\t\t\t\t\t\t\t\t\t\t<div class=\"elementor-gallery-item__description\">\n\t\t\t\t\t\t\t\t\t\t\t\t\t\t\t\t\t\tNeosen Plus 3 vitres - 8 kW\t\t\t\t\t\t\t\t<\/div>\n\t\t\t\t\t\t\t\t\t\t\t\t<\/div>\n\t\t\t\t\t\t\t\t\t<\/a>\n\t\t\t\t\t<\/div>\n\t\t\t\t\t<\/div>\n\t\t\t\t<\/div>\n\t\t\t\t\t<\/div>\n\t\t<\/div>\n\t\t\t\t\t<\/div>\n\t\t<\/section>\n\t\t\t\t<section class=\"elementor-section elementor-top-section elementor-element elementor-element-e3d5ec8 elementor-section-boxed elementor-section-height-default elementor-section-height-default\" data-id=\"e3d5ec8\" data-element_type=\"section\">\n\t\t\t\t\t\t<div class=\"elementor-container elementor-column-gap-default\">\n\t\t\t\t\t<div class=\"elementor-column elementor-col-100 elementor-top-column elementor-element elementor-element-53d8646\" data-id=\"53d8646\" data-element_type=\"column\">\n\t\t\t<div class=\"elementor-widget-wrap elementor-element-populated\">\n\t\t\t\t\t\t<div class=\"elementor-element elementor-element-b706e39 elementor-widget elementor-widget-spacer\" data-id=\"b706e39\" data-element_type=\"widget\" data-widget_type=\"spacer.default\">\n\t\t\t\t<div class=\"elementor-widget-container\">\n\t\t\t\t\t\t\t<div class=\"elementor-spacer\">\n\t\t\t<div class=\"elementor-spacer-inner\"><\/div>\n\t\t<\/div>\n\t\t\t\t\t\t<\/div>\n\t\t\t\t<\/div>\n\t\t\t\t<div class=\"elementor-element elementor-element-38a5f71 elementor-widget elementor-widget-text-editor\" data-id=\"38a5f71\" data-element_type=\"widget\" data-widget_type=\"text-editor.default\">\n\t\t\t\t<div class=\"elementor-widget-container\">\n\t\t\t\t\t\t\t\t\t<p>D&#8217;un <strong>excellent rapport qualit\u00e9-prix<\/strong>, les nouveaux po\u00eales \u00e0 bois acier Invicta cr\u00e9ent une <strong>ambiance unique et chaleureuse<\/strong>. Des pi\u00e8ces en fonte ou en vermiculite haute densit\u00e9 habillent l&#8217;int\u00e9rieur de leur corps de chauffe. Cela permet ainsi d&#8217;emmagasiner la chaleur g\u00e9n\u00e9r\u00e9e par la combustion des b\u00fbches.<\/p>\n<p>En conclusion, en plus d&#8217;embellir votre int\u00e9rieur avec leur finition parfaite, ces <strong>nouveaux po\u00eales \u00e0 bois contemporains<\/strong> vous offrent de <strong>hautes performances \u00e9nerg\u00e9tiques<\/strong>. En effet, ils sont \u00e9quip\u00e9s de la postcombustion et labellis\u00e9s Flamme Verte 7 \u00e9toiles et EcoDesign 2022.<\/p>\t\t\t\t\t\t\t\t<\/div>\n\t\t\t\t<\/div>\n\t\t\t\t\t<\/div>\n\t\t<\/div>\n\t\t\t\t\t<\/div>\n\t\t<\/section>\n\t\t\t\t<\/div>\n\t\t","protected":false},"excerpt":{"rendered":"<p>Rendez-vous avec le design et l&#8217;efficacit\u00e9 thermique. La marque se renouvelle, tout d&#8217;abord, avec deux nouveaux po\u00eales \u00e0 bois acier au look minimaliste : Bor\u00e9e et Euros. Ces po\u00eales sont de faible encombrement et de petites puissances.\u00a0Ils se feront donc une place dans tous les types d&#8217;habitat. Un po\u00eale \u00e0 bois \u00e9tanche de forme elliptique [&hellip;]<\/p>\n","protected":false},"author":504,"featured_media":38794,"comment_status":"closed","ping_status":"closed","sticky":false,"template":"","format":"standard","meta":{"_acf_changed":false,"footnotes":""},"categories":[101,6390],"tags":[5422,5424,5425,5415,5419,5416,5418,5420],"class_list":{"1":"post","5":"has-post-thumbnail"},"acf":[],"yoast_head":"<!-- This site is optimized with the Yoast SEO plugin v24.7 - https:\/\/yoast.com\/wordpress\/plugins\/seo\/ -->\n<title>Nouveaux po\u00eales \u00e0 bois acier contemporains et performants - Invicta<\/title>\n<meta name=\"description\" content=\"Retrouvez nos nouveaux po\u00eales \u00e0 bois acier. Puissance 5 \u00e0 9kW. Po\u00eales \u00e0 bois acier contemporains. Postcombustion\u2705 Flamme Verte 7\u00e9toiles\u2705\" \/>\n<meta name=\"robots\" content=\"index, follow, max-snippet:-1, max-image-preview:large, max-video-preview:-1\" \/>\n<link rel=\"canonical\" href=\"https:\/\/dev.invicta.wp19.axome.cc\/fr\/2020\/10\/22\/nouveautes-invicta-poeles-bois-contemporains-en-acier\/\" \/>\n<meta property=\"og:locale\" content=\"fr_FR\" \/>\n<meta property=\"og:type\" content=\"article\" \/>\n<meta property=\"og:title\" content=\"Nouveaux po\u00eales \u00e0 bois acier contemporains et performants - Invicta\" \/>\n<meta property=\"og:description\" content=\"Retrouvez nos nouveaux po\u00eales \u00e0 bois acier. Puissance 5 \u00e0 9kW. Po\u00eales \u00e0 bois acier contemporains. Postcombustion\u2705 Flamme Verte 7\u00e9toiles\u2705\" \/>\n<meta property=\"og:url\" content=\"https:\/\/dev.invicta.wp19.axome.cc\/fr\/2020\/10\/22\/nouveautes-invicta-poeles-bois-contemporains-en-acier\/\" \/>\n<meta property=\"og:site_name\" content=\"Invicta\" \/>\n<meta property=\"article:published_time\" content=\"2020-10-22T14:01:27+00:00\" \/>\n<meta property=\"article:modified_time\" content=\"2023-09-06T07:40:52+00:00\" \/>\n<meta property=\"og:image\" content=\"https:\/\/dev.invicta.wp19.axome.cc\/wp-content\/uploads\/2019\/07\/A-CALCIAS-e1603382693767.jpg\" \/>\n\t<meta property=\"og:image:width\" content=\"962\" \/>\n\t<meta property=\"og:image:height\" content=\"440\" \/>\n\t<meta property=\"og:image:type\" content=\"image\/jpeg\" \/>\n<meta name=\"author\" content=\"jbouchon\" \/>\n<meta name=\"twitter:card\" content=\"summary_large_image\" \/>\n<meta name=\"twitter:label1\" content=\"\u00c9crit par\" \/>\n\t<meta name=\"twitter:data1\" content=\"jbouchon\" \/>\n\t<meta name=\"twitter:label2\" content=\"Dur\u00e9e de lecture estim\u00e9e\" \/>\n\t<meta name=\"twitter:data2\" content=\"2 minutes\" \/>\n<script type=\"application\/ld+json\" class=\"yoast-schema-graph\">{\"@context\":\"https:\/\/schema.org\",\"@graph\":[{\"@type\":\"Article\",\"@id\":\"https:\/\/dev.invicta.wp19.axome.cc\/fr\/2020\/10\/22\/nouveautes-invicta-poeles-bois-contemporains-en-acier\/#article\",\"isPartOf\":{\"@id\":\"https:\/\/dev.invicta.wp19.axome.cc\/fr\/2020\/10\/22\/nouveautes-invicta-poeles-bois-contemporains-en-acier\/\"},\"author\":{\"name\":\"jbouchon\",\"@id\":\"https:\/\/dev.invicta.wp19.axome.cc\/fr\/#\/schema\/person\/77a4c78a637ae0cb328fa20e61323f4f\"},\"headline\":\"Nouveaux po\u00eales \u00e0 bois acier contemporains et performants\",\"datePublished\":\"2020-10-22T14:01:27+00:00\",\"dateModified\":\"2023-09-06T07:40:52+00:00\",\"mainEntityOfPage\":{\"@id\":\"https:\/\/dev.invicta.wp19.axome.cc\/fr\/2020\/10\/22\/nouveautes-invicta-poeles-bois-contemporains-en-acier\/\"},\"wordCount\":387,\"publisher\":{\"@id\":\"https:\/\/dev.invicta.wp19.axome.cc\/fr\/#organization\"},\"image\":{\"@id\":\"https:\/\/dev.invicta.wp19.axome.cc\/fr\/2020\/10\/22\/nouveautes-invicta-poeles-bois-contemporains-en-acier\/#primaryimage\"},\"thumbnailUrl\":\"https:\/\/dev.invicta.wp19.axome.cc\/wp-content\/uploads\/2019\/07\/A-CALCIAS-e1603382693767.jpg\",\"keywords\":[\"bon rapport qualit\u00e9 prix\",\"flamme verte 7 \u00e9toiles\",\"nouveaut\u00e9 po\u00eale \u00e0 bois\",\"po\u00eale \u00e0 bois\",\"po\u00eale \u00e0 bois contemporain\",\"po\u00eale \u00e0 bois design\",\"po\u00eale \u00e0 bois en acier\",\"po\u00eale \u00e0 bois performant\"],\"articleSection\":[\"Nouveaut\u00e9s\",\"Po\u00eales \u00e0 bois\"],\"inLanguage\":\"fr-FR\"},{\"@type\":\"WebPage\",\"@id\":\"https:\/\/dev.invicta.wp19.axome.cc\/fr\/2020\/10\/22\/nouveautes-invicta-poeles-bois-contemporains-en-acier\/\",\"url\":\"https:\/\/dev.invicta.wp19.axome.cc\/fr\/2020\/10\/22\/nouveautes-invicta-poeles-bois-contemporains-en-acier\/\",\"name\":\"Nouveaux po\u00eales \u00e0 bois acier contemporains et performants - Invicta\",\"isPartOf\":{\"@id\":\"https:\/\/dev.invicta.wp19.axome.cc\/fr\/#website\"},\"primaryImageOfPage\":{\"@id\":\"https:\/\/dev.invicta.wp19.axome.cc\/fr\/2020\/10\/22\/nouveautes-invicta-poeles-bois-contemporains-en-acier\/#primaryimage\"},\"image\":{\"@id\":\"https:\/\/dev.invicta.wp19.axome.cc\/fr\/2020\/10\/22\/nouveautes-invicta-poeles-bois-contemporains-en-acier\/#primaryimage\"},\"thumbnailUrl\":\"https:\/\/dev.invicta.wp19.axome.cc\/wp-content\/uploads\/2019\/07\/A-CALCIAS-e1603382693767.jpg\",\"datePublished\":\"2020-10-22T14:01:27+00:00\",\"dateModified\":\"2023-09-06T07:40:52+00:00\",\"description\":\"Retrouvez nos nouveaux po\u00eales \u00e0 bois acier. Puissance 5 \u00e0 9kW. Po\u00eales \u00e0 bois acier contemporains. Postcombustion\u2705 Flamme Verte 7\u00e9toiles\u2705\",\"breadcrumb\":{\"@id\":\"https:\/\/dev.invicta.wp19.axome.cc\/fr\/2020\/10\/22\/nouveautes-invicta-poeles-bois-contemporains-en-acier\/#breadcrumb\"},\"inLanguage\":\"fr-FR\",\"potentialAction\":[{\"@type\":\"ReadAction\",\"target\":[\"https:\/\/dev.invicta.wp19.axome.cc\/fr\/2020\/10\/22\/nouveautes-invicta-poeles-bois-contemporains-en-acier\/\"]}]},{\"@type\":\"ImageObject\",\"inLanguage\":\"fr-FR\",\"@id\":\"https:\/\/dev.invicta.wp19.axome.cc\/fr\/2020\/10\/22\/nouveautes-invicta-poeles-bois-contemporains-en-acier\/#primaryimage\",\"url\":\"https:\/\/dev.invicta.wp19.axome.cc\/wp-content\/uploads\/2019\/07\/A-CALCIAS-e1603382693767.jpg\",\"contentUrl\":\"https:\/\/dev.invicta.wp19.axome.cc\/wp-content\/uploads\/2019\/07\/A-CALCIAS-e1603382693767.jpg\",\"width\":962,\"height\":440,\"caption\":\"Minimal home interior 3d rendering with sea view.\"},{\"@type\":\"BreadcrumbList\",\"@id\":\"https:\/\/dev.invicta.wp19.axome.cc\/fr\/2020\/10\/22\/nouveautes-invicta-poeles-bois-contemporains-en-acier\/#breadcrumb\",\"itemListElement\":[{\"@type\":\"ListItem\",\"position\":1,\"name\":\"Accueil\",\"item\":\"https:\/\/dev.invicta.wp19.axome.cc\/fr\/\"},{\"@type\":\"ListItem\",\"position\":2,\"name\":\"Nouveaut\u00e9s\",\"item\":\"https:\/\/dev.invicta.wp19.axome.cc\/fr\/category\/nouveautes\/\"},{\"@type\":\"ListItem\",\"position\":3,\"name\":\"Nouveaux po\u00eales \u00e0 bois acier contemporains et performants\"}]},{\"@type\":\"WebSite\",\"@id\":\"https:\/\/dev.invicta.wp19.axome.cc\/fr\/#website\",\"url\":\"https:\/\/dev.invicta.wp19.axome.cc\/fr\/\",\"name\":\"Invicta\",\"description\":\"Fabricant fran\u00e7ais, sp\u00e9cialiste europ\u00e9en du chauffage au bois : po\u00eales \u00e0 bois et \u00e0 granul\u00e9s, chemin\u00e9es, foyers et inserts\",\"publisher\":{\"@id\":\"https:\/\/dev.invicta.wp19.axome.cc\/fr\/#organization\"},\"potentialAction\":[{\"@type\":\"SearchAction\",\"target\":{\"@type\":\"EntryPoint\",\"urlTemplate\":\"https:\/\/dev.invicta.wp19.axome.cc\/fr\/?s={search_term_string}\"},\"query-input\":{\"@type\":\"PropertyValueSpecification\",\"valueRequired\":true,\"valueName\":\"search_term_string\"}}],\"inLanguage\":\"fr-FR\"},{\"@type\":\"Organization\",\"@id\":\"https:\/\/dev.invicta.wp19.axome.cc\/fr\/#organization\",\"name\":\"Invicta\",\"url\":\"https:\/\/dev.invicta.wp19.axome.cc\/fr\/\",\"logo\":{\"@type\":\"ImageObject\",\"inLanguage\":\"fr-FR\",\"@id\":\"https:\/\/dev.invicta.wp19.axome.cc\/fr\/#\/schema\/logo\/image\/\",\"url\":\"https:\/\/www.invicta.fr\/wp-content\/uploads\/2019\/06\/INVICTALOGO_RVB.png\",\"contentUrl\":\"https:\/\/www.invicta.fr\/wp-content\/uploads\/2019\/06\/INVICTALOGO_RVB.png\",\"width\":1810,\"height\":1280,\"caption\":\"Invicta\"},\"image\":{\"@id\":\"https:\/\/dev.invicta.wp19.axome.cc\/fr\/#\/schema\/logo\/image\/\"}},{\"@type\":\"Person\",\"@id\":\"https:\/\/dev.invicta.wp19.axome.cc\/fr\/#\/schema\/person\/77a4c78a637ae0cb328fa20e61323f4f\",\"name\":\"jbouchon\",\"image\":{\"@type\":\"ImageObject\",\"inLanguage\":\"fr-FR\",\"@id\":\"https:\/\/dev.invicta.wp19.axome.cc\/fr\/#\/schema\/person\/image\/\",\"url\":\"https:\/\/secure.gravatar.com\/avatar\/31aa4792cc83f4ee01d885f51fa8cc27?s=96&d=mm&r=g\",\"contentUrl\":\"https:\/\/secure.gravatar.com\/avatar\/31aa4792cc83f4ee01d885f51fa8cc27?s=96&d=mm&r=g\",\"caption\":\"jbouchon\"}}]}<\/script>\n<!-- \/ Yoast SEO plugin. -->","yoast_head_json":{"title":"Nouveaux po\u00eales \u00e0 bois acier contemporains et performants - Invicta","description":"Retrouvez nos nouveaux po\u00eales \u00e0 bois acier. Puissance 5 \u00e0 9kW. Po\u00eales \u00e0 bois acier contemporains. Postcombustion\u2705 Flamme Verte 7\u00e9toiles\u2705","robots":{"index":"index","follow":"follow","max-snippet":"max-snippet:-1","max-image-preview":"max-image-preview:large","max-video-preview":"max-video-preview:-1"},"canonical":"https:\/\/dev.invicta.wp19.axome.cc\/fr\/2020\/10\/22\/nouveautes-invicta-poeles-bois-contemporains-en-acier\/","og_locale":"fr_FR","og_type":"article","og_title":"Nouveaux po\u00eales \u00e0 bois acier contemporains et performants - Invicta","og_description":"Retrouvez nos nouveaux po\u00eales \u00e0 bois acier. Puissance 5 \u00e0 9kW. Po\u00eales \u00e0 bois acier contemporains. Postcombustion\u2705 Flamme Verte 7\u00e9toiles\u2705","og_url":"https:\/\/dev.invicta.wp19.axome.cc\/fr\/2020\/10\/22\/nouveautes-invicta-poeles-bois-contemporains-en-acier\/","og_site_name":"Invicta","article_published_time":"2020-10-22T14:01:27+00:00","article_modified_time":"2023-09-06T07:40:52+00:00","og_image":[{"width":962,"height":440,"url":"https:\/\/dev.invicta.wp19.axome.cc\/wp-content\/uploads\/2019\/07\/A-CALCIAS-e1603382693767.jpg","type":"image\/jpeg"}],"author":"jbouchon","twitter_card":"summary_large_image","twitter_misc":{"\u00c9crit par":"jbouchon","Dur\u00e9e de lecture estim\u00e9e":"2 minutes"},"schema":{"@context":"https:\/\/schema.org","@graph":[{"@type":"Article","@id":"https:\/\/dev.invicta.wp19.axome.cc\/fr\/2020\/10\/22\/nouveautes-invicta-poeles-bois-contemporains-en-acier\/#article","isPartOf":{"@id":"https:\/\/dev.invicta.wp19.axome.cc\/fr\/2020\/10\/22\/nouveautes-invicta-poeles-bois-contemporains-en-acier\/"},"author":{"name":"jbouchon","@id":"https:\/\/dev.invicta.wp19.axome.cc\/fr\/#\/schema\/person\/77a4c78a637ae0cb328fa20e61323f4f"},"headline":"Nouveaux po\u00eales \u00e0 bois acier contemporains et performants","datePublished":"2020-10-22T14:01:27+00:00","dateModified":"2023-09-06T07:40:52+00:00","mainEntityOfPage":{"@id":"https:\/\/dev.invicta.wp19.axome.cc\/fr\/2020\/10\/22\/nouveautes-invicta-poeles-bois-contemporains-en-acier\/"},"wordCount":387,"publisher":{"@id":"https:\/\/dev.invicta.wp19.axome.cc\/fr\/#organization"},"image":{"@id":"https:\/\/dev.invicta.wp19.axome.cc\/fr\/2020\/10\/22\/nouveautes-invicta-poeles-bois-contemporains-en-acier\/#primaryimage"},"thumbnailUrl":"https:\/\/dev.invicta.wp19.axome.cc\/wp-content\/uploads\/2019\/07\/A-CALCIAS-e1603382693767.jpg","keywords":["bon rapport qualit\u00e9 prix","flamme verte 7 \u00e9toiles","nouveaut\u00e9 po\u00eale \u00e0 bois","po\u00eale \u00e0 bois","po\u00eale \u00e0 bois contemporain","po\u00eale \u00e0 bois design","po\u00eale \u00e0 bois en acier","po\u00eale \u00e0 bois performant"],"articleSection":["Nouveaut\u00e9s","Po\u00eales \u00e0 bois"],"inLanguage":"fr-FR"},{"@type":"WebPage","@id":"https:\/\/dev.invicta.wp19.axome.cc\/fr\/2020\/10\/22\/nouveautes-invicta-poeles-bois-contemporains-en-acier\/","url":"https:\/\/dev.invicta.wp19.axome.cc\/fr\/2020\/10\/22\/nouveautes-invicta-poeles-bois-contemporains-en-acier\/","name":"Nouveaux po\u00eales \u00e0 bois acier contemporains et performants - Invicta","isPartOf":{"@id":"https:\/\/dev.invicta.wp19.axome.cc\/fr\/#website"},"primaryImageOfPage":{"@id":"https:\/\/dev.invicta.wp19.axome.cc\/fr\/2020\/10\/22\/nouveautes-invicta-poeles-bois-contemporains-en-acier\/#primaryimage"},"image":{"@id":"https:\/\/dev.invicta.wp19.axome.cc\/fr\/2020\/10\/22\/nouveautes-invicta-poeles-bois-contemporains-en-acier\/#primaryimage"},"thumbnailUrl":"https:\/\/dev.invicta.wp19.axome.cc\/wp-content\/uploads\/2019\/07\/A-CALCIAS-e1603382693767.jpg","datePublished":"2020-10-22T14:01:27+00:00","dateModified":"2023-09-06T07:40:52+00:00","description":"Retrouvez nos nouveaux po\u00eales \u00e0 bois acier. Puissance 5 \u00e0 9kW. Po\u00eales \u00e0 bois acier contemporains. Postcombustion\u2705 Flamme Verte 7\u00e9toiles\u2705","breadcrumb":{"@id":"https:\/\/dev.invicta.wp19.axome.cc\/fr\/2020\/10\/22\/nouveautes-invicta-poeles-bois-contemporains-en-acier\/#breadcrumb"},"inLanguage":"fr-FR","potentialAction":[{"@type":"ReadAction","target":["https:\/\/dev.invicta.wp19.axome.cc\/fr\/2020\/10\/22\/nouveautes-invicta-poeles-bois-contemporains-en-acier\/"]}]},{"@type":"ImageObject","inLanguage":"fr-FR","@id":"https:\/\/dev.invicta.wp19.axome.cc\/fr\/2020\/10\/22\/nouveautes-invicta-poeles-bois-contemporains-en-acier\/#primaryimage","url":"https:\/\/dev.invicta.wp19.axome.cc\/wp-content\/uploads\/2019\/07\/A-CALCIAS-e1603382693767.jpg","contentUrl":"https:\/\/dev.invicta.wp19.axome.cc\/wp-content\/uploads\/2019\/07\/A-CALCIAS-e1603382693767.jpg","width":962,"height":440,"caption":"Minimal home interior 3d rendering with sea view."},{"@type":"BreadcrumbList","@id":"https:\/\/dev.invicta.wp19.axome.cc\/fr\/2020\/10\/22\/nouveautes-invicta-poeles-bois-contemporains-en-acier\/#breadcrumb","itemListElement":[{"@type":"ListItem","position":1,"name":"Accueil","item":"https:\/\/dev.invicta.wp19.axome.cc\/fr\/"},{"@type":"ListItem","position":2,"name":"Nouveaut\u00e9s","item":"https:\/\/dev.invicta.wp19.axome.cc\/fr\/category\/nouveautes\/"},{"@type":"ListItem","position":3,"name":"Nouveaux po\u00eales \u00e0 bois acier contemporains et performants"}]},{"@type":"WebSite","@id":"https:\/\/dev.invicta.wp19.axome.cc\/fr\/#website","url":"https:\/\/dev.invicta.wp19.axome.cc\/fr\/","name":"Invicta","description":"Fabricant fran\u00e7ais, sp\u00e9cialiste europ\u00e9en du chauffage au bois : po\u00eales \u00e0 bois et \u00e0 granul\u00e9s, chemin\u00e9es, foyers et inserts","publisher":{"@id":"https:\/\/dev.invicta.wp19.axome.cc\/fr\/#organization"},"potentialAction":[{"@type":"SearchAction","target":{"@type":"EntryPoint","urlTemplate":"https:\/\/dev.invicta.wp19.axome.cc\/fr\/?s={search_term_string}"},"query-input":{"@type":"PropertyValueSpecification","valueRequired":true,"valueName":"search_term_string"}}],"inLanguage":"fr-FR"},{"@type":"Organization","@id":"https:\/\/dev.invicta.wp19.axome.cc\/fr\/#organization","name":"Invicta","url":"https:\/\/dev.invicta.wp19.axome.cc\/fr\/","logo":{"@type":"ImageObject","inLanguage":"fr-FR","@id":"https:\/\/dev.invicta.wp19.axome.cc\/fr\/#\/schema\/logo\/image\/","url":"https:\/\/www.invicta.fr\/wp-content\/uploads\/2019\/06\/INVICTALOGO_RVB.png","contentUrl":"https:\/\/www.invicta.fr\/wp-content\/uploads\/2019\/06\/INVICTALOGO_RVB.png","width":1810,"height":1280,"caption":"Invicta"},"image":{"@id":"https:\/\/dev.invicta.wp19.axome.cc\/fr\/#\/schema\/logo\/image\/"}},{"@type":"Person","@id":"https:\/\/dev.invicta.wp19.axome.cc\/fr\/#\/schema\/person\/77a4c78a637ae0cb328fa20e61323f4f","name":"jbouchon","image":{"@type":"ImageObject","inLanguage":"fr-FR","@id":"https:\/\/dev.invicta.wp19.axome.cc\/fr\/#\/schema\/person\/image\/","url":"https:\/\/secure.gravatar.com\/avatar\/31aa4792cc83f4ee01d885f51fa8cc27?s=96&d=mm&r=g","contentUrl":"https:\/\/secure.gravatar.com\/avatar\/31aa4792cc83f4ee01d885f51fa8cc27?s=96&d=mm&r=g","caption":"jbouchon"}}]}},"_links":{"self":[{"href":"https:\/\/dev.invicta.wp19.axome.cc\/fr\/wp-json\/wp\/v2\/posts\/2030","targetHints":{"allow":["GET"]}}],"collection":[{"href":"https:\/\/dev.invicta.wp19.axome.cc\/fr\/wp-json\/wp\/v2\/posts"}],"about":[{"href":"https:\/\/dev.invicta.wp19.axome.cc\/fr\/wp-json\/wp\/v2\/types\/post"}],"author":[{"embeddable":true,"href":"https:\/\/dev.invicta.wp19.axome.cc\/fr\/wp-json\/wp\/v2\/users\/504"}],"replies":[{"embeddable":true,"href":"https:\/\/dev.invicta.wp19.axome.cc\/fr\/wp-json\/wp\/v2\/comments?post=2030"}],"version-history":[{"count":10,"href":"https:\/\/dev.invicta.wp19.axome.cc\/fr\/wp-json\/wp\/v2\/posts\/2030\/revisions"}],"predecessor-version":[{"id":58126,"href":"https:\/\/dev.invicta.wp19.axome.cc\/fr\/wp-json\/wp\/v2\/posts\/2030\/revisions\/58126"}],"wp:featuredmedia":[{"embeddable":true,"href":"https:\/\/dev.invicta.wp19.axome.cc\/fr\/wp-json\/wp\/v2\/media\/38794"}],"wp:attachment":[{"href":"https:\/\/dev.invicta.wp19.axome.cc\/fr\/wp-json\/wp\/v2\/media?parent=2030"}],"wp:term":[{"taxonomy":"category","embeddable":true,"href":"https:\/\/dev.invicta.wp19.axome.cc\/fr\/wp-json\/wp\/v2\/categories?post=2030"},{"taxonomy":"post_tag","embeddable":true,"href":"https:\/\/dev.invicta.wp19.axome.cc\/fr\/wp-json\/wp\/v2\/tags?post=2030"}],"curies":[{"name":"wp","href":"https:\/\/api.w.org\/{rel}","templated":true}]}}