{"id":2058,"date":"2020-02-25T17:41:00","date_gmt":"2020-02-25T16:41:00","guid":{"rendered":"https:\/\/dev.invicta.wp19.axome.cc\/?p=2058"},"modified":"2022-09-05T10:20:15","modified_gmt":"2022-09-05T08:20:15","slug":"les-poeles-inserts-et-foyers-en-fonte-invicta-certifies-origine-france-garantie-2","status":"publish","type":"post","link":"https:\/\/dev.invicta.wp19.axome.cc\/fr\/2020\/02\/25\/les-poeles-inserts-et-foyers-en-fonte-invicta-certifies-origine-france-garantie-2\/","title":{"rendered":"Les po\u00eales, inserts et foyers en fonte Invicta certifi\u00e9s Origine France Garantie !"},"content":{"rendered":"<p>Les gammes po\u00eales, foyers et inserts en fonte fabriqu\u00e9s par Invicta Group <strong>r\u00e9pondent aux exigences de r\u00e9f\u00e9rentiel Origine France Garantie<\/strong>. L&#8217;association <a href=\"http:\/\/www.originefrancegarantie.fr\/pro-france\/lassociation-pro-france\/\">Pro France<\/a> et l&#8217;organisme de certification <a href=\"https:\/\/www.bureauveritas.fr\/\">Bureau Veritas<\/a> en attestent depuis le 11 mars 2019 par la d\u00e9livrance de <a rel=\"noopener\" href=\"https:\/\/dev.invicta.wp19.axome.cc\/wp-content\/uploads\/2022\/09\/Attestation-definitive-OFG-INVICTA-GROUP-13408307.pdf\" target=\"_blank\">l&#8217;attestation de conformit\u00e9 N\u00b07208672<\/a>.<\/p>\n<p>C&#8217;est une bonne nouvelle pour Invicta Group, l&#8217;ensemble de ses collaborateurs et de ses revendeurs qui ont toujours eu \u00e0 c\u0153ur de <strong>mettre en avant le savoir-faire des unit\u00e9s de productions fran\u00e7aises du groupe<\/strong> : la fonderie et l&#8217;\u00e9maillerie implant\u00e9es dans la r\u00e9gion Grand Est en Champagne-Ardenne.<\/p>\n<p>Mais c&#8217;est surtout une bonne nouvelle pour les consommateurs, car <strong>le label Origine France Garantie est l&#8217;unique certification qui atteste de l&#8217;origine fran\u00e7aise d&#8217;un produit<\/strong>. Cette certification est incontestable, car valid\u00e9e par un organisme certificateur ind\u00e9pendant, notamment \u00e0 l&#8217;issue d&#8217;un audit. Cette certification est donc claire, simple et facilement identifiable par le consommateur.<\/p>\n<p><iframe title=\"Invicta Group labellis\u00e9 Origine France Garantie\" width=\"500\" height=\"281\" src=\"https:\/\/www.youtube.com\/embed\/UuGGMhGqhgg?feature=oembed\" frameborder=\"0\" allow=\"accelerometer; autoplay; clipboard-write; encrypted-media; gyroscope; picture-in-picture; web-share\" referrerpolicy=\"strict-origin-when-cross-origin\" allowfullscreen><\/iframe><\/p>\n<h2><a href=\"https:\/\/ofg.bureauveritas.fr\/20_recherche-produit.html\">La garantie de l&#8217;origine France du produit<\/a><\/h2>\n<p>Une<strong> large gamme d&#8217;appareils en fonte Invicta Group<\/strong> b\u00e9n\u00e9ficie donc de l&#8217;<strong>Origine France Garantie<\/strong> : pr\u00e8s de 100 po\u00eales \u00e0 bois, 50 foyers et 20 inserts et la nouvelle g\u00e9n\u00e9ration de po\u00eales \u00e0 granul\u00e9s PLUG-IN. Ces produits sont identifiables par le logo Origine France Garantie, marque transversale visible et connue du consommateur.<\/p>\n<p>Le label Origine France Garantie permet \u00e0 Invicta Group de renforcer son discours de fabricant fran\u00e7ais et de r\u00e9pondre aux attentes des consommateurs en termes <strong>de qualit\u00e9 et d&#8217;engagement responsable<\/strong>.<\/p>\n<h3><\/h3>\n<h3><em>\u00c0 propos du label OFG<\/em><\/h3>\n<p><em>Initi\u00e9 par Yves J\u00e9go en 2009, suite \u00e0 une mission confi\u00e9e par le Pr\u00e9sident de la R\u00e9publique, le label Origine France Garantie est promu par l&#8217;association PROFRANCE.\u00a0<\/em><\/p>\n<p><em>Avec Origine France Garantie, vous avez la certititude que le lieu o\u00f9 le produit prend ses caract\u00e9ristiques essentielles est situ\u00e9 en France. C&#8217;est un organisme certificateur qui d\u00e9livre le label OFG apr\u00e8s candidature de l&#8217;entreprise, \u00e9tude du dossier, et audit de certification. Le label est obtenu pour une dur\u00e9e de 3 ans, dur\u00e9e pendant laquelle deux audits de suivi, de conformit\u00e9 sont men\u00e9s. (<a href=\"http:\/\/www.originefrancegarantie.fr\/\">www.originefrancegarantie.fr<\/a>).<\/em><\/p>\n<p><iframe title=\"Pr\u00e9sentation vid\u00e9o du label Origine France Garantie\" width=\"500\" height=\"281\" src=\"https:\/\/www.youtube.com\/embed\/rrkqDFMejPc?feature=oembed\" frameborder=\"0\" allow=\"accelerometer; autoplay; clipboard-write; encrypted-media; gyroscope; picture-in-picture; web-share\" referrerpolicy=\"strict-origin-when-cross-origin\" allowfullscreen><\/iframe><\/p>\n","protected":false},"excerpt":{"rendered":"<p>Les gammes po\u00eales, foyers et inserts en fonte fabriqu\u00e9s par Invicta Group r\u00e9pondent aux exigences de r\u00e9f\u00e9rentiel Origine France Garantie. L&#8217;association Pro France et l&#8217;organisme de certification Bureau Veritas en attestent depuis le 11 mars 2019 par la d\u00e9livrance de l&#8217;attestation de conformit\u00e9 N\u00b07208672. C&#8217;est une bonne nouvelle pour Invicta Group, l&#8217;ensemble de ses collaborateurs [&hellip;]<\/p>\n","protected":false},"author":225,"featured_media":23878,"comment_status":"closed","ping_status":"closed","sticky":false,"template":"","format":"standard","meta":{"_acf_changed":false,"footnotes":""},"categories":[1],"tags":[],"class_list":{"1":"post","5":"has-post-thumbnail"},"acf":[],"yoast_head":"<!-- This site is optimized with the Yoast SEO plugin v24.7 - https:\/\/yoast.com\/wordpress\/plugins\/seo\/ -->\n<title>Les po\u00eales, inserts et foyers en fonte Invicta certifi\u00e9s Origine France Garantie ! - Invicta<\/title>\n<meta name=\"description\" content=\"Les gammes po\u00eales, foyers et inserts en fonte fabriqu\u00e9s par Invicta Group r\u00e9pondent aux exigences de r\u00e9f\u00e9rentiel Origine France Garantie. L&#039;association\" \/>\n<meta name=\"robots\" content=\"index, follow, max-snippet:-1, max-image-preview:large, max-video-preview:-1\" \/>\n<link rel=\"canonical\" href=\"https:\/\/dev.invicta.wp19.axome.cc\/fr\/2020\/02\/25\/les-poeles-inserts-et-foyers-en-fonte-invicta-certifies-origine-france-garantie-2\/\" \/>\n<meta property=\"og:locale\" content=\"fr_FR\" \/>\n<meta property=\"og:type\" content=\"article\" \/>\n<meta property=\"og:title\" content=\"Les po\u00eales, inserts et foyers en fonte Invicta certifi\u00e9s Origine France Garantie ! - Invicta\" \/>\n<meta property=\"og:description\" content=\"Les gammes po\u00eales, foyers et inserts en fonte fabriqu\u00e9s par Invicta Group r\u00e9pondent aux exigences de r\u00e9f\u00e9rentiel Origine France Garantie. L&#039;association\" \/>\n<meta property=\"og:url\" content=\"https:\/\/dev.invicta.wp19.axome.cc\/fr\/2020\/02\/25\/les-poeles-inserts-et-foyers-en-fonte-invicta-certifies-origine-france-garantie-2\/\" \/>\n<meta property=\"og:site_name\" content=\"Invicta\" \/>\n<meta property=\"article:published_time\" content=\"2020-02-25T16:41:00+00:00\" \/>\n<meta property=\"article:modified_time\" content=\"2022-09-05T08:20:15+00:00\" \/>\n<meta property=\"og:image\" content=\"https:\/\/dev.invicta.wp19.axome.cc\/wp-content\/uploads\/2019\/07\/OFG.jpg\" \/>\n\t<meta property=\"og:image:width\" content=\"760\" \/>\n\t<meta property=\"og:image:height\" content=\"399\" \/>\n\t<meta property=\"og:image:type\" content=\"image\/jpeg\" \/>\n<meta name=\"author\" content=\"wpaxome\" \/>\n<meta name=\"twitter:card\" content=\"summary_large_image\" \/>\n<meta name=\"twitter:label1\" content=\"\u00c9crit par\" \/>\n\t<meta name=\"twitter:data1\" content=\"wpaxome\" \/>\n\t<meta name=\"twitter:label2\" content=\"Dur\u00e9e de lecture estim\u00e9e\" \/>\n\t<meta name=\"twitter:data2\" content=\"2 minutes\" \/>\n<script type=\"application\/ld+json\" class=\"yoast-schema-graph\">{\"@context\":\"https:\/\/schema.org\",\"@graph\":[{\"@type\":\"Article\",\"@id\":\"https:\/\/dev.invicta.wp19.axome.cc\/fr\/2020\/02\/25\/les-poeles-inserts-et-foyers-en-fonte-invicta-certifies-origine-france-garantie-2\/#article\",\"isPartOf\":{\"@id\":\"https:\/\/dev.invicta.wp19.axome.cc\/fr\/2020\/02\/25\/les-poeles-inserts-et-foyers-en-fonte-invicta-certifies-origine-france-garantie-2\/\"},\"author\":{\"name\":\"wpaxome\",\"@id\":\"https:\/\/dev.invicta.wp19.axome.cc\/fr\/#\/schema\/person\/119046844ea476affd0fd9c352e5ab62\"},\"headline\":\"Les po\u00eales, inserts et foyers en fonte Invicta certifi\u00e9s Origine France Garantie !\",\"datePublished\":\"2020-02-25T16:41:00+00:00\",\"dateModified\":\"2022-09-05T08:20:15+00:00\",\"mainEntityOfPage\":{\"@id\":\"https:\/\/dev.invicta.wp19.axome.cc\/fr\/2020\/02\/25\/les-poeles-inserts-et-foyers-en-fonte-invicta-certifies-origine-france-garantie-2\/\"},\"wordCount\":376,\"publisher\":{\"@id\":\"https:\/\/dev.invicta.wp19.axome.cc\/fr\/#organization\"},\"image\":{\"@id\":\"https:\/\/dev.invicta.wp19.axome.cc\/fr\/2020\/02\/25\/les-poeles-inserts-et-foyers-en-fonte-invicta-certifies-origine-france-garantie-2\/#primaryimage\"},\"thumbnailUrl\":\"https:\/\/dev.invicta.wp19.axome.cc\/wp-content\/uploads\/2019\/07\/OFG.jpg\",\"articleSection\":[\"Actus\"],\"inLanguage\":\"fr-FR\"},{\"@type\":\"WebPage\",\"@id\":\"https:\/\/dev.invicta.wp19.axome.cc\/fr\/2020\/02\/25\/les-poeles-inserts-et-foyers-en-fonte-invicta-certifies-origine-france-garantie-2\/\",\"url\":\"https:\/\/dev.invicta.wp19.axome.cc\/fr\/2020\/02\/25\/les-poeles-inserts-et-foyers-en-fonte-invicta-certifies-origine-france-garantie-2\/\",\"name\":\"Les po\u00eales, inserts et foyers en fonte Invicta certifi\u00e9s Origine France Garantie ! - Invicta\",\"isPartOf\":{\"@id\":\"https:\/\/dev.invicta.wp19.axome.cc\/fr\/#website\"},\"primaryImageOfPage\":{\"@id\":\"https:\/\/dev.invicta.wp19.axome.cc\/fr\/2020\/02\/25\/les-poeles-inserts-et-foyers-en-fonte-invicta-certifies-origine-france-garantie-2\/#primaryimage\"},\"image\":{\"@id\":\"https:\/\/dev.invicta.wp19.axome.cc\/fr\/2020\/02\/25\/les-poeles-inserts-et-foyers-en-fonte-invicta-certifies-origine-france-garantie-2\/#primaryimage\"},\"thumbnailUrl\":\"https:\/\/dev.invicta.wp19.axome.cc\/wp-content\/uploads\/2019\/07\/OFG.jpg\",\"datePublished\":\"2020-02-25T16:41:00+00:00\",\"dateModified\":\"2022-09-05T08:20:15+00:00\",\"description\":\"Les gammes po\u00eales, foyers et inserts en fonte fabriqu\u00e9s par Invicta Group r\u00e9pondent aux exigences de r\u00e9f\u00e9rentiel Origine France Garantie. L'association\",\"breadcrumb\":{\"@id\":\"https:\/\/dev.invicta.wp19.axome.cc\/fr\/2020\/02\/25\/les-poeles-inserts-et-foyers-en-fonte-invicta-certifies-origine-france-garantie-2\/#breadcrumb\"},\"inLanguage\":\"fr-FR\",\"potentialAction\":[{\"@type\":\"ReadAction\",\"target\":[\"https:\/\/dev.invicta.wp19.axome.cc\/fr\/2020\/02\/25\/les-poeles-inserts-et-foyers-en-fonte-invicta-certifies-origine-france-garantie-2\/\"]}]},{\"@type\":\"ImageObject\",\"inLanguage\":\"fr-FR\",\"@id\":\"https:\/\/dev.invicta.wp19.axome.cc\/fr\/2020\/02\/25\/les-poeles-inserts-et-foyers-en-fonte-invicta-certifies-origine-france-garantie-2\/#primaryimage\",\"url\":\"https:\/\/dev.invicta.wp19.axome.cc\/wp-content\/uploads\/2019\/07\/OFG.jpg\",\"contentUrl\":\"https:\/\/dev.invicta.wp19.axome.cc\/wp-content\/uploads\/2019\/07\/OFG.jpg\",\"width\":760,\"height\":399,\"caption\":\"Po\u00eales \u00e0 bois fonte - Invicta - Origine France Garantie\"},{\"@type\":\"BreadcrumbList\",\"@id\":\"https:\/\/dev.invicta.wp19.axome.cc\/fr\/2020\/02\/25\/les-poeles-inserts-et-foyers-en-fonte-invicta-certifies-origine-france-garantie-2\/#breadcrumb\",\"itemListElement\":[{\"@type\":\"ListItem\",\"position\":1,\"name\":\"Accueil\",\"item\":\"https:\/\/dev.invicta.wp19.axome.cc\/fr\/\"},{\"@type\":\"ListItem\",\"position\":2,\"name\":\"Actus\",\"item\":\"https:\/\/dev.invicta.wp19.axome.cc\/fr\/category\/actus\/\"},{\"@type\":\"ListItem\",\"position\":3,\"name\":\"Les po\u00eales, inserts et foyers en fonte Invicta certifi\u00e9s Origine France Garantie !\"}]},{\"@type\":\"WebSite\",\"@id\":\"https:\/\/dev.invicta.wp19.axome.cc\/fr\/#website\",\"url\":\"https:\/\/dev.invicta.wp19.axome.cc\/fr\/\",\"name\":\"Invicta\",\"description\":\"Fabricant fran\u00e7ais, sp\u00e9cialiste europ\u00e9en du chauffage au bois : po\u00eales \u00e0 bois et \u00e0 granul\u00e9s, chemin\u00e9es, foyers et inserts\",\"publisher\":{\"@id\":\"https:\/\/dev.invicta.wp19.axome.cc\/fr\/#organization\"},\"potentialAction\":[{\"@type\":\"SearchAction\",\"target\":{\"@type\":\"EntryPoint\",\"urlTemplate\":\"https:\/\/dev.invicta.wp19.axome.cc\/fr\/?s={search_term_string}\"},\"query-input\":{\"@type\":\"PropertyValueSpecification\",\"valueRequired\":true,\"valueName\":\"search_term_string\"}}],\"inLanguage\":\"fr-FR\"},{\"@type\":\"Organization\",\"@id\":\"https:\/\/dev.invicta.wp19.axome.cc\/fr\/#organization\",\"name\":\"Invicta\",\"url\":\"https:\/\/dev.invicta.wp19.axome.cc\/fr\/\",\"logo\":{\"@type\":\"ImageObject\",\"inLanguage\":\"fr-FR\",\"@id\":\"https:\/\/dev.invicta.wp19.axome.cc\/fr\/#\/schema\/logo\/image\/\",\"url\":\"https:\/\/www.invicta.fr\/wp-content\/uploads\/2019\/06\/INVICTALOGO_RVB.png\",\"contentUrl\":\"https:\/\/www.invicta.fr\/wp-content\/uploads\/2019\/06\/INVICTALOGO_RVB.png\",\"width\":1810,\"height\":1280,\"caption\":\"Invicta\"},\"image\":{\"@id\":\"https:\/\/dev.invicta.wp19.axome.cc\/fr\/#\/schema\/logo\/image\/\"}},{\"@type\":\"Person\",\"@id\":\"https:\/\/dev.invicta.wp19.axome.cc\/fr\/#\/schema\/person\/119046844ea476affd0fd9c352e5ab62\",\"name\":\"wpaxome\",\"image\":{\"@type\":\"ImageObject\",\"inLanguage\":\"fr-FR\",\"@id\":\"https:\/\/dev.invicta.wp19.axome.cc\/fr\/#\/schema\/person\/image\/\",\"url\":\"https:\/\/secure.gravatar.com\/avatar\/de042c05c2e4e656a3baebd24bc19a3d?s=96&d=mm&r=g\",\"contentUrl\":\"https:\/\/secure.gravatar.com\/avatar\/de042c05c2e4e656a3baebd24bc19a3d?s=96&d=mm&r=g\",\"caption\":\"wpaxome\"}}]}<\/script>\n<!-- \/ Yoast SEO plugin. -->","yoast_head_json":{"title":"Les po\u00eales, inserts et foyers en fonte Invicta certifi\u00e9s Origine France Garantie ! - Invicta","description":"Les gammes po\u00eales, foyers et inserts en fonte fabriqu\u00e9s par Invicta Group r\u00e9pondent aux exigences de r\u00e9f\u00e9rentiel Origine France Garantie. L'association","robots":{"index":"index","follow":"follow","max-snippet":"max-snippet:-1","max-image-preview":"max-image-preview:large","max-video-preview":"max-video-preview:-1"},"canonical":"https:\/\/dev.invicta.wp19.axome.cc\/fr\/2020\/02\/25\/les-poeles-inserts-et-foyers-en-fonte-invicta-certifies-origine-france-garantie-2\/","og_locale":"fr_FR","og_type":"article","og_title":"Les po\u00eales, inserts et foyers en fonte Invicta certifi\u00e9s Origine France Garantie ! - Invicta","og_description":"Les gammes po\u00eales, foyers et inserts en fonte fabriqu\u00e9s par Invicta Group r\u00e9pondent aux exigences de r\u00e9f\u00e9rentiel Origine France Garantie. L'association","og_url":"https:\/\/dev.invicta.wp19.axome.cc\/fr\/2020\/02\/25\/les-poeles-inserts-et-foyers-en-fonte-invicta-certifies-origine-france-garantie-2\/","og_site_name":"Invicta","article_published_time":"2020-02-25T16:41:00+00:00","article_modified_time":"2022-09-05T08:20:15+00:00","og_image":[{"width":760,"height":399,"url":"https:\/\/dev.invicta.wp19.axome.cc\/wp-content\/uploads\/2019\/07\/OFG.jpg","type":"image\/jpeg"}],"author":"wpaxome","twitter_card":"summary_large_image","twitter_misc":{"\u00c9crit par":"wpaxome","Dur\u00e9e de lecture estim\u00e9e":"2 minutes"},"schema":{"@context":"https:\/\/schema.org","@graph":[{"@type":"Article","@id":"https:\/\/dev.invicta.wp19.axome.cc\/fr\/2020\/02\/25\/les-poeles-inserts-et-foyers-en-fonte-invicta-certifies-origine-france-garantie-2\/#article","isPartOf":{"@id":"https:\/\/dev.invicta.wp19.axome.cc\/fr\/2020\/02\/25\/les-poeles-inserts-et-foyers-en-fonte-invicta-certifies-origine-france-garantie-2\/"},"author":{"name":"wpaxome","@id":"https:\/\/dev.invicta.wp19.axome.cc\/fr\/#\/schema\/person\/119046844ea476affd0fd9c352e5ab62"},"headline":"Les po\u00eales, inserts et foyers en fonte Invicta certifi\u00e9s Origine France Garantie !","datePublished":"2020-02-25T16:41:00+00:00","dateModified":"2022-09-05T08:20:15+00:00","mainEntityOfPage":{"@id":"https:\/\/dev.invicta.wp19.axome.cc\/fr\/2020\/02\/25\/les-poeles-inserts-et-foyers-en-fonte-invicta-certifies-origine-france-garantie-2\/"},"wordCount":376,"publisher":{"@id":"https:\/\/dev.invicta.wp19.axome.cc\/fr\/#organization"},"image":{"@id":"https:\/\/dev.invicta.wp19.axome.cc\/fr\/2020\/02\/25\/les-poeles-inserts-et-foyers-en-fonte-invicta-certifies-origine-france-garantie-2\/#primaryimage"},"thumbnailUrl":"https:\/\/dev.invicta.wp19.axome.cc\/wp-content\/uploads\/2019\/07\/OFG.jpg","articleSection":["Actus"],"inLanguage":"fr-FR"},{"@type":"WebPage","@id":"https:\/\/dev.invicta.wp19.axome.cc\/fr\/2020\/02\/25\/les-poeles-inserts-et-foyers-en-fonte-invicta-certifies-origine-france-garantie-2\/","url":"https:\/\/dev.invicta.wp19.axome.cc\/fr\/2020\/02\/25\/les-poeles-inserts-et-foyers-en-fonte-invicta-certifies-origine-france-garantie-2\/","name":"Les po\u00eales, inserts et foyers en fonte Invicta certifi\u00e9s Origine France Garantie ! - Invicta","isPartOf":{"@id":"https:\/\/dev.invicta.wp19.axome.cc\/fr\/#website"},"primaryImageOfPage":{"@id":"https:\/\/dev.invicta.wp19.axome.cc\/fr\/2020\/02\/25\/les-poeles-inserts-et-foyers-en-fonte-invicta-certifies-origine-france-garantie-2\/#primaryimage"},"image":{"@id":"https:\/\/dev.invicta.wp19.axome.cc\/fr\/2020\/02\/25\/les-poeles-inserts-et-foyers-en-fonte-invicta-certifies-origine-france-garantie-2\/#primaryimage"},"thumbnailUrl":"https:\/\/dev.invicta.wp19.axome.cc\/wp-content\/uploads\/2019\/07\/OFG.jpg","datePublished":"2020-02-25T16:41:00+00:00","dateModified":"2022-09-05T08:20:15+00:00","description":"Les gammes po\u00eales, foyers et inserts en fonte fabriqu\u00e9s par Invicta Group r\u00e9pondent aux exigences de r\u00e9f\u00e9rentiel Origine France Garantie. L'association","breadcrumb":{"@id":"https:\/\/dev.invicta.wp19.axome.cc\/fr\/2020\/02\/25\/les-poeles-inserts-et-foyers-en-fonte-invicta-certifies-origine-france-garantie-2\/#breadcrumb"},"inLanguage":"fr-FR","potentialAction":[{"@type":"ReadAction","target":["https:\/\/dev.invicta.wp19.axome.cc\/fr\/2020\/02\/25\/les-poeles-inserts-et-foyers-en-fonte-invicta-certifies-origine-france-garantie-2\/"]}]},{"@type":"ImageObject","inLanguage":"fr-FR","@id":"https:\/\/dev.invicta.wp19.axome.cc\/fr\/2020\/02\/25\/les-poeles-inserts-et-foyers-en-fonte-invicta-certifies-origine-france-garantie-2\/#primaryimage","url":"https:\/\/dev.invicta.wp19.axome.cc\/wp-content\/uploads\/2019\/07\/OFG.jpg","contentUrl":"https:\/\/dev.invicta.wp19.axome.cc\/wp-content\/uploads\/2019\/07\/OFG.jpg","width":760,"height":399,"caption":"Po\u00eales \u00e0 bois fonte - Invicta - Origine France Garantie"},{"@type":"BreadcrumbList","@id":"https:\/\/dev.invicta.wp19.axome.cc\/fr\/2020\/02\/25\/les-poeles-inserts-et-foyers-en-fonte-invicta-certifies-origine-france-garantie-2\/#breadcrumb","itemListElement":[{"@type":"ListItem","position":1,"name":"Accueil","item":"https:\/\/dev.invicta.wp19.axome.cc\/fr\/"},{"@type":"ListItem","position":2,"name":"Actus","item":"https:\/\/dev.invicta.wp19.axome.cc\/fr\/category\/actus\/"},{"@type":"ListItem","position":3,"name":"Les po\u00eales, inserts et foyers en fonte Invicta certifi\u00e9s Origine France Garantie !"}]},{"@type":"WebSite","@id":"https:\/\/dev.invicta.wp19.axome.cc\/fr\/#website","url":"https:\/\/dev.invicta.wp19.axome.cc\/fr\/","name":"Invicta","description":"Fabricant fran\u00e7ais, sp\u00e9cialiste europ\u00e9en du chauffage au bois : po\u00eales \u00e0 bois et \u00e0 granul\u00e9s, chemin\u00e9es, foyers et inserts","publisher":{"@id":"https:\/\/dev.invicta.wp19.axome.cc\/fr\/#organization"},"potentialAction":[{"@type":"SearchAction","target":{"@type":"EntryPoint","urlTemplate":"https:\/\/dev.invicta.wp19.axome.cc\/fr\/?s={search_term_string}"},"query-input":{"@type":"PropertyValueSpecification","valueRequired":true,"valueName":"search_term_string"}}],"inLanguage":"fr-FR"},{"@type":"Organization","@id":"https:\/\/dev.invicta.wp19.axome.cc\/fr\/#organization","name":"Invicta","url":"https:\/\/dev.invicta.wp19.axome.cc\/fr\/","logo":{"@type":"ImageObject","inLanguage":"fr-FR","@id":"https:\/\/dev.invicta.wp19.axome.cc\/fr\/#\/schema\/logo\/image\/","url":"https:\/\/www.invicta.fr\/wp-content\/uploads\/2019\/06\/INVICTALOGO_RVB.png","contentUrl":"https:\/\/www.invicta.fr\/wp-content\/uploads\/2019\/06\/INVICTALOGO_RVB.png","width":1810,"height":1280,"caption":"Invicta"},"image":{"@id":"https:\/\/dev.invicta.wp19.axome.cc\/fr\/#\/schema\/logo\/image\/"}},{"@type":"Person","@id":"https:\/\/dev.invicta.wp19.axome.cc\/fr\/#\/schema\/person\/119046844ea476affd0fd9c352e5ab62","name":"wpaxome","image":{"@type":"ImageObject","inLanguage":"fr-FR","@id":"https:\/\/dev.invicta.wp19.axome.cc\/fr\/#\/schema\/person\/image\/","url":"https:\/\/secure.gravatar.com\/avatar\/de042c05c2e4e656a3baebd24bc19a3d?s=96&d=mm&r=g","contentUrl":"https:\/\/secure.gravatar.com\/avatar\/de042c05c2e4e656a3baebd24bc19a3d?s=96&d=mm&r=g","caption":"wpaxome"}}]}},"_links":{"self":[{"href":"https:\/\/dev.invicta.wp19.axome.cc\/fr\/wp-json\/wp\/v2\/posts\/2058","targetHints":{"allow":["GET"]}}],"collection":[{"href":"https:\/\/dev.invicta.wp19.axome.cc\/fr\/wp-json\/wp\/v2\/posts"}],"about":[{"href":"https:\/\/dev.invicta.wp19.axome.cc\/fr\/wp-json\/wp\/v2\/types\/post"}],"author":[{"embeddable":true,"href":"https:\/\/dev.invicta.wp19.axome.cc\/fr\/wp-json\/wp\/v2\/users\/225"}],"replies":[{"embeddable":true,"href":"https:\/\/dev.invicta.wp19.axome.cc\/fr\/wp-json\/wp\/v2\/comments?post=2058"}],"version-history":[{"count":2,"href":"https:\/\/dev.invicta.wp19.axome.cc\/fr\/wp-json\/wp\/v2\/posts\/2058\/revisions"}],"predecessor-version":[{"id":51446,"href":"https:\/\/dev.invicta.wp19.axome.cc\/fr\/wp-json\/wp\/v2\/posts\/2058\/revisions\/51446"}],"wp:featuredmedia":[{"embeddable":true,"href":"https:\/\/dev.invicta.wp19.axome.cc\/fr\/wp-json\/wp\/v2\/media\/23878"}],"wp:attachment":[{"href":"https:\/\/dev.invicta.wp19.axome.cc\/fr\/wp-json\/wp\/v2\/media?parent=2058"}],"wp:term":[{"taxonomy":"category","embeddable":true,"href":"https:\/\/dev.invicta.wp19.axome.cc\/fr\/wp-json\/wp\/v2\/categories?post=2058"},{"taxonomy":"post_tag","embeddable":true,"href":"https:\/\/dev.invicta.wp19.axome.cc\/fr\/wp-json\/wp\/v2\/tags?post=2058"}],"curies":[{"name":"wp","href":"https:\/\/api.w.org\/{rel}","templated":true}]}}