{"id":2063,"date":"2019-08-28T17:48:22","date_gmt":"2019-08-28T15:48:22","guid":{"rendered":"https:\/\/dev.invicta.wp19.axome.cc\/?p=2063"},"modified":"2021-04-20T16:36:34","modified_gmt":"2021-04-20T14:36:34","slug":"le-chauffage-au-bois-energie-responsable","status":"publish","type":"post","link":"https:\/\/dev.invicta.wp19.axome.cc\/fr\/2019\/08\/28\/le-chauffage-au-bois-energie-responsable\/","title":{"rendered":"Le chauffage au bois : Energie responsable"},"content":{"rendered":"<h2>Le chauffage au bois est la premi\u00e8re source d\u2019\u00e9nergie renouvelable en France. Pr\u00e8s de 8 millions de foyers fran\u00e7ais sont aujourd\u2019hui \u00e9quip\u00e9s.<\/h2>\n<p>Le chauffage au bois est la premi\u00e8re source d\u2019\u00e9nergie renouvelable en France. Pr\u00e8s de 8 millions de foyers fran\u00e7ais sont aujourd\u2019hui \u00e9quip\u00e9s avec un objectif de 9 millions d\u2019ici fin 2020 fix\u00e9 par le Grenelle de l\u2019environnement.<\/p>\n<p><b>Flamme Verte : le label des appareils de chauffage au bois performants.<\/b><\/p>\n<p>Depuis 2000, sous l\u2019impulsion du label Flamme Verte, les fabricants d\u2019appareils de chauffage au bois s\u2019engagent dans l\u2019am\u00e9lioration continue des performances de leurs produits. Ils n\u2019ont eu de cesse de se r\u00e9inventer et de progresser au gr\u00e8s des avanc\u00e9es technologiques.<\/p>\n<p>La notion d\u2019\u00e9nergie durable et responsable implique le d\u00e9veloppement d\u2019appareils toujours plus performants pour r\u00e9duire leur impact sur la qualit\u00e9 de l\u2019air :<\/p>\n<p>\u2022 Am\u00e9lioration de la combustion du bois.<br \/>\n\u2022 Augmentation de l\u2019efficacit\u00e9 \u00e9nerg\u00e9tique.<br \/>\n\u2022 R\u00e9duction des \u00e9missions de CO et de poussi\u00e8res.<br \/>\n\u2022 R\u00e9duction de la consommation de combustible.<\/p>\n<p>Les nouvelles g\u00e9n\u00e9rations d\u2019appareils de chauffage au bois, lab\u00e9lis\u00e9s Flamme Verte sont donc plus vertueuses pour l\u2019environnement. Certaines r\u00e9gions, dans le cadre de leur plan de protection de l\u2019atmosph\u00e8re incitent financi\u00e8rement leurs habitants \u00e0 renouveler leur ancien appareil de chauffage au bois.<\/p>\n<p>En estampillant une grande partie de sa gamme de produits 7 \u00e9toiles (qui sont les seuls \u00e9ligibles au label Flamme Verte depuis le 1er Janvier 2020) Invicta s\u2019engage pleinement dans cette logique de consommation d\u2019une \u00e9nergie responsable et durable.<\/p>\n<p><b>Des conseils pratiques pour se chauffer au bois de fa\u00e7on responsable.<\/b><\/p>\n<p>Les fabricants d\u2019appareils de chauffage au bois, regroup\u00e9s au sein du Syndicat des Energies Renouvelables et associ\u00e9s au r\u00e9seau ONF Energie Bois et \u00e0 l\u2019Unitam (Syndicat des conduits de fum\u00e9e), ont imagin\u00e9 un dispositif visant aussi bien les particuliers que les professionnels. L\u2019objectif est de les sensibiliser aux crit\u00e8res responsables de choix des appareils de chauffage et aux bonnes pratiques dans leur installation, utilisation et entretien.<\/p>\n<p>Une campagne nationale de communication intitul\u00e9e \u00ab Le chauffage au bois : \u00e9nergie responsable \u00bb prodigue informations et conseils via diff\u00e9rents supports tels que des messages radios, un site internet d\u00e9di\u00e9 : www.lebois-energie.fr et des tutoriels vid\u00e9os.<\/p>\n<p><b>Invicta se joint \u00e0 cette campagne et conseille de suivre les points suivants afin d\u2019utiliser votre appareil de chauffage au bois dans les meilleures conditions :<\/b><\/p>\n<p>\u2022 Renouveler les appareils de chauffage b\u00fbches ant\u00e9rieurs \u00e0 2002.<br \/>\n\u2022 Faire r\u00e9aliser l\u2019installation par un professionnel qualifi\u00e9 et certifi\u00e9 RGE Qualibois.<br \/>\n\u2022 Utiliser un combustible de qualit\u00e9 et sec.<br \/>\n\u2022 Entretenir r\u00e9guli\u00e8rement l\u2019appareil et son conduit d\u2019\u00e9vacuation.<\/p>\n<p>Vous pouvez localiser les concessionnaires Invicta Shop et les autres professionnels qualifi\u00e9s partenaires Invicta \u00e0 partir de notre carte de revendeurs.<\/p>\n<p>Invicta vous invite \u00e0 visionner les vid\u00e9os de conseils Flamme Verte afin de bien choisir votre bois de chauffage ou vos granul\u00e9s, ou de bien entretenir votre appareil pour en assurer sa long\u00e9vit\u00e9.<\/p>\n<p>Energie responsable, le chauffage au bois offre donc de multiples avantages : modernit\u00e9, confort et \u00e9conomies.<\/p>\n<p>N\u2019h\u00e9sitez plus : de nombreuses aides financi\u00e8res vous accompagnent dans votre projet chauffage au bois et vous permettent de r\u00e9duire le montant de votre investissement.<\/p>\n","protected":false},"excerpt":{"rendered":"<p>Le chauffage au bois est la premi\u00e8re source d\u2019\u00e9nergie renouvelable en France. Pr\u00e8s de 8 millions de foyers fran\u00e7ais sont aujourd\u2019hui \u00e9quip\u00e9s. Le chauffage au bois est la premi\u00e8re source d\u2019\u00e9nergie renouvelable en France. Pr\u00e8s de 8 millions de foyers fran\u00e7ais sont aujourd\u2019hui \u00e9quip\u00e9s avec un objectif de 9 millions d\u2019ici fin 2020 fix\u00e9 par [&hellip;]<\/p>\n","protected":false},"author":225,"featured_media":23627,"comment_status":"closed","ping_status":"open","sticky":false,"template":"","format":"standard","meta":{"_acf_changed":false,"footnotes":""},"categories":[104],"tags":[],"class_list":{"1":"post","5":"has-post-thumbnail"},"acf":[],"yoast_head":"<!-- This site is optimized with the Yoast SEO plugin v24.7 - https:\/\/yoast.com\/wordpress\/plugins\/seo\/ -->\n<title>Le chauffage au bois : Energie responsable - Invicta<\/title>\n<meta name=\"description\" content=\"Le chauffage au bois est la premi\u00e8re source d\u2019\u00e9nergie renouvelable en France. Pr\u00e8s de 8 millions de foyers fran\u00e7ais sont aujourd\u2019hui \u00e9quip\u00e9s. Le chauffage\" \/>\n<meta name=\"robots\" content=\"index, follow, max-snippet:-1, max-image-preview:large, max-video-preview:-1\" \/>\n<link rel=\"canonical\" href=\"https:\/\/dev.invicta.wp19.axome.cc\/fr\/2019\/08\/28\/le-chauffage-au-bois-energie-responsable\/\" \/>\n<meta property=\"og:locale\" content=\"fr_FR\" \/>\n<meta property=\"og:type\" content=\"article\" \/>\n<meta property=\"og:title\" content=\"Le chauffage au bois : Energie responsable - Invicta\" \/>\n<meta property=\"og:description\" content=\"Le chauffage au bois est la premi\u00e8re source d\u2019\u00e9nergie renouvelable en France. Pr\u00e8s de 8 millions de foyers fran\u00e7ais sont aujourd\u2019hui \u00e9quip\u00e9s. Le chauffage\" \/>\n<meta property=\"og:url\" content=\"https:\/\/dev.invicta.wp19.axome.cc\/fr\/2019\/08\/28\/le-chauffage-au-bois-energie-responsable\/\" \/>\n<meta property=\"og:site_name\" content=\"Invicta\" \/>\n<meta property=\"article:published_time\" content=\"2019-08-28T15:48:22+00:00\" \/>\n<meta property=\"article:modified_time\" content=\"2021-04-20T14:36:34+00:00\" \/>\n<meta property=\"og:image\" content=\"https:\/\/dev.invicta.wp19.axome.cc\/wp-content\/uploads\/2019\/09\/NEW-article-GAYA_ARDOISE_poele_a_bois_ambiance_700_1431614108.jpg\" \/>\n\t<meta property=\"og:image:width\" content=\"692\" \/>\n\t<meta property=\"og:image:height\" content=\"494\" \/>\n\t<meta property=\"og:image:type\" content=\"image\/jpeg\" \/>\n<meta name=\"author\" content=\"wpaxome\" \/>\n<meta name=\"twitter:card\" content=\"summary_large_image\" \/>\n<meta name=\"twitter:label1\" content=\"\u00c9crit par\" \/>\n\t<meta name=\"twitter:data1\" content=\"wpaxome\" \/>\n\t<meta name=\"twitter:label2\" content=\"Dur\u00e9e de lecture estim\u00e9e\" \/>\n\t<meta name=\"twitter:data2\" content=\"3 minutes\" \/>\n<script type=\"application\/ld+json\" class=\"yoast-schema-graph\">{\"@context\":\"https:\/\/schema.org\",\"@graph\":[{\"@type\":\"Article\",\"@id\":\"https:\/\/dev.invicta.wp19.axome.cc\/fr\/2019\/08\/28\/le-chauffage-au-bois-energie-responsable\/#article\",\"isPartOf\":{\"@id\":\"https:\/\/dev.invicta.wp19.axome.cc\/fr\/2019\/08\/28\/le-chauffage-au-bois-energie-responsable\/\"},\"author\":{\"name\":\"wpaxome\",\"@id\":\"https:\/\/dev.invicta.wp19.axome.cc\/fr\/#\/schema\/person\/119046844ea476affd0fd9c352e5ab62\"},\"headline\":\"Le chauffage au bois : Energie responsable\",\"datePublished\":\"2019-08-28T15:48:22+00:00\",\"dateModified\":\"2021-04-20T14:36:34+00:00\",\"mainEntityOfPage\":{\"@id\":\"https:\/\/dev.invicta.wp19.axome.cc\/fr\/2019\/08\/28\/le-chauffage-au-bois-energie-responsable\/\"},\"wordCount\":569,\"publisher\":{\"@id\":\"https:\/\/dev.invicta.wp19.axome.cc\/fr\/#organization\"},\"image\":{\"@id\":\"https:\/\/dev.invicta.wp19.axome.cc\/fr\/2019\/08\/28\/le-chauffage-au-bois-energie-responsable\/#primaryimage\"},\"thumbnailUrl\":\"https:\/\/dev.invicta.wp19.axome.cc\/wp-content\/uploads\/2019\/09\/NEW-article-GAYA_ARDOISE_poele_a_bois_ambiance_700_1431614108.jpg\",\"articleSection\":[\"Conseils\"],\"inLanguage\":\"fr-FR\"},{\"@type\":\"WebPage\",\"@id\":\"https:\/\/dev.invicta.wp19.axome.cc\/fr\/2019\/08\/28\/le-chauffage-au-bois-energie-responsable\/\",\"url\":\"https:\/\/dev.invicta.wp19.axome.cc\/fr\/2019\/08\/28\/le-chauffage-au-bois-energie-responsable\/\",\"name\":\"Le chauffage au bois : Energie responsable - Invicta\",\"isPartOf\":{\"@id\":\"https:\/\/dev.invicta.wp19.axome.cc\/fr\/#website\"},\"primaryImageOfPage\":{\"@id\":\"https:\/\/dev.invicta.wp19.axome.cc\/fr\/2019\/08\/28\/le-chauffage-au-bois-energie-responsable\/#primaryimage\"},\"image\":{\"@id\":\"https:\/\/dev.invicta.wp19.axome.cc\/fr\/2019\/08\/28\/le-chauffage-au-bois-energie-responsable\/#primaryimage\"},\"thumbnailUrl\":\"https:\/\/dev.invicta.wp19.axome.cc\/wp-content\/uploads\/2019\/09\/NEW-article-GAYA_ARDOISE_poele_a_bois_ambiance_700_1431614108.jpg\",\"datePublished\":\"2019-08-28T15:48:22+00:00\",\"dateModified\":\"2021-04-20T14:36:34+00:00\",\"description\":\"Le chauffage au bois est la premi\u00e8re source d\u2019\u00e9nergie renouvelable en France. Pr\u00e8s de 8 millions de foyers fran\u00e7ais sont aujourd\u2019hui \u00e9quip\u00e9s. Le chauffage\",\"breadcrumb\":{\"@id\":\"https:\/\/dev.invicta.wp19.axome.cc\/fr\/2019\/08\/28\/le-chauffage-au-bois-energie-responsable\/#breadcrumb\"},\"inLanguage\":\"fr-FR\",\"potentialAction\":[{\"@type\":\"ReadAction\",\"target\":[\"https:\/\/dev.invicta.wp19.axome.cc\/fr\/2019\/08\/28\/le-chauffage-au-bois-energie-responsable\/\"]}]},{\"@type\":\"ImageObject\",\"inLanguage\":\"fr-FR\",\"@id\":\"https:\/\/dev.invicta.wp19.axome.cc\/fr\/2019\/08\/28\/le-chauffage-au-bois-energie-responsable\/#primaryimage\",\"url\":\"https:\/\/dev.invicta.wp19.axome.cc\/wp-content\/uploads\/2019\/09\/NEW-article-GAYA_ARDOISE_poele_a_bois_ambiance_700_1431614108.jpg\",\"contentUrl\":\"https:\/\/dev.invicta.wp19.axome.cc\/wp-content\/uploads\/2019\/09\/NEW-article-GAYA_ARDOISE_poele_a_bois_ambiance_700_1431614108.jpg\",\"width\":692,\"height\":494,\"caption\":\"018\"},{\"@type\":\"BreadcrumbList\",\"@id\":\"https:\/\/dev.invicta.wp19.axome.cc\/fr\/2019\/08\/28\/le-chauffage-au-bois-energie-responsable\/#breadcrumb\",\"itemListElement\":[{\"@type\":\"ListItem\",\"position\":1,\"name\":\"Accueil\",\"item\":\"https:\/\/dev.invicta.wp19.axome.cc\/fr\/\"},{\"@type\":\"ListItem\",\"position\":2,\"name\":\"Actus\",\"item\":\"https:\/\/dev.invicta.wp19.axome.cc\/fr\/category\/actus\/\"},{\"@type\":\"ListItem\",\"position\":3,\"name\":\"Le chauffage au bois : Energie responsable\"}]},{\"@type\":\"WebSite\",\"@id\":\"https:\/\/dev.invicta.wp19.axome.cc\/fr\/#website\",\"url\":\"https:\/\/dev.invicta.wp19.axome.cc\/fr\/\",\"name\":\"Invicta\",\"description\":\"Fabricant fran\u00e7ais, sp\u00e9cialiste europ\u00e9en du chauffage au bois : po\u00eales \u00e0 bois et \u00e0 granul\u00e9s, chemin\u00e9es, foyers et inserts\",\"publisher\":{\"@id\":\"https:\/\/dev.invicta.wp19.axome.cc\/fr\/#organization\"},\"potentialAction\":[{\"@type\":\"SearchAction\",\"target\":{\"@type\":\"EntryPoint\",\"urlTemplate\":\"https:\/\/dev.invicta.wp19.axome.cc\/fr\/?s={search_term_string}\"},\"query-input\":{\"@type\":\"PropertyValueSpecification\",\"valueRequired\":true,\"valueName\":\"search_term_string\"}}],\"inLanguage\":\"fr-FR\"},{\"@type\":\"Organization\",\"@id\":\"https:\/\/dev.invicta.wp19.axome.cc\/fr\/#organization\",\"name\":\"Invicta\",\"url\":\"https:\/\/dev.invicta.wp19.axome.cc\/fr\/\",\"logo\":{\"@type\":\"ImageObject\",\"inLanguage\":\"fr-FR\",\"@id\":\"https:\/\/dev.invicta.wp19.axome.cc\/fr\/#\/schema\/logo\/image\/\",\"url\":\"https:\/\/www.invicta.fr\/wp-content\/uploads\/2019\/06\/INVICTALOGO_RVB.png\",\"contentUrl\":\"https:\/\/www.invicta.fr\/wp-content\/uploads\/2019\/06\/INVICTALOGO_RVB.png\",\"width\":1810,\"height\":1280,\"caption\":\"Invicta\"},\"image\":{\"@id\":\"https:\/\/dev.invicta.wp19.axome.cc\/fr\/#\/schema\/logo\/image\/\"}},{\"@type\":\"Person\",\"@id\":\"https:\/\/dev.invicta.wp19.axome.cc\/fr\/#\/schema\/person\/119046844ea476affd0fd9c352e5ab62\",\"name\":\"wpaxome\",\"image\":{\"@type\":\"ImageObject\",\"inLanguage\":\"fr-FR\",\"@id\":\"https:\/\/dev.invicta.wp19.axome.cc\/fr\/#\/schema\/person\/image\/\",\"url\":\"https:\/\/secure.gravatar.com\/avatar\/de042c05c2e4e656a3baebd24bc19a3d?s=96&d=mm&r=g\",\"contentUrl\":\"https:\/\/secure.gravatar.com\/avatar\/de042c05c2e4e656a3baebd24bc19a3d?s=96&d=mm&r=g\",\"caption\":\"wpaxome\"}}]}<\/script>\n<!-- \/ Yoast SEO plugin. -->","yoast_head_json":{"title":"Le chauffage au bois : Energie responsable - Invicta","description":"Le chauffage au bois est la premi\u00e8re source d\u2019\u00e9nergie renouvelable en France. Pr\u00e8s de 8 millions de foyers fran\u00e7ais sont aujourd\u2019hui \u00e9quip\u00e9s. Le chauffage","robots":{"index":"index","follow":"follow","max-snippet":"max-snippet:-1","max-image-preview":"max-image-preview:large","max-video-preview":"max-video-preview:-1"},"canonical":"https:\/\/dev.invicta.wp19.axome.cc\/fr\/2019\/08\/28\/le-chauffage-au-bois-energie-responsable\/","og_locale":"fr_FR","og_type":"article","og_title":"Le chauffage au bois : Energie responsable - Invicta","og_description":"Le chauffage au bois est la premi\u00e8re source d\u2019\u00e9nergie renouvelable en France. Pr\u00e8s de 8 millions de foyers fran\u00e7ais sont aujourd\u2019hui \u00e9quip\u00e9s. Le chauffage","og_url":"https:\/\/dev.invicta.wp19.axome.cc\/fr\/2019\/08\/28\/le-chauffage-au-bois-energie-responsable\/","og_site_name":"Invicta","article_published_time":"2019-08-28T15:48:22+00:00","article_modified_time":"2021-04-20T14:36:34+00:00","og_image":[{"width":692,"height":494,"url":"https:\/\/dev.invicta.wp19.axome.cc\/wp-content\/uploads\/2019\/09\/NEW-article-GAYA_ARDOISE_poele_a_bois_ambiance_700_1431614108.jpg","type":"image\/jpeg"}],"author":"wpaxome","twitter_card":"summary_large_image","twitter_misc":{"\u00c9crit par":"wpaxome","Dur\u00e9e de lecture estim\u00e9e":"3 minutes"},"schema":{"@context":"https:\/\/schema.org","@graph":[{"@type":"Article","@id":"https:\/\/dev.invicta.wp19.axome.cc\/fr\/2019\/08\/28\/le-chauffage-au-bois-energie-responsable\/#article","isPartOf":{"@id":"https:\/\/dev.invicta.wp19.axome.cc\/fr\/2019\/08\/28\/le-chauffage-au-bois-energie-responsable\/"},"author":{"name":"wpaxome","@id":"https:\/\/dev.invicta.wp19.axome.cc\/fr\/#\/schema\/person\/119046844ea476affd0fd9c352e5ab62"},"headline":"Le chauffage au bois : Energie responsable","datePublished":"2019-08-28T15:48:22+00:00","dateModified":"2021-04-20T14:36:34+00:00","mainEntityOfPage":{"@id":"https:\/\/dev.invicta.wp19.axome.cc\/fr\/2019\/08\/28\/le-chauffage-au-bois-energie-responsable\/"},"wordCount":569,"publisher":{"@id":"https:\/\/dev.invicta.wp19.axome.cc\/fr\/#organization"},"image":{"@id":"https:\/\/dev.invicta.wp19.axome.cc\/fr\/2019\/08\/28\/le-chauffage-au-bois-energie-responsable\/#primaryimage"},"thumbnailUrl":"https:\/\/dev.invicta.wp19.axome.cc\/wp-content\/uploads\/2019\/09\/NEW-article-GAYA_ARDOISE_poele_a_bois_ambiance_700_1431614108.jpg","articleSection":["Conseils"],"inLanguage":"fr-FR"},{"@type":"WebPage","@id":"https:\/\/dev.invicta.wp19.axome.cc\/fr\/2019\/08\/28\/le-chauffage-au-bois-energie-responsable\/","url":"https:\/\/dev.invicta.wp19.axome.cc\/fr\/2019\/08\/28\/le-chauffage-au-bois-energie-responsable\/","name":"Le chauffage au bois : Energie responsable - Invicta","isPartOf":{"@id":"https:\/\/dev.invicta.wp19.axome.cc\/fr\/#website"},"primaryImageOfPage":{"@id":"https:\/\/dev.invicta.wp19.axome.cc\/fr\/2019\/08\/28\/le-chauffage-au-bois-energie-responsable\/#primaryimage"},"image":{"@id":"https:\/\/dev.invicta.wp19.axome.cc\/fr\/2019\/08\/28\/le-chauffage-au-bois-energie-responsable\/#primaryimage"},"thumbnailUrl":"https:\/\/dev.invicta.wp19.axome.cc\/wp-content\/uploads\/2019\/09\/NEW-article-GAYA_ARDOISE_poele_a_bois_ambiance_700_1431614108.jpg","datePublished":"2019-08-28T15:48:22+00:00","dateModified":"2021-04-20T14:36:34+00:00","description":"Le chauffage au bois est la premi\u00e8re source d\u2019\u00e9nergie renouvelable en France. Pr\u00e8s de 8 millions de foyers fran\u00e7ais sont aujourd\u2019hui \u00e9quip\u00e9s. Le chauffage","breadcrumb":{"@id":"https:\/\/dev.invicta.wp19.axome.cc\/fr\/2019\/08\/28\/le-chauffage-au-bois-energie-responsable\/#breadcrumb"},"inLanguage":"fr-FR","potentialAction":[{"@type":"ReadAction","target":["https:\/\/dev.invicta.wp19.axome.cc\/fr\/2019\/08\/28\/le-chauffage-au-bois-energie-responsable\/"]}]},{"@type":"ImageObject","inLanguage":"fr-FR","@id":"https:\/\/dev.invicta.wp19.axome.cc\/fr\/2019\/08\/28\/le-chauffage-au-bois-energie-responsable\/#primaryimage","url":"https:\/\/dev.invicta.wp19.axome.cc\/wp-content\/uploads\/2019\/09\/NEW-article-GAYA_ARDOISE_poele_a_bois_ambiance_700_1431614108.jpg","contentUrl":"https:\/\/dev.invicta.wp19.axome.cc\/wp-content\/uploads\/2019\/09\/NEW-article-GAYA_ARDOISE_poele_a_bois_ambiance_700_1431614108.jpg","width":692,"height":494,"caption":"018"},{"@type":"BreadcrumbList","@id":"https:\/\/dev.invicta.wp19.axome.cc\/fr\/2019\/08\/28\/le-chauffage-au-bois-energie-responsable\/#breadcrumb","itemListElement":[{"@type":"ListItem","position":1,"name":"Accueil","item":"https:\/\/dev.invicta.wp19.axome.cc\/fr\/"},{"@type":"ListItem","position":2,"name":"Actus","item":"https:\/\/dev.invicta.wp19.axome.cc\/fr\/category\/actus\/"},{"@type":"ListItem","position":3,"name":"Le chauffage au bois : Energie responsable"}]},{"@type":"WebSite","@id":"https:\/\/dev.invicta.wp19.axome.cc\/fr\/#website","url":"https:\/\/dev.invicta.wp19.axome.cc\/fr\/","name":"Invicta","description":"Fabricant fran\u00e7ais, sp\u00e9cialiste europ\u00e9en du chauffage au bois : po\u00eales \u00e0 bois et \u00e0 granul\u00e9s, chemin\u00e9es, foyers et inserts","publisher":{"@id":"https:\/\/dev.invicta.wp19.axome.cc\/fr\/#organization"},"potentialAction":[{"@type":"SearchAction","target":{"@type":"EntryPoint","urlTemplate":"https:\/\/dev.invicta.wp19.axome.cc\/fr\/?s={search_term_string}"},"query-input":{"@type":"PropertyValueSpecification","valueRequired":true,"valueName":"search_term_string"}}],"inLanguage":"fr-FR"},{"@type":"Organization","@id":"https:\/\/dev.invicta.wp19.axome.cc\/fr\/#organization","name":"Invicta","url":"https:\/\/dev.invicta.wp19.axome.cc\/fr\/","logo":{"@type":"ImageObject","inLanguage":"fr-FR","@id":"https:\/\/dev.invicta.wp19.axome.cc\/fr\/#\/schema\/logo\/image\/","url":"https:\/\/www.invicta.fr\/wp-content\/uploads\/2019\/06\/INVICTALOGO_RVB.png","contentUrl":"https:\/\/www.invicta.fr\/wp-content\/uploads\/2019\/06\/INVICTALOGO_RVB.png","width":1810,"height":1280,"caption":"Invicta"},"image":{"@id":"https:\/\/dev.invicta.wp19.axome.cc\/fr\/#\/schema\/logo\/image\/"}},{"@type":"Person","@id":"https:\/\/dev.invicta.wp19.axome.cc\/fr\/#\/schema\/person\/119046844ea476affd0fd9c352e5ab62","name":"wpaxome","image":{"@type":"ImageObject","inLanguage":"fr-FR","@id":"https:\/\/dev.invicta.wp19.axome.cc\/fr\/#\/schema\/person\/image\/","url":"https:\/\/secure.gravatar.com\/avatar\/de042c05c2e4e656a3baebd24bc19a3d?s=96&d=mm&r=g","contentUrl":"https:\/\/secure.gravatar.com\/avatar\/de042c05c2e4e656a3baebd24bc19a3d?s=96&d=mm&r=g","caption":"wpaxome"}}]}},"_links":{"self":[{"href":"https:\/\/dev.invicta.wp19.axome.cc\/fr\/wp-json\/wp\/v2\/posts\/2063","targetHints":{"allow":["GET"]}}],"collection":[{"href":"https:\/\/dev.invicta.wp19.axome.cc\/fr\/wp-json\/wp\/v2\/posts"}],"about":[{"href":"https:\/\/dev.invicta.wp19.axome.cc\/fr\/wp-json\/wp\/v2\/types\/post"}],"author":[{"embeddable":true,"href":"https:\/\/dev.invicta.wp19.axome.cc\/fr\/wp-json\/wp\/v2\/users\/225"}],"replies":[{"embeddable":true,"href":"https:\/\/dev.invicta.wp19.axome.cc\/fr\/wp-json\/wp\/v2\/comments?post=2063"}],"version-history":[{"count":0,"href":"https:\/\/dev.invicta.wp19.axome.cc\/fr\/wp-json\/wp\/v2\/posts\/2063\/revisions"}],"wp:featuredmedia":[{"embeddable":true,"href":"https:\/\/dev.invicta.wp19.axome.cc\/fr\/wp-json\/wp\/v2\/media\/23627"}],"wp:attachment":[{"href":"https:\/\/dev.invicta.wp19.axome.cc\/fr\/wp-json\/wp\/v2\/media?parent=2063"}],"wp:term":[{"taxonomy":"category","embeddable":true,"href":"https:\/\/dev.invicta.wp19.axome.cc\/fr\/wp-json\/wp\/v2\/categories?post=2063"},{"taxonomy":"post_tag","embeddable":true,"href":"https:\/\/dev.invicta.wp19.axome.cc\/fr\/wp-json\/wp\/v2\/tags?post=2063"}],"curies":[{"name":"wp","href":"https:\/\/api.w.org\/{rel}","templated":true}]}}