{"id":2205,"date":"2019-07-25T09:29:09","date_gmt":"2019-07-25T07:29:09","guid":{"rendered":"https:\/\/dev.invicta.wp19.axome.cc\/?p=2205"},"modified":"2022-04-22T15:02:36","modified_gmt":"2022-04-22T13:02:36","slug":"invicta-a-lhonneur-dans-le-13-heures","status":"publish","type":"post","link":"https:\/\/dev.invicta.wp19.axome.cc\/fr\/2019\/07\/25\/invicta-a-lhonneur-dans-le-13-heures\/","title":{"rendered":"Invicta \u00e0 l&#8217;honneur dans le 13 heures"},"content":{"rendered":"<h2>Un savoir-faire exceptionnel<\/h2>\n<p>&#8220;On en est tr\u00e8s fiers dans les Ardennes : la fabrication de po\u00eales en fonte, \u00e0 Donchery.&#8221; Jean-Pierre Pernaut, JT de 13 heures, TF1, lundi 9 janvier 2017<\/p>\n<p>Reportage de Vincent Dietsch et Vincent Ruckly<br \/>\n<a href=\"http:\/\/www.lci.fr\/replay\/jt-13-h-ardennes-le-poele-a-bois-un-chauffage-economique-2020871.html\">http:\/\/www.lci.fr\/replay\/jt-13-h-ardennes-le-poele-a-bois-un-chauffage-economique-2020871.html<\/a><\/p>\n<p>Au milieu de la for\u00eat ardennaise, c&#8217;est une maison tout en bois, uniquement chauff\u00e9e par un <a href=\"https:\/\/dev.invicta.wp19.axome.cc\/fr\/produit\/poele-fonte-pow-wow\/\">po\u00eale \u00e0 bois en fonte<\/a>. Pour <a href=\"http:\/\/dequet-design.fr\/\">Bernard Dequet<\/a>, le propri\u00e9taire et dessinateur des lieux, un autre mode de chauffage n&#8217;\u00e9tait pas envisageable : &#8220;C&#8217;est vraiment un objet vivant pour moi, le po\u00eale \u00e0 bois. C&#8217;est \u00e0 dire, il est vivant, de par le feu qu&#8217;il g\u00e9n\u00e8re. Et puis, c&#8217;est vraiment \u00e0 la fois maintenant un \u00e9l\u00e9ment de d\u00e9coration, mais aussi un \u00e9l\u00e9ment extr\u00eamement important dans l&#8217;habitat. \u00c7a cr\u00e9e une ambiance, une convivialit\u00e9 extraordinaire.&#8221; (Bernard Dequet)<\/p>\n<p>Et ce po\u00eale en fonte, comme des milliers d&#8217;autres depuis 1924, a \u00e9t\u00e9 fabriqu\u00e9 dans les Ardennes, par la fonderie Invicta. Toujours \u00e0 partir de coke, de minerai de fer, pur et recycl\u00e9, qui vont \u00eatre m\u00e9lang\u00e9s et mont\u00e9s en fusion jusqu&#8217;\u00e0 1500 degr\u00e9s. Une premi\u00e8re \u00e9tape essentielle que surveille Antonio avec beaucoup de fiert\u00e9 et la m\u00eame attention depuis 41 ans : &#8220;Il faut que je fasse attention un peu \u00e0 tout, au d\u00e9bit, aux temp\u00e9ratures, aux analyses de m\u00e9tal&#8230; Bref, c&#8217;est tout un tas de travail \u00e0 faire, \u00e0 expliquer en trente secondes, je ne sais pas le faire. Ah bien oui, c&#8217;est vivant : un petit peu \u00e0 l&#8217;oreille, un petit peu les yeux, \u00e0 l&#8217;\u00e9coute, tout \u00e7a, c&#8217;est comme \u00e7a qu&#8217;on fonctionne &#8221; (Antonio Maiurano)<\/p>\n<p>Une fois en fusion, la fonte va pouvoir \u00eatre coul\u00e9e dans des moules en sable pour fabriquer chaque \u00e9l\u00e9ment des futurs po\u00eales. Ce moule est aujourd&#8217;hui automatis\u00e9, tout comme le refroidissement des pi\u00e8ces. Il se fait dans un long tunnel, tr\u00e8s bruyant et tr\u00e8s remuant. Mais le tri, la finition et le contr\u00f4le restent manuels. Tout le savoir-faire de g\u00e9n\u00e9rations de fondeurs ardennais : &#8220;M\u00eame si c&#8217;est un travail qui n&#8217;est pas facile tous les jours, les gens aiment bien leur m\u00e9tier. On fait des pi\u00e8ces de quelques grammes \u00e0 des pi\u00e8ces de cinquante kilos avec des contraintes techniques, des contraintes thermiques et des contraintes de dimensions assez pr\u00e9cises&#8221; (Yves Dumortier)<\/p>\n<p>Les po\u00eales vont prendre forme ensuite dans l&#8217;atelier d&#8217;assemblage. Ici aussi, le m\u00e9tier a \u00e9volu\u00e9 avec plus de 200 mod\u00e8les diff\u00e9rents, plus performants, donc plus compliqu\u00e9s \u00e0 monter. &#8220;Maintenant, on a beaucoup de po\u00eales qui sont beaucoup plus techniques qu&#8217;avant&#8221;, &#8220;\u00c7a c&#8217;est s\u00fbr, les gens ne voient pas le travail qu&#8217;on fait dessus, toutes les petites choses qu&#8217;on est oblig\u00e9 de rajouter&#8221;<\/p>\n<p>Une \u00e9volution qu&#8217;on doit aussi \u00e0 un v\u00e9ritable laboratoire de recherche au sein m\u00eame de l&#8217;usine. Ici la combustion, mais aussi la pollution de chaque four \u00e0 bois est \u00e9tudi\u00e9e dans le moindre d\u00e9tail, pour rester le moyen de chauffage le plus efficace.<\/p>\n<p>&#8220;L&#8217;\u00e9nergie bois a tout un tas de vertus, c&#8217;est une \u00e9nergie renouvelable, c&#8217;est une \u00e9nergie solaire, issue de la photosynth\u00e8se. Et, il y a une condition, c&#8217;est de faire en sorte de la bruler convenablement. Donc de limiter au maximum la partie rejets.&#8221; (Serge Postel)<\/p>\n<p>Avec toutes ces innovations techniques et esth\u00e9tiques, les po\u00eales en fonte ardennais esp\u00e8rent continuer \u00e0 s\u00e9duire les amateurs de chauffage au bois, le moyen de chauffage qui reste toujours le plus \u00e9conomique.<\/p>\n<p>&#8220;Voil\u00e0, sp\u00e9cialit\u00e9 des Ardennes et des po\u00eales bien efficaces pour se r\u00e9chauffer&#8221; Jean-Pierre Pernaut<\/p>\n","protected":false},"excerpt":{"rendered":"<p>Un savoir-faire exceptionnel &#8220;On en est tr\u00e8s fiers dans les Ardennes : la fabrication de po\u00eales en fonte, \u00e0 Donchery.&#8221; Jean-Pierre Pernaut, JT de 13 heures, TF1, lundi 9 janvier 2017 Reportage de Vincent Dietsch et Vincent Ruckly http:\/\/www.lci.fr\/replay\/jt-13-h-ardennes-le-poele-a-bois-un-chauffage-economique-2020871.html Au milieu de la for\u00eat ardennaise, c&#8217;est une maison tout en bois, uniquement chauff\u00e9e par un [&hellip;]<\/p>\n","protected":false},"author":225,"featured_media":2206,"comment_status":"closed","ping_status":"open","sticky":false,"template":"","format":"standard","meta":{"_acf_changed":false,"footnotes":""},"categories":[1],"tags":[],"class_list":{"1":"post","5":"has-post-thumbnail"},"acf":[],"yoast_head":"<!-- This site is optimized with the Yoast SEO plugin v24.7 - https:\/\/yoast.com\/wordpress\/plugins\/seo\/ -->\n<title>Invicta \u00e0 l&#039;honneur dans le 13 heures - Invicta<\/title>\n<meta name=\"description\" content=\"Un savoir-faire exceptionnel &quot;On en est tr\u00e8s fiers dans les Ardennes : la fabrication de po\u00eales en fonte, \u00e0 Donchery.&quot; Jean-Pierre Pernaut, JT de 13\" \/>\n<meta name=\"robots\" content=\"index, follow, max-snippet:-1, max-image-preview:large, max-video-preview:-1\" \/>\n<link rel=\"canonical\" href=\"https:\/\/dev.invicta.wp19.axome.cc\/fr\/2019\/07\/25\/invicta-a-lhonneur-dans-le-13-heures\/\" \/>\n<meta property=\"og:locale\" content=\"fr_FR\" \/>\n<meta property=\"og:type\" content=\"article\" \/>\n<meta property=\"og:title\" content=\"Invicta \u00e0 l&#039;honneur dans le 13 heures - Invicta\" \/>\n<meta property=\"og:description\" content=\"Un savoir-faire exceptionnel &quot;On en est tr\u00e8s fiers dans les Ardennes : la fabrication de po\u00eales en fonte, \u00e0 Donchery.&quot; Jean-Pierre Pernaut, JT de 13\" \/>\n<meta property=\"og:url\" content=\"https:\/\/dev.invicta.wp19.axome.cc\/fr\/2019\/07\/25\/invicta-a-lhonneur-dans-le-13-heures\/\" \/>\n<meta property=\"og:site_name\" content=\"Invicta\" \/>\n<meta property=\"article:published_time\" content=\"2019-07-25T07:29:09+00:00\" \/>\n<meta property=\"article:modified_time\" content=\"2022-04-22T13:02:36+00:00\" \/>\n<meta property=\"og:image\" content=\"https:\/\/dev.invicta.wp19.axome.cc\/wp-content\/uploads\/2019\/07\/13h.png\" \/>\n\t<meta property=\"og:image:width\" content=\"500\" \/>\n\t<meta property=\"og:image:height\" content=\"281\" \/>\n\t<meta property=\"og:image:type\" content=\"image\/png\" \/>\n<meta name=\"author\" content=\"wpaxome\" \/>\n<meta name=\"twitter:card\" content=\"summary_large_image\" \/>\n<meta name=\"twitter:label1\" content=\"\u00c9crit par\" \/>\n\t<meta name=\"twitter:data1\" content=\"wpaxome\" \/>\n\t<meta name=\"twitter:label2\" content=\"Dur\u00e9e de lecture estim\u00e9e\" \/>\n\t<meta name=\"twitter:data2\" content=\"3 minutes\" \/>\n<script type=\"application\/ld+json\" class=\"yoast-schema-graph\">{\"@context\":\"https:\/\/schema.org\",\"@graph\":[{\"@type\":\"Article\",\"@id\":\"https:\/\/dev.invicta.wp19.axome.cc\/fr\/2019\/07\/25\/invicta-a-lhonneur-dans-le-13-heures\/#article\",\"isPartOf\":{\"@id\":\"https:\/\/dev.invicta.wp19.axome.cc\/fr\/2019\/07\/25\/invicta-a-lhonneur-dans-le-13-heures\/\"},\"author\":{\"name\":\"wpaxome\",\"@id\":\"https:\/\/dev.invicta.wp19.axome.cc\/fr\/#\/schema\/person\/119046844ea476affd0fd9c352e5ab62\"},\"headline\":\"Invicta \u00e0 l&#8217;honneur dans le 13 heures\",\"datePublished\":\"2019-07-25T07:29:09+00:00\",\"dateModified\":\"2022-04-22T13:02:36+00:00\",\"mainEntityOfPage\":{\"@id\":\"https:\/\/dev.invicta.wp19.axome.cc\/fr\/2019\/07\/25\/invicta-a-lhonneur-dans-le-13-heures\/\"},\"wordCount\":609,\"publisher\":{\"@id\":\"https:\/\/dev.invicta.wp19.axome.cc\/fr\/#organization\"},\"image\":{\"@id\":\"https:\/\/dev.invicta.wp19.axome.cc\/fr\/2019\/07\/25\/invicta-a-lhonneur-dans-le-13-heures\/#primaryimage\"},\"thumbnailUrl\":\"https:\/\/dev.invicta.wp19.axome.cc\/wp-content\/uploads\/2019\/07\/13h.png\",\"articleSection\":[\"Actus\"],\"inLanguage\":\"fr-FR\"},{\"@type\":\"WebPage\",\"@id\":\"https:\/\/dev.invicta.wp19.axome.cc\/fr\/2019\/07\/25\/invicta-a-lhonneur-dans-le-13-heures\/\",\"url\":\"https:\/\/dev.invicta.wp19.axome.cc\/fr\/2019\/07\/25\/invicta-a-lhonneur-dans-le-13-heures\/\",\"name\":\"Invicta \u00e0 l'honneur dans le 13 heures - Invicta\",\"isPartOf\":{\"@id\":\"https:\/\/dev.invicta.wp19.axome.cc\/fr\/#website\"},\"primaryImageOfPage\":{\"@id\":\"https:\/\/dev.invicta.wp19.axome.cc\/fr\/2019\/07\/25\/invicta-a-lhonneur-dans-le-13-heures\/#primaryimage\"},\"image\":{\"@id\":\"https:\/\/dev.invicta.wp19.axome.cc\/fr\/2019\/07\/25\/invicta-a-lhonneur-dans-le-13-heures\/#primaryimage\"},\"thumbnailUrl\":\"https:\/\/dev.invicta.wp19.axome.cc\/wp-content\/uploads\/2019\/07\/13h.png\",\"datePublished\":\"2019-07-25T07:29:09+00:00\",\"dateModified\":\"2022-04-22T13:02:36+00:00\",\"description\":\"Un savoir-faire exceptionnel \\\"On en est tr\u00e8s fiers dans les Ardennes : la fabrication de po\u00eales en fonte, \u00e0 Donchery.\\\" Jean-Pierre Pernaut, JT de 13\",\"breadcrumb\":{\"@id\":\"https:\/\/dev.invicta.wp19.axome.cc\/fr\/2019\/07\/25\/invicta-a-lhonneur-dans-le-13-heures\/#breadcrumb\"},\"inLanguage\":\"fr-FR\",\"potentialAction\":[{\"@type\":\"ReadAction\",\"target\":[\"https:\/\/dev.invicta.wp19.axome.cc\/fr\/2019\/07\/25\/invicta-a-lhonneur-dans-le-13-heures\/\"]}]},{\"@type\":\"ImageObject\",\"inLanguage\":\"fr-FR\",\"@id\":\"https:\/\/dev.invicta.wp19.axome.cc\/fr\/2019\/07\/25\/invicta-a-lhonneur-dans-le-13-heures\/#primaryimage\",\"url\":\"https:\/\/dev.invicta.wp19.axome.cc\/wp-content\/uploads\/2019\/07\/13h.png\",\"contentUrl\":\"https:\/\/dev.invicta.wp19.axome.cc\/wp-content\/uploads\/2019\/07\/13h.png\",\"width\":500,\"height\":281,\"caption\":\"Illustration journal de 13H TF1\"},{\"@type\":\"BreadcrumbList\",\"@id\":\"https:\/\/dev.invicta.wp19.axome.cc\/fr\/2019\/07\/25\/invicta-a-lhonneur-dans-le-13-heures\/#breadcrumb\",\"itemListElement\":[{\"@type\":\"ListItem\",\"position\":1,\"name\":\"Accueil\",\"item\":\"https:\/\/dev.invicta.wp19.axome.cc\/fr\/\"},{\"@type\":\"ListItem\",\"position\":2,\"name\":\"Actus\",\"item\":\"https:\/\/dev.invicta.wp19.axome.cc\/fr\/category\/actus\/\"},{\"@type\":\"ListItem\",\"position\":3,\"name\":\"Invicta \u00e0 l&#8217;honneur dans le 13 heures\"}]},{\"@type\":\"WebSite\",\"@id\":\"https:\/\/dev.invicta.wp19.axome.cc\/fr\/#website\",\"url\":\"https:\/\/dev.invicta.wp19.axome.cc\/fr\/\",\"name\":\"Invicta\",\"description\":\"Fabricant fran\u00e7ais, sp\u00e9cialiste europ\u00e9en du chauffage au bois : po\u00eales \u00e0 bois et \u00e0 granul\u00e9s, chemin\u00e9es, foyers et inserts\",\"publisher\":{\"@id\":\"https:\/\/dev.invicta.wp19.axome.cc\/fr\/#organization\"},\"potentialAction\":[{\"@type\":\"SearchAction\",\"target\":{\"@type\":\"EntryPoint\",\"urlTemplate\":\"https:\/\/dev.invicta.wp19.axome.cc\/fr\/?s={search_term_string}\"},\"query-input\":{\"@type\":\"PropertyValueSpecification\",\"valueRequired\":true,\"valueName\":\"search_term_string\"}}],\"inLanguage\":\"fr-FR\"},{\"@type\":\"Organization\",\"@id\":\"https:\/\/dev.invicta.wp19.axome.cc\/fr\/#organization\",\"name\":\"Invicta\",\"url\":\"https:\/\/dev.invicta.wp19.axome.cc\/fr\/\",\"logo\":{\"@type\":\"ImageObject\",\"inLanguage\":\"fr-FR\",\"@id\":\"https:\/\/dev.invicta.wp19.axome.cc\/fr\/#\/schema\/logo\/image\/\",\"url\":\"https:\/\/www.invicta.fr\/wp-content\/uploads\/2019\/06\/INVICTALOGO_RVB.png\",\"contentUrl\":\"https:\/\/www.invicta.fr\/wp-content\/uploads\/2019\/06\/INVICTALOGO_RVB.png\",\"width\":1810,\"height\":1280,\"caption\":\"Invicta\"},\"image\":{\"@id\":\"https:\/\/dev.invicta.wp19.axome.cc\/fr\/#\/schema\/logo\/image\/\"}},{\"@type\":\"Person\",\"@id\":\"https:\/\/dev.invicta.wp19.axome.cc\/fr\/#\/schema\/person\/119046844ea476affd0fd9c352e5ab62\",\"name\":\"wpaxome\",\"image\":{\"@type\":\"ImageObject\",\"inLanguage\":\"fr-FR\",\"@id\":\"https:\/\/dev.invicta.wp19.axome.cc\/fr\/#\/schema\/person\/image\/\",\"url\":\"https:\/\/secure.gravatar.com\/avatar\/de042c05c2e4e656a3baebd24bc19a3d?s=96&d=mm&r=g\",\"contentUrl\":\"https:\/\/secure.gravatar.com\/avatar\/de042c05c2e4e656a3baebd24bc19a3d?s=96&d=mm&r=g\",\"caption\":\"wpaxome\"}}]}<\/script>\n<!-- \/ Yoast SEO plugin. -->","yoast_head_json":{"title":"Invicta \u00e0 l'honneur dans le 13 heures - Invicta","description":"Un savoir-faire exceptionnel \"On en est tr\u00e8s fiers dans les Ardennes : la fabrication de po\u00eales en fonte, \u00e0 Donchery.\" Jean-Pierre Pernaut, JT de 13","robots":{"index":"index","follow":"follow","max-snippet":"max-snippet:-1","max-image-preview":"max-image-preview:large","max-video-preview":"max-video-preview:-1"},"canonical":"https:\/\/dev.invicta.wp19.axome.cc\/fr\/2019\/07\/25\/invicta-a-lhonneur-dans-le-13-heures\/","og_locale":"fr_FR","og_type":"article","og_title":"Invicta \u00e0 l'honneur dans le 13 heures - Invicta","og_description":"Un savoir-faire exceptionnel \"On en est tr\u00e8s fiers dans les Ardennes : la fabrication de po\u00eales en fonte, \u00e0 Donchery.\" Jean-Pierre Pernaut, JT de 13","og_url":"https:\/\/dev.invicta.wp19.axome.cc\/fr\/2019\/07\/25\/invicta-a-lhonneur-dans-le-13-heures\/","og_site_name":"Invicta","article_published_time":"2019-07-25T07:29:09+00:00","article_modified_time":"2022-04-22T13:02:36+00:00","og_image":[{"width":500,"height":281,"url":"https:\/\/dev.invicta.wp19.axome.cc\/wp-content\/uploads\/2019\/07\/13h.png","type":"image\/png"}],"author":"wpaxome","twitter_card":"summary_large_image","twitter_misc":{"\u00c9crit par":"wpaxome","Dur\u00e9e de lecture estim\u00e9e":"3 minutes"},"schema":{"@context":"https:\/\/schema.org","@graph":[{"@type":"Article","@id":"https:\/\/dev.invicta.wp19.axome.cc\/fr\/2019\/07\/25\/invicta-a-lhonneur-dans-le-13-heures\/#article","isPartOf":{"@id":"https:\/\/dev.invicta.wp19.axome.cc\/fr\/2019\/07\/25\/invicta-a-lhonneur-dans-le-13-heures\/"},"author":{"name":"wpaxome","@id":"https:\/\/dev.invicta.wp19.axome.cc\/fr\/#\/schema\/person\/119046844ea476affd0fd9c352e5ab62"},"headline":"Invicta \u00e0 l&#8217;honneur dans le 13 heures","datePublished":"2019-07-25T07:29:09+00:00","dateModified":"2022-04-22T13:02:36+00:00","mainEntityOfPage":{"@id":"https:\/\/dev.invicta.wp19.axome.cc\/fr\/2019\/07\/25\/invicta-a-lhonneur-dans-le-13-heures\/"},"wordCount":609,"publisher":{"@id":"https:\/\/dev.invicta.wp19.axome.cc\/fr\/#organization"},"image":{"@id":"https:\/\/dev.invicta.wp19.axome.cc\/fr\/2019\/07\/25\/invicta-a-lhonneur-dans-le-13-heures\/#primaryimage"},"thumbnailUrl":"https:\/\/dev.invicta.wp19.axome.cc\/wp-content\/uploads\/2019\/07\/13h.png","articleSection":["Actus"],"inLanguage":"fr-FR"},{"@type":"WebPage","@id":"https:\/\/dev.invicta.wp19.axome.cc\/fr\/2019\/07\/25\/invicta-a-lhonneur-dans-le-13-heures\/","url":"https:\/\/dev.invicta.wp19.axome.cc\/fr\/2019\/07\/25\/invicta-a-lhonneur-dans-le-13-heures\/","name":"Invicta \u00e0 l'honneur dans le 13 heures - Invicta","isPartOf":{"@id":"https:\/\/dev.invicta.wp19.axome.cc\/fr\/#website"},"primaryImageOfPage":{"@id":"https:\/\/dev.invicta.wp19.axome.cc\/fr\/2019\/07\/25\/invicta-a-lhonneur-dans-le-13-heures\/#primaryimage"},"image":{"@id":"https:\/\/dev.invicta.wp19.axome.cc\/fr\/2019\/07\/25\/invicta-a-lhonneur-dans-le-13-heures\/#primaryimage"},"thumbnailUrl":"https:\/\/dev.invicta.wp19.axome.cc\/wp-content\/uploads\/2019\/07\/13h.png","datePublished":"2019-07-25T07:29:09+00:00","dateModified":"2022-04-22T13:02:36+00:00","description":"Un savoir-faire exceptionnel \"On en est tr\u00e8s fiers dans les Ardennes : la fabrication de po\u00eales en fonte, \u00e0 Donchery.\" Jean-Pierre Pernaut, JT de 13","breadcrumb":{"@id":"https:\/\/dev.invicta.wp19.axome.cc\/fr\/2019\/07\/25\/invicta-a-lhonneur-dans-le-13-heures\/#breadcrumb"},"inLanguage":"fr-FR","potentialAction":[{"@type":"ReadAction","target":["https:\/\/dev.invicta.wp19.axome.cc\/fr\/2019\/07\/25\/invicta-a-lhonneur-dans-le-13-heures\/"]}]},{"@type":"ImageObject","inLanguage":"fr-FR","@id":"https:\/\/dev.invicta.wp19.axome.cc\/fr\/2019\/07\/25\/invicta-a-lhonneur-dans-le-13-heures\/#primaryimage","url":"https:\/\/dev.invicta.wp19.axome.cc\/wp-content\/uploads\/2019\/07\/13h.png","contentUrl":"https:\/\/dev.invicta.wp19.axome.cc\/wp-content\/uploads\/2019\/07\/13h.png","width":500,"height":281,"caption":"Illustration journal de 13H TF1"},{"@type":"BreadcrumbList","@id":"https:\/\/dev.invicta.wp19.axome.cc\/fr\/2019\/07\/25\/invicta-a-lhonneur-dans-le-13-heures\/#breadcrumb","itemListElement":[{"@type":"ListItem","position":1,"name":"Accueil","item":"https:\/\/dev.invicta.wp19.axome.cc\/fr\/"},{"@type":"ListItem","position":2,"name":"Actus","item":"https:\/\/dev.invicta.wp19.axome.cc\/fr\/category\/actus\/"},{"@type":"ListItem","position":3,"name":"Invicta \u00e0 l&#8217;honneur dans le 13 heures"}]},{"@type":"WebSite","@id":"https:\/\/dev.invicta.wp19.axome.cc\/fr\/#website","url":"https:\/\/dev.invicta.wp19.axome.cc\/fr\/","name":"Invicta","description":"Fabricant fran\u00e7ais, sp\u00e9cialiste europ\u00e9en du chauffage au bois : po\u00eales \u00e0 bois et \u00e0 granul\u00e9s, chemin\u00e9es, foyers et inserts","publisher":{"@id":"https:\/\/dev.invicta.wp19.axome.cc\/fr\/#organization"},"potentialAction":[{"@type":"SearchAction","target":{"@type":"EntryPoint","urlTemplate":"https:\/\/dev.invicta.wp19.axome.cc\/fr\/?s={search_term_string}"},"query-input":{"@type":"PropertyValueSpecification","valueRequired":true,"valueName":"search_term_string"}}],"inLanguage":"fr-FR"},{"@type":"Organization","@id":"https:\/\/dev.invicta.wp19.axome.cc\/fr\/#organization","name":"Invicta","url":"https:\/\/dev.invicta.wp19.axome.cc\/fr\/","logo":{"@type":"ImageObject","inLanguage":"fr-FR","@id":"https:\/\/dev.invicta.wp19.axome.cc\/fr\/#\/schema\/logo\/image\/","url":"https:\/\/www.invicta.fr\/wp-content\/uploads\/2019\/06\/INVICTALOGO_RVB.png","contentUrl":"https:\/\/www.invicta.fr\/wp-content\/uploads\/2019\/06\/INVICTALOGO_RVB.png","width":1810,"height":1280,"caption":"Invicta"},"image":{"@id":"https:\/\/dev.invicta.wp19.axome.cc\/fr\/#\/schema\/logo\/image\/"}},{"@type":"Person","@id":"https:\/\/dev.invicta.wp19.axome.cc\/fr\/#\/schema\/person\/119046844ea476affd0fd9c352e5ab62","name":"wpaxome","image":{"@type":"ImageObject","inLanguage":"fr-FR","@id":"https:\/\/dev.invicta.wp19.axome.cc\/fr\/#\/schema\/person\/image\/","url":"https:\/\/secure.gravatar.com\/avatar\/de042c05c2e4e656a3baebd24bc19a3d?s=96&d=mm&r=g","contentUrl":"https:\/\/secure.gravatar.com\/avatar\/de042c05c2e4e656a3baebd24bc19a3d?s=96&d=mm&r=g","caption":"wpaxome"}}]}},"_links":{"self":[{"href":"https:\/\/dev.invicta.wp19.axome.cc\/fr\/wp-json\/wp\/v2\/posts\/2205","targetHints":{"allow":["GET"]}}],"collection":[{"href":"https:\/\/dev.invicta.wp19.axome.cc\/fr\/wp-json\/wp\/v2\/posts"}],"about":[{"href":"https:\/\/dev.invicta.wp19.axome.cc\/fr\/wp-json\/wp\/v2\/types\/post"}],"author":[{"embeddable":true,"href":"https:\/\/dev.invicta.wp19.axome.cc\/fr\/wp-json\/wp\/v2\/users\/225"}],"replies":[{"embeddable":true,"href":"https:\/\/dev.invicta.wp19.axome.cc\/fr\/wp-json\/wp\/v2\/comments?post=2205"}],"version-history":[{"count":1,"href":"https:\/\/dev.invicta.wp19.axome.cc\/fr\/wp-json\/wp\/v2\/posts\/2205\/revisions"}],"predecessor-version":[{"id":46593,"href":"https:\/\/dev.invicta.wp19.axome.cc\/fr\/wp-json\/wp\/v2\/posts\/2205\/revisions\/46593"}],"wp:featuredmedia":[{"embeddable":true,"href":"https:\/\/dev.invicta.wp19.axome.cc\/fr\/wp-json\/wp\/v2\/media\/2206"}],"wp:attachment":[{"href":"https:\/\/dev.invicta.wp19.axome.cc\/fr\/wp-json\/wp\/v2\/media?parent=2205"}],"wp:term":[{"taxonomy":"category","embeddable":true,"href":"https:\/\/dev.invicta.wp19.axome.cc\/fr\/wp-json\/wp\/v2\/categories?post=2205"},{"taxonomy":"post_tag","embeddable":true,"href":"https:\/\/dev.invicta.wp19.axome.cc\/fr\/wp-json\/wp\/v2\/tags?post=2205"}],"curies":[{"name":"wp","href":"https:\/\/api.w.org\/{rel}","templated":true}]}}