{"id":51363,"date":"2022-09-01T17:18:41","date_gmt":"2022-09-01T15:18:41","guid":{"rendered":"https:\/\/dev.invicta.wp19.axome.cc\/?p=51363"},"modified":"2025-05-22T16:03:56","modified_gmt":"2025-05-22T14:03:56","slug":"comment-obtenir-la-prime-renov-pour-lachat-dun-poele-a-granules","status":"publish","type":"post","link":"https:\/\/dev.invicta.wp19.axome.cc\/fr\/2022\/09\/01\/comment-obtenir-la-prime-renov-pour-lachat-dun-poele-a-granules\/","title":{"rendered":"Obtenir la prime R\u00e9nov&#8217; pour l&#8217;achat d&#8217;un po\u00eale \u00e0 granul\u00e9s ou d&#8217;un po\u00eale \u00e0 bois en 2024"},"content":{"rendered":"\t\t<div data-elementor-type=\"wp-post\" data-elementor-id=\"51363\" class=\"elementor elementor-51363\" data-elementor-post-type=\"post\">\n\t\t\t\t\t\t<section class=\"elementor-section elementor-top-section elementor-element elementor-element-d7e5c70 elementor-section-boxed elementor-section-height-default elementor-section-height-default\" data-id=\"d7e5c70\" data-element_type=\"section\">\n\t\t\t\t\t\t<div class=\"elementor-container elementor-column-gap-default\">\n\t\t\t\t\t<div class=\"elementor-column elementor-col-100 elementor-top-column elementor-element elementor-element-b6e683a\" data-id=\"b6e683a\" data-element_type=\"column\">\n\t\t\t<div class=\"elementor-widget-wrap elementor-element-populated\">\n\t\t\t\t\t\t<div class=\"elementor-element elementor-element-0857b25 elementor-widget elementor-widget-heading\" data-id=\"0857b25\" data-element_type=\"widget\" data-widget_type=\"heading.default\">\n\t\t\t\t<div class=\"elementor-widget-container\">\n\t\t\t\t\t<h2 class=\"elementor-heading-title elementor-size-default\"><br>Investissez dans un nouveau mode de chauffage \u00e9cologique et \u00e9conomique ! <\/h2>\t\t\t\t<\/div>\n\t\t\t\t<\/div>\n\t\t\t\t<div class=\"elementor-element elementor-element-95bc6ef elementor-widget elementor-widget-text-editor\" data-id=\"95bc6ef\" data-element_type=\"widget\" data-widget_type=\"text-editor.default\">\n\t\t\t\t<div class=\"elementor-widget-container\">\n\t\t\t\t\t\t\t\t\t<p><span>Vous souhaitez passer l&#8217;hiver au chaud sans vous ruiner ? <\/span><span>Faites installer un <a rel=\"noopener\" href=\"https:\/\/dev.invicta.wp19.axome.cc\/fr\/categorie-produit\/poeles-granules\/\" target=\"_blank\">po\u00eale \u00e0 granul\u00e9s<\/a> ou un <a rel=\"noopener\" href=\"https:\/\/dev.invicta.wp19.axome.cc\/fr\/categorie-produit\/poeles-bois\/\" target=\"_blank\">po\u00eale \u00e0 bois<\/a> et vous r\u00e9duirez substantiellement votre facture \u00e9nerg\u00e9tique. Au-del\u00e0 des \u00e9conomies, vous limiterez votre impact sur l\u2019environnement en utilisant une \u00e9nergie renouvelable. Vous pourrez, de plus,\u00a0 b\u00e9n\u00e9ficier du dispositif <a rel=\"noopener\" href=\"https:\/\/www.economie.gouv.fr\/particuliers\/prime-renovation-energetique\" target=\"_blank\">MaPrimeR\u00e9nov\u2019<\/a> pour vous accompagner dans votre investissement et limiter les co\u00fbts d\u2019achat et d\u2019installation de votre po\u00eale \u00e0 granul\u00e9s. D\u00e9couvrez comment dans cet article.<\/span><\/p><h2><span>Quel est le principe de MaPrimeR\u00e9nov\u2019 ?<\/span><\/h2><p><span>MaPrimeR\u00e9nov\u2019 est un dispositif mis en place par l\u2019\u00c9tat pour favoriser la r\u00e9novation \u00e9nerg\u00e9tique des logements. Elle vient notamment remplacer le Cr\u00e9dit d\u2019Imp\u00f4t Transition \u00c9nerg\u00e9tique, supprim\u00e9 le <\/span>1<sup>er <\/sup><span> janvier 2021.<\/span><\/p><h3><span>Une aide <strong>en<\/strong> faveur de la transition \u00e9nerg\u00e9tique<\/span><\/h3><p><span>MaPrimeR\u00e9nov\u2019 est une aide cr\u00e9\u00e9e en 2020 par l\u2019Agence Nationale de l\u2019Habitat (ANAH). Elle a \u00e9t\u00e9 mise en place dans le cadre d\u2019un projet global en faveur de la transition \u00e9nerg\u00e9tique, afin d\u2019encourager la r\u00e9novation \u00e9nerg\u00e9tique des logements.<\/span><\/p><p><span>Elle peut aussi bien \u00eatre destin\u00e9e \u00e0 la r\u00e9novation d\u2019une maison individuelle, d\u2019un appartement, ou encore de r\u00e9sidences en copropri\u00e9t\u00e9s (sous conditions). Il faut cependant que le logement ait \u00e9t\u00e9 achev\u00e9 il y a plus de 15 ans.<\/span><\/p><p><span>Aujourd\u2019hui pr\u00e9sent\u00e9 comme le principal dispositif d\u2019aide \u00e0 la r\u00e9novation \u00e9nerg\u00e9tique, MaPrimeR\u00e9nov\u2019 permet de financer de nombreux travaux de r\u00e9novation et d\u2019am\u00e9lioration \u00e9nerg\u00e9tique. Elle peut ainsi financer des travaux d\u2019isolation, de chauffage, de ventilation, mais aussi les audits \u00e9nerg\u00e9tiques des logements. Le chauffage \u00e9tant une d\u00e9pense \u00e9nerg\u00e9tique importante, MaPrimeR\u00e9nov\u2019 peut \u00e9galement \u00eatre utilis\u00e9e pour plusieurs types de travaux de cette cat\u00e9gorie, du remplacement complet d\u2019un syst\u00e8me de chauffage \u00e0 l\u2019installation d\u2019un chauffage d\u2019appoint. C\u2019est donc une aide parfaitement compatible avec l\u2019installation d\u2019un po\u00eale \u00e0 granul\u00e9s ou d&#8217;un po\u00eale \u00e0 bois.<\/span><\/p><h3><span>Une aide accessible \u00e0 tous<\/span><\/h3><p><span>MaPrimeR\u00e9nov\u2019 par geste est aujourd\u2019hui accessible aux foyers aux revenus tr\u00e8s modestes, modestes et interm\u00e9diaires. Pour chaque type de projet, le montant de l\u2019aide varie selon les revenus du foyer. Cela signifie que tous les demandeurs n&#8217;auront pas droit \u00e0 une m\u00eame compensation pour les m\u00eames travaux.<\/span><\/p><p><span>De plus, ce dispositif a \u00e9t\u00e9 \u00e9largi en octobre 2020 aux propri\u00e9taires bailleurs, jusqu\u2019ici exclus du syst\u00e8me. En s\u2019adressant ainsi \u00e0 l\u2019ensemble des propri\u00e9taires et \u00e0 de nombreuses cat\u00e9gories de m\u00e9nages, MaPrimeR\u00e9nov\u2019 est donc une aide accessible \u00e0 de tr\u00e8s nombreux Fran\u00e7ais.<\/span><\/p><p>Les propri\u00e9taires occupants aux revenus sup\u00e9rieurs peuvent aussi acc\u00e9der \u00e0 des aides dans le cadre d&#8217;un programme de plusieurs r\u00e9novations (MaPrimeR\u00e9nov&#8217; Parcours accompagn\u00e9).<\/p><h2><span>Quel est le montant de MaPrimeR\u00e9nov\u2019 pour l\u2019achat d\u2019un po\u00eale \u00e0 granul\u00e9s ou d&#8217;un po\u00eale \u00e0 bois ?<\/span><\/h2><p><span>MaPrimeR\u00e9nov\u2019 est une aide forfaitaire, dont le montant est fixe et connu \u00e0 l\u2019avance. Ce dernier change selon les travaux effectu\u00e9s et les revenus des demandeurs.<\/span><\/p><h3><span>Un montant qui varie en fonction des revenus<\/span><\/h3><p><span>Le dispositif MaPrimeR\u00e9nov\u2019 d\u00e9finit 4 cat\u00e9gories de revenus, avec le code couleur suivant :\u00a0<\/span><\/p><ul><li aria-level=\"1\"><span>Bleu pour les m\u00e9nages \u00e0 revenus tr\u00e8s modestes ;<\/span><\/li><li aria-level=\"1\"><span>Jaune pour les m\u00e9nages \u00e0 revenus modestes ;<\/span><\/li><li aria-level=\"1\"><span>Violet pour les m\u00e9nages \u00e0 revenus interm\u00e9diaires ;<\/span><\/li><li aria-level=\"1\"><span>Rose pour les m\u00e9nages \u00e0 revenus sup\u00e9rieurs.<\/span><\/li><\/ul><p><span>Les plafonds de revenus sont ensuite fix\u00e9s en fonction de la r\u00e9gion (\u00cele-de-France ou hors \u00cele-de-France) et la composition du m\u00e9nage. Ils sont bas\u00e9s sur le Revenu Fiscal de R\u00e9f\u00e9rence qui figure sur l\u2019avis d\u2019imposition du foyer.<\/span><\/p><ul><\/ul>\t\t\t\t\t\t\t\t<\/div>\n\t\t\t\t<\/div>\n\t\t\t\t\t<\/div>\n\t\t<\/div>\n\t\t\t\t\t<\/div>\n\t\t<\/section>\n\t\t\t\t<section class=\"elementor-section elementor-top-section elementor-element elementor-element-f2fd27a elementor-section-boxed elementor-section-height-default elementor-section-height-default\" data-id=\"f2fd27a\" data-element_type=\"section\">\n\t\t\t\t\t\t<div class=\"elementor-container elementor-column-gap-default\">\n\t\t\t\t\t<div class=\"elementor-column elementor-col-100 elementor-top-column elementor-element elementor-element-5e118cb\" data-id=\"5e118cb\" data-element_type=\"column\">\n\t\t\t<div class=\"elementor-widget-wrap elementor-element-populated\">\n\t\t\t\t\t\t<div class=\"elementor-element elementor-element-82a3f48 elementor-widget elementor-widget-html\" data-id=\"82a3f48\" data-element_type=\"widget\" data-widget_type=\"html.default\">\n\t\t\t\t<div class=\"elementor-widget-container\">\n\t\t\t\t\t<iframe src=\"https:\/\/docs.google.com\/spreadsheets\/d\/e\/2PACX-1vTHT_3s_bg5gel-bnPQEiMbUPTiZEpEhmap6_stLFUn9MmFWYBnzc9mwU0WZ4b9r6dk0ZKYqRwpImCQ\/pubhtml?widget=true&amp;headers=false\" style=\"height:840px\"><\/iframe>\n\n\t\t\t\t<\/div>\n\t\t\t\t<\/div>\n\t\t\t\t\t<\/div>\n\t\t<\/div>\n\t\t\t\t\t<\/div>\n\t\t<\/section>\n\t\t\t\t<section class=\"elementor-section elementor-top-section elementor-element elementor-element-0adc317 elementor-section-boxed elementor-section-height-default elementor-section-height-default\" data-id=\"0adc317\" data-element_type=\"section\">\n\t\t\t\t\t\t<div class=\"elementor-container elementor-column-gap-default\">\n\t\t\t\t\t<div class=\"elementor-column elementor-col-100 elementor-top-column elementor-element elementor-element-7626604\" data-id=\"7626604\" data-element_type=\"column\">\n\t\t\t<div class=\"elementor-widget-wrap elementor-element-populated\">\n\t\t\t\t\t\t<div class=\"elementor-element elementor-element-a057fce elementor-widget elementor-widget-text-editor\" data-id=\"a057fce\" data-element_type=\"widget\" data-widget_type=\"text-editor.default\">\n\t\t\t\t<div class=\"elementor-widget-container\">\n\t\t\t\t\t\t\t\t\t<h3><span>Une aide forfaitaire cumulable avec d&#8217;autres aides<br \/><\/span><\/h3><p><span>Concernant l\u2019installation d\u2019un po\u00eale \u00e0 granul\u00e9s, MaPrimeR\u00e9nov\u2019 permet d\u2019obtenir une aide financi\u00e8re d\u2019un montant maximal de 2 500 \u20ac jusqu&#8217;au 31 mars 2024, et de 1 800 \u20ac \u00e0 partir du 1er avril 2024. <\/span><\/p><p><span>Depuis le 1er f\u00e9vrier 2023, pour l\u2019achat et l\u2019installation d\u2019un po\u00eale \u00e0 granul\u00e9s, le montant de l\u2019aide est le suivant pour chacune des cat\u00e9gories pr\u00e9cit\u00e9es :\u00a0<\/span><\/p><ul><li aria-level=\"1\"><span>2500 \u20ac pour MaPrimeR\u00e9nov\u2019 Bleu ;<\/span><\/li><li aria-level=\"1\"><span>2000 \u20ac pour MaPrimeR\u00e9nov\u2019 Jaune ;<\/span><\/li><li aria-level=\"1\"><span>1500 \u20ac pour MaPrimeR\u00e9nov\u2019 Violet.<\/span><\/li><\/ul><div><p><span>A partir du 1er avril 2024, pour l\u2019achat et l\u2019installation d\u2019un po\u00eale \u00e0 granul\u00e9s, le montant de l\u2019aide sera diminu\u00e9 de 30% :\u00a0<\/span><\/p><ul><li aria-level=\"1\"><span>1800 \u20ac pour MaPrimeR\u00e9nov\u2019 Bleu ;<\/span><\/li><li aria-level=\"1\"><span>1500 \u20ac pour MaPrimeR\u00e9nov\u2019 Jaune ;<\/span><\/li><li aria-level=\"1\"><span>1000 \u20ac pour MaPrimeR\u00e9nov\u2019 Violet.<\/span><\/li><\/ul><\/div><ul><\/ul><p><span>Les m\u00e9nages aux revenus sup\u00e9rieurs (MaPrimeR\u00e9nov\u2019 Rose) ne sont pas \u00e9ligibles au dispositif pour ce type de travaux par geste.\u00a0 <\/span><\/p><p><span>\u00c0 noter qu&#8217;il est possible de b\u00e9n\u00e9ficier d\u2019une bonification (Bonus \u201csortie de passoire\u201d ou B\u00e2timent Basse Consommation), mais \u00e9galement d\u2019un forfait r\u00e9novation \u00e9nerg\u00e9tique globale lorsque plusieurs travaux sont effectu\u00e9s et\/ou que l\u2019\u00e9tiquette \u00e9nergie est am\u00e9lior\u00e9e de mani\u00e8re significative. <\/span><span><\/span><\/p><p><span>Notez enfin que MaPrimeR\u00e9nov\u2019 est cumulable avec d\u2019autres dispositifs d\u2019aide \u00e0 la transition \u00e9nerg\u00e9tique, tels que la TVA r\u00e9duite \u00e0 5,5 % pour vos travaux d\u2019installation, le dispositif des Certificats d\u2019\u00c9conomie d\u2019\u00c9nergie ou encore certaines aides propos\u00e9es par les collectivit\u00e9s.<\/span><\/p><p><span><\/span><\/p><h2><span>Comment financer l\u2019achat d\u2019un po\u00eale \u00e0 granul\u00e9s ou d&#8217;un po\u00eale \u00e0 bois avec MaPrimeR\u00e9nov ?\u00a0<\/span><\/h2><p><span>Plusieurs d\u00e9marches sont n\u00e9cessaires pour b\u00e9n\u00e9ficier du dispositif MaPrimeR\u00e9nov\u2019. Il faut veiller \u00e0 bien respecter les diff\u00e9rentes \u00e9tapes afin d\u2019\u00eatre s\u00fbr de pouvoir percevoir cette aide.<\/span><\/p><h3><span>Faire une simulation<\/span><\/h3><p><span>La premi\u00e8re \u00e9tape pour b\u00e9n\u00e9ficier de ce dispositif est de tester son \u00e9ligibilit\u00e9 afin de conna\u00eetre le niveau de prise en charge. Pour ce faire, il faut se rendre sur <\/span><a rel=\"noopener\" href=\"https:\/\/france-renov.gouv.fr\/aides\/simulation\" target=\"_blank\"><span>Simul\u2019aides<\/span><\/a><span>, le simulateur mis \u00e0 disposition du public sur le site de France R\u00e9nov. Il vous permettra de savoir \u00e0 quelle cat\u00e9gorie de revenus vous appartenez et quel pourra \u00eatre le montant de votre aide.<\/span><\/p><h3><span>Soumettre son dossier<\/span><\/h3><p><span>Si l\u2019aide est vers\u00e9e \u00e0 la fin des travaux, il faut absolument effectuer sa demande avant leur lancement. La demande doit \u00eatre faite sur le site du gouvernement, <\/span><span>maprimerenov.gouv.fr<\/span><span>. Plusieurs pi\u00e8ces justificatives vous seront demand\u00e9es (avis d\u2019imposition, identit\u00e9\u2026) ainsi que diff\u00e9rents devis pour l\u2019achat et l\u2019installation de votre po\u00eale \u00e0 granul\u00e9s. <br \/><\/span><\/p><p><b><span>Attention, plusieurs crit\u00e8res doivent \u00eatre respect\u00e9s pour pouvoir b\u00e9n\u00e9ficier de MaPrimeR\u00e9nov&#8217; :<\/span><\/b><\/p><ul><li>vous devez \u00eatre le propri\u00e9taire occupant ou bailleur du logement concern\u00e9 par les travaux ;<\/li><li>le po\u00eale \u00e0 doit \u00eatre install\u00e9 dans une r\u00e9sidence principale construite depuis plus de 15 ans ;<\/li><li>jusqu&#8217;au 14 mai 2024, vous devez fournir un Diagnostic de Performance \u00c9nerg\u00e9tique du logement<\/li><li>cette obligation de fournir un DPE sera ensuite lev\u00e9e du 1<sup>er <\/sup>juin au 31 d\u00e9cembre 2024 ;<\/li><li>l&#8217;artisan qui va installer le po\u00eale \u00e0 granul\u00e9s ou \u00e0 b\u00fbches doit imp\u00e9rativement \u00eatre certifi\u00e9 RGE &#8211; Reconnu Garant de l&#8217;Environnement.<\/li><li><p>le po\u00eale \u00e0 granul\u00e9s ou le po\u00eale \u00e0 b\u00fbches choisi doit \u00eatre labellis\u00e9 Flamme Verte 7 \u00e9toiles ou respecter des caract\u00e9ristiques de performances \u00e9quivalentes <em>(Rendement, efficacit\u00e9 saisonni\u00e8re, \u00e9missions de monoxyde de carbone CO, de particules PM, de compos\u00e9s organiques volatils COV et d&#8217;oxydes d&#8217;azote NOx); <br \/><\/em><\/p><\/li><\/ul><p><span>Une fois votre demande soumise, elle est examin\u00e9e par un instructeur qui vous informera de l\u2019attribution ou non de votre prime MaPrimeR\u00e9nov\u2019.<\/span><\/p><h3><span>Transmettre la facture<\/span><\/h3><p><span>Vous pouvez faire r\u00e9aliser les travaux d&#8217;installation de votre po\u00eale \u00e0 granul\u00e9s ou de votre po\u00eale \u00e0 b\u00fbches d\u00e8s que votre demande est finalis\u00e9e. \u00c0 la fin des travaux, l\u2019artisan vous remet une facture officielle qui vous permettra de valider le versement de l\u2019aide MaPrimeR\u00e9nov\u2019. Il faudra bien s\u00fbr fournir \u00e9galement la facture de l\u2019achat de votre po\u00eale. Enfin, il vous suffira de vous connecter \u00e0 l\u2019espace personnel cr\u00e9\u00e9 lors de votre premi\u00e8re demande pour transmettre la facture ainsi que votre RIB.<\/span><\/p><h2><span>Quel est le montant de MaPrimeR\u00e9nov&#8217; pour d&#8217;autres appareils de chauffage individuels ?\u00a0<\/span><\/h2><p>L&#8217;installation d&#8217;un <a rel=\"noopener\" href=\"https:\/\/dev.invicta.wp19.axome.cc\/fr\/categorie-produit\/poeles-bois\/\" target=\"_blank\">po\u00eale \u00e0 bois b\u00fbches<\/a>, d&#8217;un <a rel=\"noopener\" href=\"https:\/\/dev.invicta.wp19.axome.cc\/fr\/categorie-produit\/inserts-cheminees\/\" target=\"_blank\">foyer ferm\u00e9 ou insert<\/a> pour chemin\u00e9e entre \u00e9galement dans les travaux \u00e9ligibles \u00e0 MaPrimeR\u00e9nov&#8217; selon les m\u00eames modalit\u00e9s et conditions d&#8217;attribution.<\/p><p><strong>Montant de l&#8217;aide MaPrimeR\u00e9nov&#8217; pour l&#8217;installation d&#8217;un po\u00eale \u00e0 bois ou d&#8217;une cuisini\u00e8re \u00e0 b\u00fbches<\/strong><span><br \/><\/span><\/p><p><span style=\"text-decoration: underline;\">Jusqu&#8217;au 31 mars 2024<\/span><\/p><p><span>2500 \u20ac pour MaPrimeR\u00e9nov\u2019 Bleu ;<\/span><span><br \/>2000 \u20ac pour MaPrimeR\u00e9nov\u2019 Jaune ;<\/span><span><br \/>1000 \u20ac pour MaPrimeR\u00e9nov\u2019 Violet.<\/span><\/p><p><span style=\"text-decoration: underline;\">A partir du 1er avril 2024<\/span><\/p><p><span>1800 \u20ac pour MaPrimeR\u00e9nov\u2019 Bleu ;<\/span><span><br \/>1500 \u20ac pour MaPrimeR\u00e9nov\u2019 Jaune ;<\/span><span><br \/>700 \u20ac pour MaPrimeR\u00e9nov\u2019 Violet.<\/span><\/p><ul><\/ul><p><strong>Montant de l&#8217;aide MaPrimeR\u00e9nov&#8217; pour l&#8217;installation d&#8217;un foyer ferm\u00e9 ou d&#8217;un insert \u00e0 b\u00fbches<\/strong><span><\/span><br \/><span><\/span><\/p><p><span style=\"text-decoration: underline;\">Jusqu&#8217;au 31 mars 2024<\/span><\/p><p><span>2500 \u20ac pour MaPrimeR\u00e9nov\u2019 Bleu ;<\/span><span><br \/>1500 \u20ac pour MaPrimeR\u00e9nov\u2019 Jaune ;<\/span><span><br \/>800 \u20ac pour MaPrimeR\u00e9nov\u2019 Violet.<\/span><\/p><p><span style=\"text-decoration: underline;\">A partir du 1er avril 2024<\/span><\/p><p><span>1800 \u20ac pour MaPrimeR\u00e9nov\u2019 Bleu ;<\/span><span><br \/>1000 \u20ac pour MaPrimeR\u00e9nov\u2019 Jaune ;<\/span><span><br \/>600 \u20ac pour MaPrimeR\u00e9nov\u2019 Violet.<\/span><\/p><p><span><span style=\"text-decoration: underline;\"><strong>Ressources<\/strong><br \/><\/span><\/span><a rel=\"noopener\" href=\"https:\/\/www.anah.gouv.fr\/sites\/default\/files\/2024-02\/202402_Guide_des_aides_WEBA.pdf\" target=\"_blank\">Guide des aides financi\u00e8res France R\u00e9nov&#8217; 2024 &#8211; \u00e9dition f\u00e9vrier<\/a><a rel=\"noopener\" href=\"https:\/\/www.anah.gouv.fr\/sites\/default\/files\/2024-02\/202402_Guide_des_aides_WEBA.pdf\" target=\"_blank\"> 2024<\/a><br \/><a rel=\"noopener\" href=\"https:\/\/www.maprimerenov.gouv.fr\/\" target=\"_blank\">MaPrimeR\u00e9nov&#8217;<\/a><br \/><a rel=\"noopener\" href=\"https:\/\/france-renov.gouv.fr\/aides\/simulation#\/\" target=\"_blank\">Simulateur d&#8217;aides de France R\u00e9nov&#8217;<\/a><\/p><p><a rel=\"noopener\" href=\"https:\/\/www.legifrance.gouv.fr\/jorf\/id\/JORFTEXT000049309890\" target=\"_blank\">D\u00e9cret n\u00b02024-249 du 21 mars 2024 modifiant le d\u00e9cret n\u00b0 2020-26 du 14 janvier 2020 modifi\u00e9 relatif \u00e0 la prime de transition \u00e9nerg\u00e9tique<\/a><\/p><p><a rel=\"noopener\" href=\"https:\/\/www.legifrance.gouv.fr\/jorf\/id\/JORFTEXT000049309915\" target=\"_blank\">Arr\u00eat\u00e9 du 21 mars 2024 modifiant l&#8217;arr\u00eat\u00e9 du 14 janvier 2020 modifi\u00e9 relatif \u00e0 la prime de transition \u00e9nerg\u00e9tique<\/a><\/p>\t\t\t\t\t\t\t\t<\/div>\n\t\t\t\t<\/div>\n\t\t\t\t\t<\/div>\n\t\t<\/div>\n\t\t\t\t\t<\/div>\n\t\t<\/section>\n\t\t\t\t<section class=\"elementor-section elementor-top-section elementor-element elementor-element-ccce820 elementor-section-boxed elementor-section-height-default elementor-section-height-default\" data-id=\"ccce820\" data-element_type=\"section\">\n\t\t\t\t\t\t<div class=\"elementor-container elementor-column-gap-default\">\n\t\t\t\t\t<div class=\"elementor-column elementor-col-100 elementor-top-column elementor-element elementor-element-e095f1b\" data-id=\"e095f1b\" data-element_type=\"column\">\n\t\t\t<div class=\"elementor-widget-wrap\">\n\t\t\t\t\t\t\t<\/div>\n\t\t<\/div>\n\t\t\t\t\t<\/div>\n\t\t<\/section>\n\t\t\t\t<\/div>\n\t\t","protected":false},"excerpt":{"rendered":"<p>Investissez dans un nouveau mode de chauffage \u00e9cologique et \u00e9conomique ! Vous souhaitez passer l&#8217;hiver au chaud sans vous ruiner ? Faites installer un po\u00eale \u00e0 granul\u00e9s ou un po\u00eale \u00e0 bois et vous r\u00e9duirez substantiellement votre facture \u00e9nerg\u00e9tique. Au-del\u00e0 des \u00e9conomies, vous limiterez votre impact sur l\u2019environnement en utilisant une \u00e9nergie renouvelable. Vous pourrez, [&hellip;]<\/p>\n","protected":false},"author":504,"featured_media":60298,"comment_status":"closed","ping_status":"closed","sticky":false,"template":"","format":"standard","meta":{"_acf_changed":false,"footnotes":""},"categories":[1],"tags":[],"class_list":{"1":"post","5":"has-post-thumbnail"},"acf":[],"yoast_head":"<!-- This site is optimized with the Yoast SEO plugin v24.7 - https:\/\/yoast.com\/wordpress\/plugins\/seo\/ -->\n<title>Obtenir MaPrimeR\u00e9nov pour l&#039;installation d&#039;un po\u00eale \u00e0 granul\u00e9s !<\/title>\n<meta name=\"description\" content=\"D\u00e9couvrez les modalit\u00e9s d&#039;obtention de l&#039;aide d\u2019\u00c9tat MaPrimeR\u00e9nov&#039; pour l&#039;installation d&#039;un po\u00eale \u00e0 granul\u00e9s. \u2705 \u00c9conomies \u2705 Confort \u2705 \u00c9cologie\" \/>\n<meta name=\"robots\" content=\"index, follow, max-snippet:-1, max-image-preview:large, max-video-preview:-1\" \/>\n<link rel=\"canonical\" href=\"https:\/\/dev.invicta.wp19.axome.cc\/fr\/2022\/09\/01\/comment-obtenir-la-prime-renov-pour-lachat-dun-poele-a-granules\/\" \/>\n<meta property=\"og:locale\" content=\"fr_FR\" \/>\n<meta property=\"og:type\" content=\"article\" \/>\n<meta property=\"og:title\" content=\"Obtenir MaPrimeR\u00e9nov pour l&#039;installation d&#039;un po\u00eale \u00e0 granul\u00e9s !\" \/>\n<meta property=\"og:description\" content=\"D\u00e9couvrez les modalit\u00e9s d&#039;obtention de l&#039;aide d\u2019\u00c9tat MaPrimeR\u00e9nov&#039; pour l&#039;installation d&#039;un po\u00eale \u00e0 granul\u00e9s. \u2705 \u00c9conomies \u2705 Confort \u2705 \u00c9cologie\" \/>\n<meta property=\"og:url\" content=\"https:\/\/dev.invicta.wp19.axome.cc\/fr\/2022\/09\/01\/comment-obtenir-la-prime-renov-pour-lachat-dun-poele-a-granules\/\" \/>\n<meta property=\"og:site_name\" content=\"Invicta\" \/>\n<meta property=\"article:published_time\" content=\"2022-09-01T15:18:41+00:00\" \/>\n<meta property=\"article:modified_time\" content=\"2025-05-22T14:03:56+00:00\" \/>\n<meta property=\"og:image\" content=\"https:\/\/dev.invicta.wp19.axome.cc\/wp-content\/uploads\/2022\/09\/prime-renov2-1-1.png\" \/>\n\t<meta property=\"og:image:width\" content=\"612\" \/>\n\t<meta property=\"og:image:height\" content=\"416\" \/>\n\t<meta property=\"og:image:type\" content=\"image\/png\" \/>\n<meta name=\"author\" content=\"jbouchon\" \/>\n<meta name=\"twitter:card\" content=\"summary_large_image\" \/>\n<meta name=\"twitter:label1\" content=\"\u00c9crit par\" \/>\n\t<meta name=\"twitter:data1\" content=\"jbouchon\" \/>\n\t<meta name=\"twitter:label2\" content=\"Dur\u00e9e de lecture estim\u00e9e\" \/>\n\t<meta name=\"twitter:data2\" content=\"3 minutes\" \/>\n<script type=\"application\/ld+json\" class=\"yoast-schema-graph\">{\"@context\":\"https:\/\/schema.org\",\"@graph\":[{\"@type\":\"Article\",\"@id\":\"https:\/\/dev.invicta.wp19.axome.cc\/fr\/2022\/09\/01\/comment-obtenir-la-prime-renov-pour-lachat-dun-poele-a-granules\/#article\",\"isPartOf\":{\"@id\":\"https:\/\/dev.invicta.wp19.axome.cc\/fr\/2022\/09\/01\/comment-obtenir-la-prime-renov-pour-lachat-dun-poele-a-granules\/\"},\"author\":{\"name\":\"jbouchon\",\"@id\":\"https:\/\/dev.invicta.wp19.axome.cc\/fr\/#\/schema\/person\/77a4c78a637ae0cb328fa20e61323f4f\"},\"headline\":\"Obtenir la prime R\u00e9nov&#8217; pour l&#8217;achat d&#8217;un po\u00eale \u00e0 granul\u00e9s ou d&#8217;un po\u00eale \u00e0 bois en 2024\",\"datePublished\":\"2022-09-01T15:18:41+00:00\",\"dateModified\":\"2025-05-22T14:03:56+00:00\",\"mainEntityOfPage\":{\"@id\":\"https:\/\/dev.invicta.wp19.axome.cc\/fr\/2022\/09\/01\/comment-obtenir-la-prime-renov-pour-lachat-dun-poele-a-granules\/\"},\"wordCount\":1545,\"publisher\":{\"@id\":\"https:\/\/dev.invicta.wp19.axome.cc\/fr\/#organization\"},\"image\":{\"@id\":\"https:\/\/dev.invicta.wp19.axome.cc\/fr\/2022\/09\/01\/comment-obtenir-la-prime-renov-pour-lachat-dun-poele-a-granules\/#primaryimage\"},\"thumbnailUrl\":\"https:\/\/dev.invicta.wp19.axome.cc\/wp-content\/uploads\/2022\/09\/prime-renov2-1-1.png\",\"articleSection\":[\"Actus\"],\"inLanguage\":\"fr-FR\"},{\"@type\":\"WebPage\",\"@id\":\"https:\/\/dev.invicta.wp19.axome.cc\/fr\/2022\/09\/01\/comment-obtenir-la-prime-renov-pour-lachat-dun-poele-a-granules\/\",\"url\":\"https:\/\/dev.invicta.wp19.axome.cc\/fr\/2022\/09\/01\/comment-obtenir-la-prime-renov-pour-lachat-dun-poele-a-granules\/\",\"name\":\"Obtenir MaPrimeR\u00e9nov pour l'installation d'un po\u00eale \u00e0 granul\u00e9s !\",\"isPartOf\":{\"@id\":\"https:\/\/dev.invicta.wp19.axome.cc\/fr\/#website\"},\"primaryImageOfPage\":{\"@id\":\"https:\/\/dev.invicta.wp19.axome.cc\/fr\/2022\/09\/01\/comment-obtenir-la-prime-renov-pour-lachat-dun-poele-a-granules\/#primaryimage\"},\"image\":{\"@id\":\"https:\/\/dev.invicta.wp19.axome.cc\/fr\/2022\/09\/01\/comment-obtenir-la-prime-renov-pour-lachat-dun-poele-a-granules\/#primaryimage\"},\"thumbnailUrl\":\"https:\/\/dev.invicta.wp19.axome.cc\/wp-content\/uploads\/2022\/09\/prime-renov2-1-1.png\",\"datePublished\":\"2022-09-01T15:18:41+00:00\",\"dateModified\":\"2025-05-22T14:03:56+00:00\",\"description\":\"D\u00e9couvrez les modalit\u00e9s d'obtention de l'aide d\u2019\u00c9tat MaPrimeR\u00e9nov' pour l'installation d'un po\u00eale \u00e0 granul\u00e9s. \u2705 \u00c9conomies \u2705 Confort \u2705 \u00c9cologie\",\"breadcrumb\":{\"@id\":\"https:\/\/dev.invicta.wp19.axome.cc\/fr\/2022\/09\/01\/comment-obtenir-la-prime-renov-pour-lachat-dun-poele-a-granules\/#breadcrumb\"},\"inLanguage\":\"fr-FR\",\"potentialAction\":[{\"@type\":\"ReadAction\",\"target\":[\"https:\/\/dev.invicta.wp19.axome.cc\/fr\/2022\/09\/01\/comment-obtenir-la-prime-renov-pour-lachat-dun-poele-a-granules\/\"]}]},{\"@type\":\"ImageObject\",\"inLanguage\":\"fr-FR\",\"@id\":\"https:\/\/dev.invicta.wp19.axome.cc\/fr\/2022\/09\/01\/comment-obtenir-la-prime-renov-pour-lachat-dun-poele-a-granules\/#primaryimage\",\"url\":\"https:\/\/dev.invicta.wp19.axome.cc\/wp-content\/uploads\/2022\/09\/prime-renov2-1-1.png\",\"contentUrl\":\"https:\/\/dev.invicta.wp19.axome.cc\/wp-content\/uploads\/2022\/09\/prime-renov2-1-1.png\",\"width\":612,\"height\":416,\"caption\":\"Logo Ma Prime R\u00e9nov\"},{\"@type\":\"BreadcrumbList\",\"@id\":\"https:\/\/dev.invicta.wp19.axome.cc\/fr\/2022\/09\/01\/comment-obtenir-la-prime-renov-pour-lachat-dun-poele-a-granules\/#breadcrumb\",\"itemListElement\":[{\"@type\":\"ListItem\",\"position\":1,\"name\":\"Accueil\",\"item\":\"https:\/\/dev.invicta.wp19.axome.cc\/fr\/\"},{\"@type\":\"ListItem\",\"position\":2,\"name\":\"Actus\",\"item\":\"https:\/\/dev.invicta.wp19.axome.cc\/fr\/category\/actus\/\"},{\"@type\":\"ListItem\",\"position\":3,\"name\":\"Obtenir la prime R\u00e9nov&#8217; pour l&#8217;achat d&#8217;un po\u00eale \u00e0 granul\u00e9s ou d&#8217;un po\u00eale \u00e0 bois en 2024\"}]},{\"@type\":\"WebSite\",\"@id\":\"https:\/\/dev.invicta.wp19.axome.cc\/fr\/#website\",\"url\":\"https:\/\/dev.invicta.wp19.axome.cc\/fr\/\",\"name\":\"Invicta\",\"description\":\"Fabricant fran\u00e7ais, sp\u00e9cialiste europ\u00e9en du chauffage au bois : po\u00eales \u00e0 bois et \u00e0 granul\u00e9s, chemin\u00e9es, foyers et inserts\",\"publisher\":{\"@id\":\"https:\/\/dev.invicta.wp19.axome.cc\/fr\/#organization\"},\"potentialAction\":[{\"@type\":\"SearchAction\",\"target\":{\"@type\":\"EntryPoint\",\"urlTemplate\":\"https:\/\/dev.invicta.wp19.axome.cc\/fr\/?s={search_term_string}\"},\"query-input\":{\"@type\":\"PropertyValueSpecification\",\"valueRequired\":true,\"valueName\":\"search_term_string\"}}],\"inLanguage\":\"fr-FR\"},{\"@type\":\"Organization\",\"@id\":\"https:\/\/dev.invicta.wp19.axome.cc\/fr\/#organization\",\"name\":\"Invicta\",\"url\":\"https:\/\/dev.invicta.wp19.axome.cc\/fr\/\",\"logo\":{\"@type\":\"ImageObject\",\"inLanguage\":\"fr-FR\",\"@id\":\"https:\/\/dev.invicta.wp19.axome.cc\/fr\/#\/schema\/logo\/image\/\",\"url\":\"https:\/\/www.invicta.fr\/wp-content\/uploads\/2019\/06\/INVICTALOGO_RVB.png\",\"contentUrl\":\"https:\/\/www.invicta.fr\/wp-content\/uploads\/2019\/06\/INVICTALOGO_RVB.png\",\"width\":1810,\"height\":1280,\"caption\":\"Invicta\"},\"image\":{\"@id\":\"https:\/\/dev.invicta.wp19.axome.cc\/fr\/#\/schema\/logo\/image\/\"}},{\"@type\":\"Person\",\"@id\":\"https:\/\/dev.invicta.wp19.axome.cc\/fr\/#\/schema\/person\/77a4c78a637ae0cb328fa20e61323f4f\",\"name\":\"jbouchon\",\"image\":{\"@type\":\"ImageObject\",\"inLanguage\":\"fr-FR\",\"@id\":\"https:\/\/dev.invicta.wp19.axome.cc\/fr\/#\/schema\/person\/image\/\",\"url\":\"https:\/\/secure.gravatar.com\/avatar\/31aa4792cc83f4ee01d885f51fa8cc27?s=96&d=mm&r=g\",\"contentUrl\":\"https:\/\/secure.gravatar.com\/avatar\/31aa4792cc83f4ee01d885f51fa8cc27?s=96&d=mm&r=g\",\"caption\":\"jbouchon\"}}]}<\/script>\n<!-- \/ Yoast SEO plugin. -->","yoast_head_json":{"title":"Obtenir MaPrimeR\u00e9nov pour l'installation d'un po\u00eale \u00e0 granul\u00e9s !","description":"D\u00e9couvrez les modalit\u00e9s d'obtention de l'aide d\u2019\u00c9tat MaPrimeR\u00e9nov' pour l'installation d'un po\u00eale \u00e0 granul\u00e9s. \u2705 \u00c9conomies \u2705 Confort \u2705 \u00c9cologie","robots":{"index":"index","follow":"follow","max-snippet":"max-snippet:-1","max-image-preview":"max-image-preview:large","max-video-preview":"max-video-preview:-1"},"canonical":"https:\/\/dev.invicta.wp19.axome.cc\/fr\/2022\/09\/01\/comment-obtenir-la-prime-renov-pour-lachat-dun-poele-a-granules\/","og_locale":"fr_FR","og_type":"article","og_title":"Obtenir MaPrimeR\u00e9nov pour l'installation d'un po\u00eale \u00e0 granul\u00e9s !","og_description":"D\u00e9couvrez les modalit\u00e9s d'obtention de l'aide d\u2019\u00c9tat MaPrimeR\u00e9nov' pour l'installation d'un po\u00eale \u00e0 granul\u00e9s. \u2705 \u00c9conomies \u2705 Confort \u2705 \u00c9cologie","og_url":"https:\/\/dev.invicta.wp19.axome.cc\/fr\/2022\/09\/01\/comment-obtenir-la-prime-renov-pour-lachat-dun-poele-a-granules\/","og_site_name":"Invicta","article_published_time":"2022-09-01T15:18:41+00:00","article_modified_time":"2025-05-22T14:03:56+00:00","og_image":[{"width":612,"height":416,"url":"https:\/\/dev.invicta.wp19.axome.cc\/wp-content\/uploads\/2022\/09\/prime-renov2-1-1.png","type":"image\/png"}],"author":"jbouchon","twitter_card":"summary_large_image","twitter_misc":{"\u00c9crit par":"jbouchon","Dur\u00e9e de lecture estim\u00e9e":"3 minutes"},"schema":{"@context":"https:\/\/schema.org","@graph":[{"@type":"Article","@id":"https:\/\/dev.invicta.wp19.axome.cc\/fr\/2022\/09\/01\/comment-obtenir-la-prime-renov-pour-lachat-dun-poele-a-granules\/#article","isPartOf":{"@id":"https:\/\/dev.invicta.wp19.axome.cc\/fr\/2022\/09\/01\/comment-obtenir-la-prime-renov-pour-lachat-dun-poele-a-granules\/"},"author":{"name":"jbouchon","@id":"https:\/\/dev.invicta.wp19.axome.cc\/fr\/#\/schema\/person\/77a4c78a637ae0cb328fa20e61323f4f"},"headline":"Obtenir la prime R\u00e9nov&#8217; pour l&#8217;achat d&#8217;un po\u00eale \u00e0 granul\u00e9s ou d&#8217;un po\u00eale \u00e0 bois en 2024","datePublished":"2022-09-01T15:18:41+00:00","dateModified":"2025-05-22T14:03:56+00:00","mainEntityOfPage":{"@id":"https:\/\/dev.invicta.wp19.axome.cc\/fr\/2022\/09\/01\/comment-obtenir-la-prime-renov-pour-lachat-dun-poele-a-granules\/"},"wordCount":1545,"publisher":{"@id":"https:\/\/dev.invicta.wp19.axome.cc\/fr\/#organization"},"image":{"@id":"https:\/\/dev.invicta.wp19.axome.cc\/fr\/2022\/09\/01\/comment-obtenir-la-prime-renov-pour-lachat-dun-poele-a-granules\/#primaryimage"},"thumbnailUrl":"https:\/\/dev.invicta.wp19.axome.cc\/wp-content\/uploads\/2022\/09\/prime-renov2-1-1.png","articleSection":["Actus"],"inLanguage":"fr-FR"},{"@type":"WebPage","@id":"https:\/\/dev.invicta.wp19.axome.cc\/fr\/2022\/09\/01\/comment-obtenir-la-prime-renov-pour-lachat-dun-poele-a-granules\/","url":"https:\/\/dev.invicta.wp19.axome.cc\/fr\/2022\/09\/01\/comment-obtenir-la-prime-renov-pour-lachat-dun-poele-a-granules\/","name":"Obtenir MaPrimeR\u00e9nov pour l'installation d'un po\u00eale \u00e0 granul\u00e9s !","isPartOf":{"@id":"https:\/\/dev.invicta.wp19.axome.cc\/fr\/#website"},"primaryImageOfPage":{"@id":"https:\/\/dev.invicta.wp19.axome.cc\/fr\/2022\/09\/01\/comment-obtenir-la-prime-renov-pour-lachat-dun-poele-a-granules\/#primaryimage"},"image":{"@id":"https:\/\/dev.invicta.wp19.axome.cc\/fr\/2022\/09\/01\/comment-obtenir-la-prime-renov-pour-lachat-dun-poele-a-granules\/#primaryimage"},"thumbnailUrl":"https:\/\/dev.invicta.wp19.axome.cc\/wp-content\/uploads\/2022\/09\/prime-renov2-1-1.png","datePublished":"2022-09-01T15:18:41+00:00","dateModified":"2025-05-22T14:03:56+00:00","description":"D\u00e9couvrez les modalit\u00e9s d'obtention de l'aide d\u2019\u00c9tat MaPrimeR\u00e9nov' pour l'installation d'un po\u00eale \u00e0 granul\u00e9s. \u2705 \u00c9conomies \u2705 Confort \u2705 \u00c9cologie","breadcrumb":{"@id":"https:\/\/dev.invicta.wp19.axome.cc\/fr\/2022\/09\/01\/comment-obtenir-la-prime-renov-pour-lachat-dun-poele-a-granules\/#breadcrumb"},"inLanguage":"fr-FR","potentialAction":[{"@type":"ReadAction","target":["https:\/\/dev.invicta.wp19.axome.cc\/fr\/2022\/09\/01\/comment-obtenir-la-prime-renov-pour-lachat-dun-poele-a-granules\/"]}]},{"@type":"ImageObject","inLanguage":"fr-FR","@id":"https:\/\/dev.invicta.wp19.axome.cc\/fr\/2022\/09\/01\/comment-obtenir-la-prime-renov-pour-lachat-dun-poele-a-granules\/#primaryimage","url":"https:\/\/dev.invicta.wp19.axome.cc\/wp-content\/uploads\/2022\/09\/prime-renov2-1-1.png","contentUrl":"https:\/\/dev.invicta.wp19.axome.cc\/wp-content\/uploads\/2022\/09\/prime-renov2-1-1.png","width":612,"height":416,"caption":"Logo Ma Prime R\u00e9nov"},{"@type":"BreadcrumbList","@id":"https:\/\/dev.invicta.wp19.axome.cc\/fr\/2022\/09\/01\/comment-obtenir-la-prime-renov-pour-lachat-dun-poele-a-granules\/#breadcrumb","itemListElement":[{"@type":"ListItem","position":1,"name":"Accueil","item":"https:\/\/dev.invicta.wp19.axome.cc\/fr\/"},{"@type":"ListItem","position":2,"name":"Actus","item":"https:\/\/dev.invicta.wp19.axome.cc\/fr\/category\/actus\/"},{"@type":"ListItem","position":3,"name":"Obtenir la prime R\u00e9nov&#8217; pour l&#8217;achat d&#8217;un po\u00eale \u00e0 granul\u00e9s ou d&#8217;un po\u00eale \u00e0 bois en 2024"}]},{"@type":"WebSite","@id":"https:\/\/dev.invicta.wp19.axome.cc\/fr\/#website","url":"https:\/\/dev.invicta.wp19.axome.cc\/fr\/","name":"Invicta","description":"Fabricant fran\u00e7ais, sp\u00e9cialiste europ\u00e9en du chauffage au bois : po\u00eales \u00e0 bois et \u00e0 granul\u00e9s, chemin\u00e9es, foyers et inserts","publisher":{"@id":"https:\/\/dev.invicta.wp19.axome.cc\/fr\/#organization"},"potentialAction":[{"@type":"SearchAction","target":{"@type":"EntryPoint","urlTemplate":"https:\/\/dev.invicta.wp19.axome.cc\/fr\/?s={search_term_string}"},"query-input":{"@type":"PropertyValueSpecification","valueRequired":true,"valueName":"search_term_string"}}],"inLanguage":"fr-FR"},{"@type":"Organization","@id":"https:\/\/dev.invicta.wp19.axome.cc\/fr\/#organization","name":"Invicta","url":"https:\/\/dev.invicta.wp19.axome.cc\/fr\/","logo":{"@type":"ImageObject","inLanguage":"fr-FR","@id":"https:\/\/dev.invicta.wp19.axome.cc\/fr\/#\/schema\/logo\/image\/","url":"https:\/\/www.invicta.fr\/wp-content\/uploads\/2019\/06\/INVICTALOGO_RVB.png","contentUrl":"https:\/\/www.invicta.fr\/wp-content\/uploads\/2019\/06\/INVICTALOGO_RVB.png","width":1810,"height":1280,"caption":"Invicta"},"image":{"@id":"https:\/\/dev.invicta.wp19.axome.cc\/fr\/#\/schema\/logo\/image\/"}},{"@type":"Person","@id":"https:\/\/dev.invicta.wp19.axome.cc\/fr\/#\/schema\/person\/77a4c78a637ae0cb328fa20e61323f4f","name":"jbouchon","image":{"@type":"ImageObject","inLanguage":"fr-FR","@id":"https:\/\/dev.invicta.wp19.axome.cc\/fr\/#\/schema\/person\/image\/","url":"https:\/\/secure.gravatar.com\/avatar\/31aa4792cc83f4ee01d885f51fa8cc27?s=96&d=mm&r=g","contentUrl":"https:\/\/secure.gravatar.com\/avatar\/31aa4792cc83f4ee01d885f51fa8cc27?s=96&d=mm&r=g","caption":"jbouchon"}}]}},"_links":{"self":[{"href":"https:\/\/dev.invicta.wp19.axome.cc\/fr\/wp-json\/wp\/v2\/posts\/51363","targetHints":{"allow":["GET"]}}],"collection":[{"href":"https:\/\/dev.invicta.wp19.axome.cc\/fr\/wp-json\/wp\/v2\/posts"}],"about":[{"href":"https:\/\/dev.invicta.wp19.axome.cc\/fr\/wp-json\/wp\/v2\/types\/post"}],"author":[{"embeddable":true,"href":"https:\/\/dev.invicta.wp19.axome.cc\/fr\/wp-json\/wp\/v2\/users\/504"}],"replies":[{"embeddable":true,"href":"https:\/\/dev.invicta.wp19.axome.cc\/fr\/wp-json\/wp\/v2\/comments?post=51363"}],"version-history":[{"count":10,"href":"https:\/\/dev.invicta.wp19.axome.cc\/fr\/wp-json\/wp\/v2\/posts\/51363\/revisions"}],"predecessor-version":[{"id":67259,"href":"https:\/\/dev.invicta.wp19.axome.cc\/fr\/wp-json\/wp\/v2\/posts\/51363\/revisions\/67259"}],"wp:featuredmedia":[{"embeddable":true,"href":"https:\/\/dev.invicta.wp19.axome.cc\/fr\/wp-json\/wp\/v2\/media\/60298"}],"wp:attachment":[{"href":"https:\/\/dev.invicta.wp19.axome.cc\/fr\/wp-json\/wp\/v2\/media?parent=51363"}],"wp:term":[{"taxonomy":"category","embeddable":true,"href":"https:\/\/dev.invicta.wp19.axome.cc\/fr\/wp-json\/wp\/v2\/categories?post=51363"},{"taxonomy":"post_tag","embeddable":true,"href":"https:\/\/dev.invicta.wp19.axome.cc\/fr\/wp-json\/wp\/v2\/tags?post=51363"}],"curies":[{"name":"wp","href":"https:\/\/api.w.org\/{rel}","templated":true}]}}