{"id":55840,"date":"2023-06-28T11:07:56","date_gmt":"2023-06-28T09:07:56","guid":{"rendered":"https:\/\/dev.invicta.wp19.axome.cc\/?p=55840"},"modified":"2023-06-28T14:16:32","modified_gmt":"2023-06-28T12:16:32","slug":"reduire-lempreinte-carbone-de-son-habitat-grace-au-poele-a-bois","status":"publish","type":"post","link":"https:\/\/dev.invicta.wp19.axome.cc\/fr\/2023\/06\/28\/reduire-lempreinte-carbone-de-son-habitat-grace-au-poele-a-bois\/","title":{"rendered":"R\u00e9duire l&#8217;empreinte carbone de son habitat gr\u00e2ce au po\u00eale \u00e0 bois."},"content":{"rendered":"\t\t<div data-elementor-type=\"wp-post\" data-elementor-id=\"55840\" class=\"elementor elementor-55840\" data-elementor-post-type=\"post\">\n\t\t\t\t\t\t<section class=\"elementor-section elementor-top-section elementor-element elementor-element-0fa886a elementor-section-boxed elementor-section-height-default elementor-section-height-default\" data-id=\"0fa886a\" data-element_type=\"section\">\n\t\t\t\t\t\t<div class=\"elementor-container elementor-column-gap-default\">\n\t\t\t\t\t<div class=\"elementor-column elementor-col-100 elementor-top-column elementor-element elementor-element-7309d0b\" data-id=\"7309d0b\" data-element_type=\"column\">\n\t\t\t<div class=\"elementor-widget-wrap elementor-element-populated\">\n\t\t\t\t\t\t<div class=\"elementor-element elementor-element-248fef4 elementor-widget elementor-widget-text-editor\" data-id=\"248fef4\" data-element_type=\"widget\" data-widget_type=\"text-editor.default\">\n\t\t\t\t<div class=\"elementor-widget-container\">\n\t\t\t\t\t\t\t\t\t<p><span>Dans une \u00e8re o\u00f9 la responsabilit\u00e9 environnementale est au c\u0153ur des pr\u00e9occupations, <b>r\u00e9duire son empreinte carbone <\/b>est devenu important. L\u2019habitat constitue un levier d&#8217;action majeur dans cette d\u00e9marche \u00e9coresponsable. L&#8217;une des cl\u00e9s pour atteindre cet objectif r\u00e9side dans le choix des syst\u00e8mes de chauffage. Avez-vous d\u00e9j\u00e0 pens\u00e9 au <b>po\u00eale \u00e0 bois<\/b> ? Ce mode de chauffage traditionnel peut vous aider \u00e0 diminuer significativement l&#8217;impact carbone de votre domicile.<\/span><\/p>\t\t\t\t\t\t\t\t<\/div>\n\t\t\t\t<\/div>\n\t\t\t\t\t<\/div>\n\t\t<\/div>\n\t\t\t\t\t<\/div>\n\t\t<\/section>\n\t\t\t\t<section class=\"elementor-section elementor-top-section elementor-element elementor-element-8b54d2b elementor-section-boxed elementor-section-height-default elementor-section-height-default\" data-id=\"8b54d2b\" data-element_type=\"section\">\n\t\t\t\t\t\t<div class=\"elementor-container elementor-column-gap-default\">\n\t\t\t\t\t<div class=\"elementor-column elementor-col-100 elementor-top-column elementor-element elementor-element-5558bae\" data-id=\"5558bae\" data-element_type=\"column\">\n\t\t\t<div class=\"elementor-widget-wrap elementor-element-populated\">\n\t\t\t\t\t\t<div class=\"elementor-element elementor-element-fe4e75d elementor-widget-divider--view-line elementor-widget elementor-widget-divider\" data-id=\"fe4e75d\" data-element_type=\"widget\" data-widget_type=\"divider.default\">\n\t\t\t\t<div class=\"elementor-widget-container\">\n\t\t\t\t\t\t\t<div class=\"elementor-divider\">\n\t\t\t<span class=\"elementor-divider-separator\">\n\t\t\t\t\t\t<\/span>\n\t\t<\/div>\n\t\t\t\t\t\t<\/div>\n\t\t\t\t<\/div>\n\t\t\t\t\t<\/div>\n\t\t<\/div>\n\t\t\t\t\t<\/div>\n\t\t<\/section>\n\t\t\t\t<section class=\"elementor-section elementor-top-section elementor-element elementor-element-877e281 elementor-section-boxed elementor-section-height-default elementor-section-height-default\" data-id=\"877e281\" data-element_type=\"section\">\n\t\t\t\t\t\t<div class=\"elementor-container elementor-column-gap-default\">\n\t\t\t\t\t<div class=\"elementor-column elementor-col-100 elementor-top-column elementor-element elementor-element-ed0ea91\" data-id=\"ed0ea91\" data-element_type=\"column\">\n\t\t\t<div class=\"elementor-widget-wrap elementor-element-populated\">\n\t\t\t\t\t\t<div class=\"elementor-element elementor-element-3bdd325 elementor-widget elementor-widget-text-editor\" data-id=\"3bdd325\" data-element_type=\"widget\" data-widget_type=\"text-editor.default\">\n\t\t\t\t<div class=\"elementor-widget-container\">\n\t\t\t\t\t\t\t\t\t<h2><span>Qu&#8217;est-ce que l&#8217;empreinte carbone et pourquoi est-elle importante ?<br \/><\/span><\/h2><p><b>L&#8217;empreinte carbone<\/b><span> est une mesure de l&#8217;impact environnemental d&#8217;une personne, d&#8217;une organisation ou m\u00eame d&#8217;un produit sur le climat. Cette empreinte est calcul\u00e9e en consid\u00e9rant la quantit\u00e9 totale de<\/span><b> gaz \u00e0 effet de serre<\/b><span> (GES) produite directement ou indirectement. Ces GES comprennent le dioxyde de carbone (CO2), le plus connu, mais aussi d&#8217;autres gaz tels que le m\u00e9thane (CH4) ou le protoxyde d&#8217;azote (N2O), qui ont un pouvoir de r\u00e9chauffement bien plus \u00e9lev\u00e9. Cette mesure est g\u00e9n\u00e9ralement exprim\u00e9e en tonnes de CO2 \u00e9quivalent, afin de pouvoir comparer les impacts de diff\u00e9rents types de GES.<\/span><\/p><p><b>Pourquoi faut-il r\u00e9duire votre empreinte carbone ?<\/b><span> L&#8217;augmentation des GES dans l\u2019atmosph\u00e8re est la principale cause du <\/span><b>r\u00e9chauffement climatique<\/b><span>. Ce dernier entra\u00eene une multitude de changements globaux, tels que l&#8217;\u00e9l\u00e9vation du niveau de la mer ou la perte de biodiversit\u00e9.<\/span><\/p><p><span>Le chauffage de votre habitation contribue \u00e0 votre empreinte carbone. C&#8217;est pourquoi il est important de choisir des solutions de chauffage <\/span><b>plus respectueuses de l&#8217;environnement<\/b><span>, comme <a rel=\"noopener\" href=\"https:\/\/dev.invicta.wp19.axome.cc\/fr\/categorie-produit\/poeles-bois\/\" target=\"_blank\">les po\u00eales \u00e0 bois Invicta<\/a>, qui peuvent aider \u00e0 r\u00e9duire cette empreinte.<\/span><\/p>\t\t\t\t\t\t\t\t<\/div>\n\t\t\t\t<\/div>\n\t\t\t\t\t<\/div>\n\t\t<\/div>\n\t\t\t\t\t<\/div>\n\t\t<\/section>\n\t\t\t\t<section class=\"elementor-section elementor-top-section elementor-element elementor-element-0013461 elementor-section-boxed elementor-section-height-default elementor-section-height-default\" data-id=\"0013461\" data-element_type=\"section\">\n\t\t\t\t\t\t<div class=\"elementor-container elementor-column-gap-default\">\n\t\t\t\t\t<div class=\"elementor-column elementor-col-100 elementor-top-column elementor-element elementor-element-0b56257\" data-id=\"0b56257\" data-element_type=\"column\">\n\t\t\t<div class=\"elementor-widget-wrap elementor-element-populated\">\n\t\t\t\t\t\t<div class=\"elementor-element elementor-element-baa1841 elementor-widget-divider--view-line elementor-widget elementor-widget-divider\" data-id=\"baa1841\" data-element_type=\"widget\" data-widget_type=\"divider.default\">\n\t\t\t\t<div class=\"elementor-widget-container\">\n\t\t\t\t\t\t\t<div class=\"elementor-divider\">\n\t\t\t<span class=\"elementor-divider-separator\">\n\t\t\t\t\t\t<\/span>\n\t\t<\/div>\n\t\t\t\t\t\t<\/div>\n\t\t\t\t<\/div>\n\t\t\t\t\t<\/div>\n\t\t<\/div>\n\t\t\t\t\t<\/div>\n\t\t<\/section>\n\t\t\t\t<section class=\"elementor-section elementor-top-section elementor-element elementor-element-fec09f8 elementor-section-boxed elementor-section-height-default elementor-section-height-default\" data-id=\"fec09f8\" data-element_type=\"section\">\n\t\t\t\t\t\t<div class=\"elementor-container elementor-column-gap-default\">\n\t\t\t\t\t<div class=\"elementor-column elementor-col-100 elementor-top-column elementor-element elementor-element-742c412\" data-id=\"742c412\" data-element_type=\"column\">\n\t\t\t<div class=\"elementor-widget-wrap elementor-element-populated\">\n\t\t\t\t\t\t<div class=\"elementor-element elementor-element-c7645ed elementor-widget elementor-widget-text-editor\" data-id=\"c7645ed\" data-element_type=\"widget\" data-widget_type=\"text-editor.default\">\n\t\t\t\t<div class=\"elementor-widget-container\">\n\t\t\t\t\t\t\t\t\t<h2><span>Comment le choix du chauffage affecte-t-il votre empreinte carbone\u2009?<\/span><\/h2><p><span>Le chauffage de votre maison a un impact significatif sur votre empreinte carbone. Le choix de l&#8217;\u00e9nergie utilis\u00e9e pour vous r\u00e9chauffer en hiver peut donc avoir des implications importantes sur l&#8217;environnement.<\/span><\/p><h3><span>Le chauffage traditionnel et son impact environnemental<\/span><\/h3><p><span>Les <\/span><b>syst\u00e8mes de chauffage traditionnels<\/b><span>, tels que le chauffage au fioul ou le chauffage au gaz, reposent sur la combustion de <\/span><b>combustibles fossiles<\/b><span>. Lorsqu&#8217;elles sont br\u00fbl\u00e9es, ces sources d&#8217;\u00e9nergie non renouvelables produisent une<\/span><b> grande quantit\u00e9 de gaz \u00e0 effet de serre<\/b><span>. Leur extraction et leur transport jusqu&#8217;\u00e0 votre domicile n\u00e9cessitent une grande consommation d&#8217;\u00e9nergie, ce qui augmente encore leur empreinte carbone.<\/span><\/p><h3><span>Le chauffage \u00e0 bois et son impact environnemental<\/span><\/h3><p><span>Le<\/span><b> chauffage \u00e0 bois<\/b><span> pr\u00e9sente une alternative plus durable. Le bois est <\/span><b>une ressource renouvelable, qui absorbe du CO2 pendant sa croissance<\/b><span>, contribuant ainsi \u00e0 att\u00e9nuer son impact lors de la combustion. La technologie des po\u00eales \u00e0 bois a consid\u00e9rablement \u00e9volu\u00e9, et les mod\u00e8les actuels offrent une combustion plus propre et plus efficace. Le bois est souvent une ressource locale, ce qui limite l&#8217;\u00e9nergie n\u00e9cessaire pour son transport. <a rel=\"noopener\" href=\"https:\/\/dev.invicta.wp19.axome.cc\/fr\/2023\/01\/04\/comment-ramoner-le-conduit-devacuation-dun-poele-a-bois\/\" target=\"_blank\">Un entretien r\u00e9gulier de votre po\u00eale \u00e0 bois<\/a> est important pour maintenir son efficacit\u00e9 et minimiser ses \u00e9missions.<\/span><\/p>\t\t\t\t\t\t\t\t<\/div>\n\t\t\t\t<\/div>\n\t\t\t\t\t<\/div>\n\t\t<\/div>\n\t\t\t\t\t<\/div>\n\t\t<\/section>\n\t\t\t\t<section class=\"elementor-section elementor-top-section elementor-element elementor-element-2eb1ac5 elementor-section-boxed elementor-section-height-default elementor-section-height-default\" data-id=\"2eb1ac5\" data-element_type=\"section\">\n\t\t\t\t\t\t<div class=\"elementor-container elementor-column-gap-default\">\n\t\t\t\t\t<div class=\"elementor-column elementor-col-100 elementor-top-column elementor-element elementor-element-069c9fd\" data-id=\"069c9fd\" data-element_type=\"column\">\n\t\t\t<div class=\"elementor-widget-wrap elementor-element-populated\">\n\t\t\t\t\t\t<div class=\"elementor-element elementor-element-ad2d86c elementor-widget-divider--view-line elementor-widget elementor-widget-divider\" data-id=\"ad2d86c\" data-element_type=\"widget\" data-widget_type=\"divider.default\">\n\t\t\t\t<div class=\"elementor-widget-container\">\n\t\t\t\t\t\t\t<div class=\"elementor-divider\">\n\t\t\t<span class=\"elementor-divider-separator\">\n\t\t\t\t\t\t<\/span>\n\t\t<\/div>\n\t\t\t\t\t\t<\/div>\n\t\t\t\t<\/div>\n\t\t\t\t\t<\/div>\n\t\t<\/div>\n\t\t\t\t\t<\/div>\n\t\t<\/section>\n\t\t\t\t<section class=\"elementor-section elementor-top-section elementor-element elementor-element-43dd536 elementor-section-boxed elementor-section-height-default elementor-section-height-default\" data-id=\"43dd536\" data-element_type=\"section\">\n\t\t\t\t\t\t<div class=\"elementor-container elementor-column-gap-default\">\n\t\t\t\t\t<div class=\"elementor-column elementor-col-100 elementor-top-column elementor-element elementor-element-bfe890e\" data-id=\"bfe890e\" data-element_type=\"column\">\n\t\t\t<div class=\"elementor-widget-wrap elementor-element-populated\">\n\t\t\t\t\t\t<div class=\"elementor-element elementor-element-4b9f428 elementor-widget elementor-widget-text-editor\" data-id=\"4b9f428\" data-element_type=\"widget\" data-widget_type=\"text-editor.default\">\n\t\t\t\t<div class=\"elementor-widget-container\">\n\t\t\t\t\t\t\t\t\t<h2><span>Comment <\/span><span>un po\u00eale \u00e0 bois peut-il aider \u00e0 r\u00e9duire l&#8217;empreinte carbone de votre maison ?<\/span><span><\/span><span><\/span><span><\/span><\/h2><p><span>Cette solution de chauffage \u00e9cologique propose de nombreux atouts qui permettent de minimiser l&#8217;impact sur l&#8217;environnement.<\/span><\/p><h3><span>La combustion du bois : une source d&#8217;\u00e9nergie renouvelable<\/span><\/h3><p><span>L&#8217;un des principaux avantages du bois est <\/span><b>sa nature renouvelable<\/b><span>. \u00c0 la diff\u00e9rence des combustibles fossiles qui mettent des millions d&#8217;ann\u00e9es \u00e0 se former, le bois est un mat\u00e9riau qui se renouvelle \u00e0 l&#8217;\u00e9chelle humaine. Lors de sa croissance, un arbre absorbe du CO2, ce qui permet de <\/span><b>compenser en partie les \u00e9missions produites lors de sa combustion<\/b><span>. En utilisant du bois issu de for\u00eats g\u00e9r\u00e9es de mani\u00e8re responsable, vous vous assurez que votre source de chauffage contribue \u00e0 un cycle de carbone plus \u00e9quilibr\u00e9.<\/span><\/p><h3><span>L&#8217;efficacit\u00e9 \u00e9nerg\u00e9tique des po\u00eales \u00e0 bois Invicta<\/span><\/h3><p><span>Les po\u00eales \u00e0 bois Invicta exploitent le bois au maximum, garantissant ainsi une chaleur homog\u00e8ne et durable, tout en <\/span><b>minimisant les \u00e9missions polluantes<\/b><span>. Cette efficacit\u00e9 \u00e9nerg\u00e9tique sup\u00e9rieure se traduit par une <\/span><b>consommation moindre de bois <\/b><span>pour une m\u00eame quantit\u00e9 de chaleur produite. Pour b\u00e9n\u00e9ficier de ces performances \u00e9lev\u00e9es et r\u00e9duire l\u2019impact sur l\u2019environnement, <\/span><b>plusieurs crit\u00e8res doivent \u00eatre imp\u00e9rativement respect\u00e9s<\/b><span> : installation du po\u00eale \u00e0 bois dans les r\u00e8gles de l\u2019art par un professionnel du secteur, utilisation de b\u00fbches ou de granul\u00e9s bien secs, entretien et ramonage r\u00e9guliers.<\/span><\/p><h3><span>Les po\u00eales \u00e0 bois Invicta : une conception \u00e9coresponsable<\/span><\/h3><p><b>Fabriqu\u00e9s en France<\/b><span>, ces <a rel=\"noopener\" href=\"https:\/\/dev.invicta.wp19.axome.cc\/fr\/2020\/02\/25\/les-poeles-inserts-et-foyers-en-fonte-invicta-certifies-origine-france-garantie-2\/\" target=\"_blank\">po\u00eales en fonte<\/a> limitent l&#8217;impact carbone li\u00e9 au transport, contrairement \u00e0 des produits import\u00e9s de l&#8217;\u00e9tranger. Invicta est engag\u00e9 dans une <\/span><b>d\u00e9marche de durabilit\u00e9<\/b><span>, veillant \u00e0 ce que ses produits soient durables et respectueux de l&#8217;environnement, depuis le choix des mat\u00e9riaux jusqu&#8217;au processus de fabrication. Ce dernier inclut une part importante de fonte recycl\u00e9e : anciens radiateurs, plaques d\u2019\u00e9gout, chutes de production\u2026 <\/span><b>La fonte<\/b><span>, au-del\u00e0 de ses propri\u00e9t\u00e9s thermiques exceptionnelles, <\/span><b>se recycle \u00e0 100%.<\/b><\/p>\t\t\t\t\t\t\t\t<\/div>\n\t\t\t\t<\/div>\n\t\t\t\t\t<\/div>\n\t\t<\/div>\n\t\t\t\t\t<\/div>\n\t\t<\/section>\n\t\t\t\t<section class=\"elementor-section elementor-top-section elementor-element elementor-element-04c318e elementor-section-boxed elementor-section-height-default elementor-section-height-default\" data-id=\"04c318e\" data-element_type=\"section\">\n\t\t\t\t\t\t<div class=\"elementor-container elementor-column-gap-default\">\n\t\t\t\t\t<div class=\"elementor-column elementor-col-100 elementor-top-column elementor-element elementor-element-6977d9d\" data-id=\"6977d9d\" data-element_type=\"column\">\n\t\t\t<div class=\"elementor-widget-wrap elementor-element-populated\">\n\t\t\t\t\t\t<div class=\"elementor-element elementor-element-783d09b elementor-widget-divider--view-line elementor-widget elementor-widget-divider\" data-id=\"783d09b\" data-element_type=\"widget\" data-widget_type=\"divider.default\">\n\t\t\t\t<div class=\"elementor-widget-container\">\n\t\t\t\t\t\t\t<div class=\"elementor-divider\">\n\t\t\t<span class=\"elementor-divider-separator\">\n\t\t\t\t\t\t<\/span>\n\t\t<\/div>\n\t\t\t\t\t\t<\/div>\n\t\t\t\t<\/div>\n\t\t\t\t<div class=\"elementor-element elementor-element-5e3bea8 elementor-widget elementor-widget-text-editor\" data-id=\"5e3bea8\" data-element_type=\"widget\" data-widget_type=\"text-editor.default\">\n\t\t\t\t<div class=\"elementor-widget-container\">\n\t\t\t\t\t\t\t\t\t<h2><span>Comment bien choisir son po\u00eale \u00e0 bois pour optimiser la r\u00e9duction de son empreinte carbone<\/span><span> ?<\/span><\/h2><p><span>Pour maximiser votre impact environnemental positif, il est important de choisir un po\u00eale qui r\u00e9pond \u00e0 certains crit\u00e8res cl\u00e9s.<\/span><\/p><h3><span>La taille du po\u00eale<\/span><\/h3><p><b>Un po\u00eale trop petit <\/b><span>risque de fonctionner \u00e0 pleine capacit\u00e9 en permanence, ce qui peut<\/span><b> acc\u00e9l\u00e9rer son usure et r\u00e9duire son efficacit\u00e9<\/b><span>. \u00c0 l&#8217;inverse, <\/span><b>un po\u00eale trop grand<\/b><span> pour vos besoins pourrait entra\u00eener une surconsommation de bois, une source de <\/span><b>co\u00fbts suppl\u00e9mentaires et d&#8217;impact environnemental inutile<\/b><span>.<\/span><\/p><h3><span>Le rendement \u00e9nerg\u00e9tique<\/span><\/h3><p><b>Le rendement \u00e9nerg\u00e9tique <\/b><span>repr\u00e9sente la capacit\u00e9 d&#8217;un po\u00eale \u00e0 <\/span><b>convertir le combustible en chaleur<\/b><span>. Plus le rendement est \u00e9lev\u00e9, plus le po\u00eale est efficace. C&#8217;est un crit\u00e8re important \u00e0 prendre en compte pour minimiser l&#8217;empreinte carbone de votre chauffage \u00e0 bois. Les po\u00eales \u00e0 bois Invicta affichent un rendement \u00e9lev\u00e9, garantissant <\/span><b>une utilisation optimale du bois<\/b><span>.<\/span><\/p><h3><span>La certification \u00e9cologique<\/span><\/h3><p><span>Ces labels garantissent que le po\u00eale a \u00e9t\u00e9 <\/span><b>con\u00e7u et fabriqu\u00e9 selon des normes environnementales strictes<\/b><span>. Par exemple, le<\/span><a rel=\"noopener\" href=\"https:\/\/dev.invicta.wp19.axome.cc\/fr\/2023\/01\/03\/quest-ce-que-le-label-flamme-verte\/\" target=\"_blank\"><b> label Flamme Verte<\/b><\/a><span>, attribu\u00e9 par un organisme ind\u00e9pendant, assure que le po\u00eale respecte des crit\u00e8res d&#8217;efficacit\u00e9 \u00e9nerg\u00e9tique et d&#8217;\u00e9missions polluantes.<\/span><\/p>\t\t\t\t\t\t\t\t<\/div>\n\t\t\t\t<\/div>\n\t\t\t\t<div class=\"elementor-element elementor-element-525b60d elementor-widget elementor-widget-text-editor\" data-id=\"525b60d\" data-element_type=\"widget\" data-widget_type=\"text-editor.default\">\n\t\t\t\t<div class=\"elementor-widget-container\">\n\t\t\t\t\t\t\t\t\t<h2>D\u00e9couvrez + d&#8217;informations en vid\u00e9o avec Flamme Verte<\/h2>\t\t\t\t\t\t\t\t<\/div>\n\t\t\t\t<\/div>\n\t\t\t\t\t<\/div>\n\t\t<\/div>\n\t\t\t\t\t<\/div>\n\t\t<\/section>\n\t\t\t\t<section class=\"elementor-section elementor-top-section elementor-element elementor-element-d4d6be2 elementor-section-boxed elementor-section-height-default elementor-section-height-default\" data-id=\"d4d6be2\" data-element_type=\"section\">\n\t\t\t\t\t\t<div class=\"elementor-container elementor-column-gap-default\">\n\t\t\t\t\t<div class=\"elementor-column elementor-col-100 elementor-top-column elementor-element elementor-element-ea623df\" data-id=\"ea623df\" data-element_type=\"column\">\n\t\t\t<div class=\"elementor-widget-wrap elementor-element-populated\">\n\t\t\t\t\t\t<div class=\"elementor-element elementor-element-cd7983a elementor-widget elementor-widget-video\" data-id=\"cd7983a\" data-element_type=\"widget\" data-settings=\"{&quot;youtube_url&quot;:&quot;https:\\\/\\\/youtu.be\\\/PxlJhOVF-z4&quot;,&quot;video_type&quot;:&quot;youtube&quot;,&quot;controls&quot;:&quot;yes&quot;}\" data-widget_type=\"video.default\">\n\t\t\t\t<div class=\"elementor-widget-container\">\n\t\t\t\t\t\t\t<div class=\"elementor-wrapper elementor-open-inline\">\n\t\t\t<div class=\"elementor-video\"><\/div>\t\t<\/div>\n\t\t\t\t\t\t<\/div>\n\t\t\t\t<\/div>\n\t\t\t\t\t<\/div>\n\t\t<\/div>\n\t\t\t\t\t<\/div>\n\t\t<\/section>\n\t\t\t\t<\/div>\n\t\t","protected":false},"excerpt":{"rendered":"<p>Dans une \u00e8re o\u00f9 la responsabilit\u00e9 environnementale est au c\u0153ur des pr\u00e9occupations, r\u00e9duire son empreinte carbone est devenu important. L\u2019habitat constitue un levier d&#8217;action majeur dans cette d\u00e9marche \u00e9coresponsable. L&#8217;une des cl\u00e9s pour atteindre cet objectif r\u00e9side dans le choix des syst\u00e8mes de chauffage. Avez-vous d\u00e9j\u00e0 pens\u00e9 au po\u00eale \u00e0 bois ? Ce mode de [&hellip;]<\/p>\n","protected":false},"author":504,"featured_media":55841,"comment_status":"closed","ping_status":"closed","sticky":false,"template":"","format":"standard","meta":{"_acf_changed":false,"footnotes":""},"categories":[104],"tags":[5438,5430,5439,5431,5436,5440,5434,5437,5432,5435],"class_list":{"1":"post","5":"has-post-thumbnail"},"acf":[],"yoast_head":"<!-- This site is optimized with the Yoast SEO plugin v24.7 - https:\/\/yoast.com\/wordpress\/plugins\/seo\/ -->\n<title>Po\u00eales \u00e0 bois : chauffer son habitat et r\u00e9duire l&#039;empreinte carbone<\/title>\n<meta name=\"description\" content=\"Po\u00eales \u00e0 bois Invicta : \u2705 \u00e9nergie renouvelable , \u2747\ufe0f efficacit\u00e9 \u00e9nerg\u00e9tique \u2705 conception \u00e9coresponsable \u2747\ufe0f rendement \u00e9lev\u00e9 \u2747\ufe0f Flamme Verte\" \/>\n<meta name=\"robots\" content=\"index, follow, max-snippet:-1, max-image-preview:large, max-video-preview:-1\" \/>\n<link rel=\"canonical\" href=\"https:\/\/dev.invicta.wp19.axome.cc\/fr\/2023\/06\/28\/reduire-lempreinte-carbone-de-son-habitat-grace-au-poele-a-bois\/\" \/>\n<meta property=\"og:locale\" content=\"fr_FR\" \/>\n<meta property=\"og:type\" content=\"article\" \/>\n<meta property=\"og:title\" content=\"Po\u00eales \u00e0 bois : chauffer son habitat et r\u00e9duire l&#039;empreinte carbone\" \/>\n<meta property=\"og:description\" content=\"Po\u00eales \u00e0 bois Invicta : \u2705 \u00e9nergie renouvelable , \u2747\ufe0f efficacit\u00e9 \u00e9nerg\u00e9tique \u2705 conception \u00e9coresponsable \u2747\ufe0f rendement \u00e9lev\u00e9 \u2747\ufe0f Flamme Verte\" \/>\n<meta property=\"og:url\" content=\"https:\/\/dev.invicta.wp19.axome.cc\/fr\/2023\/06\/28\/reduire-lempreinte-carbone-de-son-habitat-grace-au-poele-a-bois\/\" \/>\n<meta property=\"og:site_name\" content=\"Invicta\" \/>\n<meta property=\"article:published_time\" content=\"2023-06-28T09:07:56+00:00\" \/>\n<meta property=\"article:modified_time\" content=\"2023-06-28T12:16:32+00:00\" \/>\n<meta property=\"og:image\" content=\"https:\/\/dev.invicta.wp19.axome.cc\/wp-content\/uploads\/2023\/06\/pexels-mael-balland-4484344-web2.jpg\" \/>\n\t<meta property=\"og:image:width\" content=\"1008\" \/>\n\t<meta property=\"og:image:height\" content=\"500\" \/>\n\t<meta property=\"og:image:type\" content=\"image\/jpeg\" \/>\n<meta name=\"author\" content=\"jbouchon\" \/>\n<meta name=\"twitter:card\" content=\"summary_large_image\" \/>\n<meta name=\"twitter:label1\" content=\"\u00c9crit par\" \/>\n\t<meta name=\"twitter:data1\" content=\"jbouchon\" \/>\n\t<meta name=\"twitter:label2\" content=\"Dur\u00e9e de lecture estim\u00e9e\" \/>\n\t<meta name=\"twitter:data2\" content=\"8 minutes\" \/>\n<script type=\"application\/ld+json\" class=\"yoast-schema-graph\">{\"@context\":\"https:\/\/schema.org\",\"@graph\":[{\"@type\":\"Article\",\"@id\":\"https:\/\/dev.invicta.wp19.axome.cc\/fr\/2023\/06\/28\/reduire-lempreinte-carbone-de-son-habitat-grace-au-poele-a-bois\/#article\",\"isPartOf\":{\"@id\":\"https:\/\/dev.invicta.wp19.axome.cc\/fr\/2023\/06\/28\/reduire-lempreinte-carbone-de-son-habitat-grace-au-poele-a-bois\/\"},\"author\":{\"name\":\"jbouchon\",\"@id\":\"https:\/\/dev.invicta.wp19.axome.cc\/fr\/#\/schema\/person\/77a4c78a637ae0cb328fa20e61323f4f\"},\"headline\":\"R\u00e9duire l&#8217;empreinte carbone de son habitat gr\u00e2ce au po\u00eale \u00e0 bois.\",\"datePublished\":\"2023-06-28T09:07:56+00:00\",\"dateModified\":\"2023-06-28T12:16:32+00:00\",\"mainEntityOfPage\":{\"@id\":\"https:\/\/dev.invicta.wp19.axome.cc\/fr\/2023\/06\/28\/reduire-lempreinte-carbone-de-son-habitat-grace-au-poele-a-bois\/\"},\"wordCount\":1046,\"publisher\":{\"@id\":\"https:\/\/dev.invicta.wp19.axome.cc\/fr\/#organization\"},\"image\":{\"@id\":\"https:\/\/dev.invicta.wp19.axome.cc\/fr\/2023\/06\/28\/reduire-lempreinte-carbone-de-son-habitat-grace-au-poele-a-bois\/#primaryimage\"},\"thumbnailUrl\":\"https:\/\/dev.invicta.wp19.axome.cc\/wp-content\/uploads\/2023\/06\/pexels-mael-balland-4484344-web2.jpg\",\"keywords\":[\"d\u00e9cendrage\",\"entretien\",\"entretien annuel\",\"maintenance\",\"nettoyage\",\"nettoyage vitre\",\"po\u00eale \u00e0 granul\u00e9s\",\"po\u00eale \u00e0 pellets\",\"ramonage\",\"vitre\"],\"articleSection\":[\"Conseils\"],\"inLanguage\":\"fr-FR\"},{\"@type\":\"WebPage\",\"@id\":\"https:\/\/dev.invicta.wp19.axome.cc\/fr\/2023\/06\/28\/reduire-lempreinte-carbone-de-son-habitat-grace-au-poele-a-bois\/\",\"url\":\"https:\/\/dev.invicta.wp19.axome.cc\/fr\/2023\/06\/28\/reduire-lempreinte-carbone-de-son-habitat-grace-au-poele-a-bois\/\",\"name\":\"Po\u00eales \u00e0 bois : chauffer son habitat et r\u00e9duire l'empreinte carbone\",\"isPartOf\":{\"@id\":\"https:\/\/dev.invicta.wp19.axome.cc\/fr\/#website\"},\"primaryImageOfPage\":{\"@id\":\"https:\/\/dev.invicta.wp19.axome.cc\/fr\/2023\/06\/28\/reduire-lempreinte-carbone-de-son-habitat-grace-au-poele-a-bois\/#primaryimage\"},\"image\":{\"@id\":\"https:\/\/dev.invicta.wp19.axome.cc\/fr\/2023\/06\/28\/reduire-lempreinte-carbone-de-son-habitat-grace-au-poele-a-bois\/#primaryimage\"},\"thumbnailUrl\":\"https:\/\/dev.invicta.wp19.axome.cc\/wp-content\/uploads\/2023\/06\/pexels-mael-balland-4484344-web2.jpg\",\"datePublished\":\"2023-06-28T09:07:56+00:00\",\"dateModified\":\"2023-06-28T12:16:32+00:00\",\"description\":\"Po\u00eales \u00e0 bois Invicta : \u2705 \u00e9nergie renouvelable , \u2747\ufe0f efficacit\u00e9 \u00e9nerg\u00e9tique \u2705 conception \u00e9coresponsable \u2747\ufe0f rendement \u00e9lev\u00e9 \u2747\ufe0f Flamme Verte\",\"breadcrumb\":{\"@id\":\"https:\/\/dev.invicta.wp19.axome.cc\/fr\/2023\/06\/28\/reduire-lempreinte-carbone-de-son-habitat-grace-au-poele-a-bois\/#breadcrumb\"},\"inLanguage\":\"fr-FR\",\"potentialAction\":[{\"@type\":\"ReadAction\",\"target\":[\"https:\/\/dev.invicta.wp19.axome.cc\/fr\/2023\/06\/28\/reduire-lempreinte-carbone-de-son-habitat-grace-au-poele-a-bois\/\"]}]},{\"@type\":\"ImageObject\",\"inLanguage\":\"fr-FR\",\"@id\":\"https:\/\/dev.invicta.wp19.axome.cc\/fr\/2023\/06\/28\/reduire-lempreinte-carbone-de-son-habitat-grace-au-poele-a-bois\/#primaryimage\",\"url\":\"https:\/\/dev.invicta.wp19.axome.cc\/wp-content\/uploads\/2023\/06\/pexels-mael-balland-4484344-web2.jpg\",\"contentUrl\":\"https:\/\/dev.invicta.wp19.axome.cc\/wp-content\/uploads\/2023\/06\/pexels-mael-balland-4484344-web2.jpg\",\"width\":1008,\"height\":500},{\"@type\":\"BreadcrumbList\",\"@id\":\"https:\/\/dev.invicta.wp19.axome.cc\/fr\/2023\/06\/28\/reduire-lempreinte-carbone-de-son-habitat-grace-au-poele-a-bois\/#breadcrumb\",\"itemListElement\":[{\"@type\":\"ListItem\",\"position\":1,\"name\":\"Accueil\",\"item\":\"https:\/\/dev.invicta.wp19.axome.cc\/fr\/\"},{\"@type\":\"ListItem\",\"position\":2,\"name\":\"Conseils\",\"item\":\"https:\/\/dev.invicta.wp19.axome.cc\/fr\/category\/conseils\/\"},{\"@type\":\"ListItem\",\"position\":3,\"name\":\"R\u00e9duire l&#8217;empreinte carbone de son habitat gr\u00e2ce au po\u00eale \u00e0 bois.\"}]},{\"@type\":\"WebSite\",\"@id\":\"https:\/\/dev.invicta.wp19.axome.cc\/fr\/#website\",\"url\":\"https:\/\/dev.invicta.wp19.axome.cc\/fr\/\",\"name\":\"Invicta\",\"description\":\"Fabricant fran\u00e7ais, sp\u00e9cialiste europ\u00e9en du chauffage au bois : po\u00eales \u00e0 bois et \u00e0 granul\u00e9s, chemin\u00e9es, foyers et inserts\",\"publisher\":{\"@id\":\"https:\/\/dev.invicta.wp19.axome.cc\/fr\/#organization\"},\"potentialAction\":[{\"@type\":\"SearchAction\",\"target\":{\"@type\":\"EntryPoint\",\"urlTemplate\":\"https:\/\/dev.invicta.wp19.axome.cc\/fr\/?s={search_term_string}\"},\"query-input\":{\"@type\":\"PropertyValueSpecification\",\"valueRequired\":true,\"valueName\":\"search_term_string\"}}],\"inLanguage\":\"fr-FR\"},{\"@type\":\"Organization\",\"@id\":\"https:\/\/dev.invicta.wp19.axome.cc\/fr\/#organization\",\"name\":\"Invicta\",\"url\":\"https:\/\/dev.invicta.wp19.axome.cc\/fr\/\",\"logo\":{\"@type\":\"ImageObject\",\"inLanguage\":\"fr-FR\",\"@id\":\"https:\/\/dev.invicta.wp19.axome.cc\/fr\/#\/schema\/logo\/image\/\",\"url\":\"https:\/\/www.invicta.fr\/wp-content\/uploads\/2019\/06\/INVICTALOGO_RVB.png\",\"contentUrl\":\"https:\/\/www.invicta.fr\/wp-content\/uploads\/2019\/06\/INVICTALOGO_RVB.png\",\"width\":1810,\"height\":1280,\"caption\":\"Invicta\"},\"image\":{\"@id\":\"https:\/\/dev.invicta.wp19.axome.cc\/fr\/#\/schema\/logo\/image\/\"}},{\"@type\":\"Person\",\"@id\":\"https:\/\/dev.invicta.wp19.axome.cc\/fr\/#\/schema\/person\/77a4c78a637ae0cb328fa20e61323f4f\",\"name\":\"jbouchon\",\"image\":{\"@type\":\"ImageObject\",\"inLanguage\":\"fr-FR\",\"@id\":\"https:\/\/dev.invicta.wp19.axome.cc\/fr\/#\/schema\/person\/image\/\",\"url\":\"https:\/\/secure.gravatar.com\/avatar\/31aa4792cc83f4ee01d885f51fa8cc27?s=96&d=mm&r=g\",\"contentUrl\":\"https:\/\/secure.gravatar.com\/avatar\/31aa4792cc83f4ee01d885f51fa8cc27?s=96&d=mm&r=g\",\"caption\":\"jbouchon\"}}]}<\/script>\n<!-- \/ Yoast SEO plugin. -->","yoast_head_json":{"title":"Po\u00eales \u00e0 bois : chauffer son habitat et r\u00e9duire l'empreinte carbone","description":"Po\u00eales \u00e0 bois Invicta : \u2705 \u00e9nergie renouvelable , \u2747\ufe0f efficacit\u00e9 \u00e9nerg\u00e9tique \u2705 conception \u00e9coresponsable \u2747\ufe0f rendement \u00e9lev\u00e9 \u2747\ufe0f Flamme Verte","robots":{"index":"index","follow":"follow","max-snippet":"max-snippet:-1","max-image-preview":"max-image-preview:large","max-video-preview":"max-video-preview:-1"},"canonical":"https:\/\/dev.invicta.wp19.axome.cc\/fr\/2023\/06\/28\/reduire-lempreinte-carbone-de-son-habitat-grace-au-poele-a-bois\/","og_locale":"fr_FR","og_type":"article","og_title":"Po\u00eales \u00e0 bois : chauffer son habitat et r\u00e9duire l'empreinte carbone","og_description":"Po\u00eales \u00e0 bois Invicta : \u2705 \u00e9nergie renouvelable , \u2747\ufe0f efficacit\u00e9 \u00e9nerg\u00e9tique \u2705 conception \u00e9coresponsable \u2747\ufe0f rendement \u00e9lev\u00e9 \u2747\ufe0f Flamme Verte","og_url":"https:\/\/dev.invicta.wp19.axome.cc\/fr\/2023\/06\/28\/reduire-lempreinte-carbone-de-son-habitat-grace-au-poele-a-bois\/","og_site_name":"Invicta","article_published_time":"2023-06-28T09:07:56+00:00","article_modified_time":"2023-06-28T12:16:32+00:00","og_image":[{"width":1008,"height":500,"url":"https:\/\/dev.invicta.wp19.axome.cc\/wp-content\/uploads\/2023\/06\/pexels-mael-balland-4484344-web2.jpg","type":"image\/jpeg"}],"author":"jbouchon","twitter_card":"summary_large_image","twitter_misc":{"\u00c9crit par":"jbouchon","Dur\u00e9e de lecture estim\u00e9e":"8 minutes"},"schema":{"@context":"https:\/\/schema.org","@graph":[{"@type":"Article","@id":"https:\/\/dev.invicta.wp19.axome.cc\/fr\/2023\/06\/28\/reduire-lempreinte-carbone-de-son-habitat-grace-au-poele-a-bois\/#article","isPartOf":{"@id":"https:\/\/dev.invicta.wp19.axome.cc\/fr\/2023\/06\/28\/reduire-lempreinte-carbone-de-son-habitat-grace-au-poele-a-bois\/"},"author":{"name":"jbouchon","@id":"https:\/\/dev.invicta.wp19.axome.cc\/fr\/#\/schema\/person\/77a4c78a637ae0cb328fa20e61323f4f"},"headline":"R\u00e9duire l&#8217;empreinte carbone de son habitat gr\u00e2ce au po\u00eale \u00e0 bois.","datePublished":"2023-06-28T09:07:56+00:00","dateModified":"2023-06-28T12:16:32+00:00","mainEntityOfPage":{"@id":"https:\/\/dev.invicta.wp19.axome.cc\/fr\/2023\/06\/28\/reduire-lempreinte-carbone-de-son-habitat-grace-au-poele-a-bois\/"},"wordCount":1046,"publisher":{"@id":"https:\/\/dev.invicta.wp19.axome.cc\/fr\/#organization"},"image":{"@id":"https:\/\/dev.invicta.wp19.axome.cc\/fr\/2023\/06\/28\/reduire-lempreinte-carbone-de-son-habitat-grace-au-poele-a-bois\/#primaryimage"},"thumbnailUrl":"https:\/\/dev.invicta.wp19.axome.cc\/wp-content\/uploads\/2023\/06\/pexels-mael-balland-4484344-web2.jpg","keywords":["d\u00e9cendrage","entretien","entretien annuel","maintenance","nettoyage","nettoyage vitre","po\u00eale \u00e0 granul\u00e9s","po\u00eale \u00e0 pellets","ramonage","vitre"],"articleSection":["Conseils"],"inLanguage":"fr-FR"},{"@type":"WebPage","@id":"https:\/\/dev.invicta.wp19.axome.cc\/fr\/2023\/06\/28\/reduire-lempreinte-carbone-de-son-habitat-grace-au-poele-a-bois\/","url":"https:\/\/dev.invicta.wp19.axome.cc\/fr\/2023\/06\/28\/reduire-lempreinte-carbone-de-son-habitat-grace-au-poele-a-bois\/","name":"Po\u00eales \u00e0 bois : chauffer son habitat et r\u00e9duire l'empreinte carbone","isPartOf":{"@id":"https:\/\/dev.invicta.wp19.axome.cc\/fr\/#website"},"primaryImageOfPage":{"@id":"https:\/\/dev.invicta.wp19.axome.cc\/fr\/2023\/06\/28\/reduire-lempreinte-carbone-de-son-habitat-grace-au-poele-a-bois\/#primaryimage"},"image":{"@id":"https:\/\/dev.invicta.wp19.axome.cc\/fr\/2023\/06\/28\/reduire-lempreinte-carbone-de-son-habitat-grace-au-poele-a-bois\/#primaryimage"},"thumbnailUrl":"https:\/\/dev.invicta.wp19.axome.cc\/wp-content\/uploads\/2023\/06\/pexels-mael-balland-4484344-web2.jpg","datePublished":"2023-06-28T09:07:56+00:00","dateModified":"2023-06-28T12:16:32+00:00","description":"Po\u00eales \u00e0 bois Invicta : \u2705 \u00e9nergie renouvelable , \u2747\ufe0f efficacit\u00e9 \u00e9nerg\u00e9tique \u2705 conception \u00e9coresponsable \u2747\ufe0f rendement \u00e9lev\u00e9 \u2747\ufe0f Flamme Verte","breadcrumb":{"@id":"https:\/\/dev.invicta.wp19.axome.cc\/fr\/2023\/06\/28\/reduire-lempreinte-carbone-de-son-habitat-grace-au-poele-a-bois\/#breadcrumb"},"inLanguage":"fr-FR","potentialAction":[{"@type":"ReadAction","target":["https:\/\/dev.invicta.wp19.axome.cc\/fr\/2023\/06\/28\/reduire-lempreinte-carbone-de-son-habitat-grace-au-poele-a-bois\/"]}]},{"@type":"ImageObject","inLanguage":"fr-FR","@id":"https:\/\/dev.invicta.wp19.axome.cc\/fr\/2023\/06\/28\/reduire-lempreinte-carbone-de-son-habitat-grace-au-poele-a-bois\/#primaryimage","url":"https:\/\/dev.invicta.wp19.axome.cc\/wp-content\/uploads\/2023\/06\/pexels-mael-balland-4484344-web2.jpg","contentUrl":"https:\/\/dev.invicta.wp19.axome.cc\/wp-content\/uploads\/2023\/06\/pexels-mael-balland-4484344-web2.jpg","width":1008,"height":500},{"@type":"BreadcrumbList","@id":"https:\/\/dev.invicta.wp19.axome.cc\/fr\/2023\/06\/28\/reduire-lempreinte-carbone-de-son-habitat-grace-au-poele-a-bois\/#breadcrumb","itemListElement":[{"@type":"ListItem","position":1,"name":"Accueil","item":"https:\/\/dev.invicta.wp19.axome.cc\/fr\/"},{"@type":"ListItem","position":2,"name":"Conseils","item":"https:\/\/dev.invicta.wp19.axome.cc\/fr\/category\/conseils\/"},{"@type":"ListItem","position":3,"name":"R\u00e9duire l&#8217;empreinte carbone de son habitat gr\u00e2ce au po\u00eale \u00e0 bois."}]},{"@type":"WebSite","@id":"https:\/\/dev.invicta.wp19.axome.cc\/fr\/#website","url":"https:\/\/dev.invicta.wp19.axome.cc\/fr\/","name":"Invicta","description":"Fabricant fran\u00e7ais, sp\u00e9cialiste europ\u00e9en du chauffage au bois : po\u00eales \u00e0 bois et \u00e0 granul\u00e9s, chemin\u00e9es, foyers et inserts","publisher":{"@id":"https:\/\/dev.invicta.wp19.axome.cc\/fr\/#organization"},"potentialAction":[{"@type":"SearchAction","target":{"@type":"EntryPoint","urlTemplate":"https:\/\/dev.invicta.wp19.axome.cc\/fr\/?s={search_term_string}"},"query-input":{"@type":"PropertyValueSpecification","valueRequired":true,"valueName":"search_term_string"}}],"inLanguage":"fr-FR"},{"@type":"Organization","@id":"https:\/\/dev.invicta.wp19.axome.cc\/fr\/#organization","name":"Invicta","url":"https:\/\/dev.invicta.wp19.axome.cc\/fr\/","logo":{"@type":"ImageObject","inLanguage":"fr-FR","@id":"https:\/\/dev.invicta.wp19.axome.cc\/fr\/#\/schema\/logo\/image\/","url":"https:\/\/www.invicta.fr\/wp-content\/uploads\/2019\/06\/INVICTALOGO_RVB.png","contentUrl":"https:\/\/www.invicta.fr\/wp-content\/uploads\/2019\/06\/INVICTALOGO_RVB.png","width":1810,"height":1280,"caption":"Invicta"},"image":{"@id":"https:\/\/dev.invicta.wp19.axome.cc\/fr\/#\/schema\/logo\/image\/"}},{"@type":"Person","@id":"https:\/\/dev.invicta.wp19.axome.cc\/fr\/#\/schema\/person\/77a4c78a637ae0cb328fa20e61323f4f","name":"jbouchon","image":{"@type":"ImageObject","inLanguage":"fr-FR","@id":"https:\/\/dev.invicta.wp19.axome.cc\/fr\/#\/schema\/person\/image\/","url":"https:\/\/secure.gravatar.com\/avatar\/31aa4792cc83f4ee01d885f51fa8cc27?s=96&d=mm&r=g","contentUrl":"https:\/\/secure.gravatar.com\/avatar\/31aa4792cc83f4ee01d885f51fa8cc27?s=96&d=mm&r=g","caption":"jbouchon"}}]}},"_links":{"self":[{"href":"https:\/\/dev.invicta.wp19.axome.cc\/fr\/wp-json\/wp\/v2\/posts\/55840","targetHints":{"allow":["GET"]}}],"collection":[{"href":"https:\/\/dev.invicta.wp19.axome.cc\/fr\/wp-json\/wp\/v2\/posts"}],"about":[{"href":"https:\/\/dev.invicta.wp19.axome.cc\/fr\/wp-json\/wp\/v2\/types\/post"}],"author":[{"embeddable":true,"href":"https:\/\/dev.invicta.wp19.axome.cc\/fr\/wp-json\/wp\/v2\/users\/504"}],"replies":[{"embeddable":true,"href":"https:\/\/dev.invicta.wp19.axome.cc\/fr\/wp-json\/wp\/v2\/comments?post=55840"}],"version-history":[{"count":10,"href":"https:\/\/dev.invicta.wp19.axome.cc\/fr\/wp-json\/wp\/v2\/posts\/55840\/revisions"}],"predecessor-version":[{"id":55869,"href":"https:\/\/dev.invicta.wp19.axome.cc\/fr\/wp-json\/wp\/v2\/posts\/55840\/revisions\/55869"}],"wp:featuredmedia":[{"embeddable":true,"href":"https:\/\/dev.invicta.wp19.axome.cc\/fr\/wp-json\/wp\/v2\/media\/55841"}],"wp:attachment":[{"href":"https:\/\/dev.invicta.wp19.axome.cc\/fr\/wp-json\/wp\/v2\/media?parent=55840"}],"wp:term":[{"taxonomy":"category","embeddable":true,"href":"https:\/\/dev.invicta.wp19.axome.cc\/fr\/wp-json\/wp\/v2\/categories?post=55840"},{"taxonomy":"post_tag","embeddable":true,"href":"https:\/\/dev.invicta.wp19.axome.cc\/fr\/wp-json\/wp\/v2\/tags?post=55840"}],"curies":[{"name":"wp","href":"https:\/\/api.w.org\/{rel}","templated":true}]}}