{"id":58429,"date":"2023-10-02T18:36:29","date_gmt":"2023-10-02T16:36:29","guid":{"rendered":"https:\/\/dev.invicta.wp19.axome.cc\/?p=58429"},"modified":"2024-10-04T09:41:24","modified_gmt":"2024-10-04T07:41:24","slug":"comment-reduire-la-facture-de-chauffage-2024","status":"publish","type":"post","link":"https:\/\/dev.invicta.wp19.axome.cc\/fr\/2023\/10\/02\/comment-reduire-la-facture-de-chauffage-2024\/","title":{"rendered":"R\u00e9duire la facture de chauffage 2024 avec un po\u00eale \u00e0 granul\u00e9s"},"content":{"rendered":"\t\t<div data-elementor-type=\"wp-post\" data-elementor-id=\"58429\" class=\"elementor elementor-58429\" data-elementor-post-type=\"post\">\n\t\t\t\t\t\t<section class=\"elementor-section elementor-top-section elementor-element elementor-element-0fa886a elementor-section-boxed elementor-section-height-default elementor-section-height-default\" data-id=\"0fa886a\" data-element_type=\"section\">\n\t\t\t\t\t\t<div class=\"elementor-container elementor-column-gap-default\">\n\t\t\t\t\t<div class=\"elementor-column elementor-col-100 elementor-top-column elementor-element elementor-element-7309d0b\" data-id=\"7309d0b\" data-element_type=\"column\">\n\t\t\t<div class=\"elementor-widget-wrap elementor-element-populated\">\n\t\t\t\t\t\t<div class=\"elementor-element elementor-element-248fef4 elementor-widget elementor-widget-text-editor\" data-id=\"248fef4\" data-element_type=\"widget\" data-widget_type=\"text-editor.default\">\n\t\t\t\t<div class=\"elementor-widget-container\">\n\t\t\t\t\t\t\t\t\t<h3>Baissons le chauffage d\u2019un ou deux degr\u00e9s, portons des gros pulls, buvons des boissons chaudes\u2026 <\/h3>\t\t\t\t\t\t\t\t<\/div>\n\t\t\t\t<\/div>\n\t\t\t\t\t<\/div>\n\t\t<\/div>\n\t\t\t\t\t<\/div>\n\t\t<\/section>\n\t\t\t\t<section class=\"elementor-section elementor-top-section elementor-element elementor-element-8b54d2b elementor-section-boxed elementor-section-height-default elementor-section-height-default\" data-id=\"8b54d2b\" data-element_type=\"section\">\n\t\t\t\t\t\t<div class=\"elementor-container elementor-column-gap-default\">\n\t\t\t\t\t<div class=\"elementor-column elementor-col-100 elementor-top-column elementor-element elementor-element-5558bae\" data-id=\"5558bae\" data-element_type=\"column\">\n\t\t\t<div class=\"elementor-widget-wrap elementor-element-populated\">\n\t\t\t\t\t\t<div class=\"elementor-element elementor-element-fe4e75d elementor-widget-divider--view-line elementor-widget elementor-widget-divider\" data-id=\"fe4e75d\" data-element_type=\"widget\" data-widget_type=\"divider.default\">\n\t\t\t\t<div class=\"elementor-widget-container\">\n\t\t\t\t\t\t\t<div class=\"elementor-divider\">\n\t\t\t<span class=\"elementor-divider-separator\">\n\t\t\t\t\t\t<\/span>\n\t\t<\/div>\n\t\t\t\t\t\t<\/div>\n\t\t\t\t<\/div>\n\t\t\t\t\t<\/div>\n\t\t<\/div>\n\t\t\t\t\t<\/div>\n\t\t<\/section>\n\t\t\t\t<section class=\"elementor-section elementor-top-section elementor-element elementor-element-877e281 elementor-section-boxed elementor-section-height-default elementor-section-height-default\" data-id=\"877e281\" data-element_type=\"section\">\n\t\t\t\t\t\t<div class=\"elementor-container elementor-column-gap-default\">\n\t\t\t\t\t<div class=\"elementor-column elementor-col-100 elementor-top-column elementor-element elementor-element-ed0ea91\" data-id=\"ed0ea91\" data-element_type=\"column\">\n\t\t\t<div class=\"elementor-widget-wrap elementor-element-populated\">\n\t\t\t\t\t\t<div class=\"elementor-element elementor-element-3bdd325 elementor-widget elementor-widget-text-editor\" data-id=\"3bdd325\" data-element_type=\"widget\" data-widget_type=\"text-editor.default\">\n\t\t\t\t<div class=\"elementor-widget-container\">\n\t\t\t\t\t\t\t\t\t<h2><strong>Ou plus simple, chauffons-nous avec un po\u00eale \u00e0 granul\u00e9s Invicta.<\/strong><\/h2><ul><li>C\u2019est deux fois moins cher que l\u2019\u00e9lectricit\u00e9*<sup>1<\/sup><\/li><li>en plus, ils sont plus \u00e9cologiques*<sup>2<\/sup><\/li><li>connect\u00e9s,<\/li><li>design.<\/li><\/ul><p>D\u00e9couvrez-les dans votre <a rel=\"noopener\" href=\"https:\/\/dev.invicta.wp19.axome.cc\/fr\/carte-revendeurs\/\" target=\"_blank\">Invicta Shop<\/a>,<br \/>et profitez des conseils d&#8217;un professionnel RGE pour vous accompagner dans votre projet.<\/p><p><sup>*1<\/sup> Pour un m\u00e9nage dont la consommation est sup\u00e9rieure \u00e0 5 MWh et strictement inf\u00e9rieure \u00e0 15 MWh par an. Source\u00a0: Minist\u00e8re de la transition \u00e9cologique \u2013 \u00e9tude 2023<\/p><p><sup>*2<\/sup> Plus \u00e9cologique que le chauffage au fioul, \u00e9lectrique ou au gaz. Source\u00a0: <a rel=\"noopener\" href=\"https:\/\/www.carbone4.com\/files\/wp-content\/uploads\/2020\/06\/Publication-FE-Chaleur-et-e%CC%81lectricite%CC%81-.pdf\" target=\"_blank\">Etude Carbone4 \u2013 2020<\/a><\/p>\t\t\t\t\t\t\t\t<\/div>\n\t\t\t\t<\/div>\n\t\t\t\t\t<\/div>\n\t\t<\/div>\n\t\t\t\t\t<\/div>\n\t\t<\/section>\n\t\t\t\t<section class=\"elementor-section elementor-top-section elementor-element elementor-element-0013461 elementor-section-boxed elementor-section-height-default elementor-section-height-default\" data-id=\"0013461\" data-element_type=\"section\">\n\t\t\t\t\t\t<div class=\"elementor-container elementor-column-gap-default\">\n\t\t\t\t\t<div class=\"elementor-column elementor-col-100 elementor-top-column elementor-element elementor-element-0b56257\" data-id=\"0b56257\" data-element_type=\"column\">\n\t\t\t<div class=\"elementor-widget-wrap elementor-element-populated\">\n\t\t\t\t\t\t<div class=\"elementor-element elementor-element-baa1841 elementor-widget-divider--view-line elementor-widget elementor-widget-divider\" data-id=\"baa1841\" data-element_type=\"widget\" data-widget_type=\"divider.default\">\n\t\t\t\t<div class=\"elementor-widget-container\">\n\t\t\t\t\t\t\t<div class=\"elementor-divider\">\n\t\t\t<span class=\"elementor-divider-separator\">\n\t\t\t\t\t\t<\/span>\n\t\t<\/div>\n\t\t\t\t\t\t<\/div>\n\t\t\t\t<\/div>\n\t\t\t\t\t<\/div>\n\t\t<\/div>\n\t\t\t\t\t<\/div>\n\t\t<\/section>\n\t\t\t\t<section class=\"elementor-section elementor-top-section elementor-element elementor-element-d4d6be2 elementor-section-boxed elementor-section-height-default elementor-section-height-default\" data-id=\"d4d6be2\" data-element_type=\"section\">\n\t\t\t\t\t\t<div class=\"elementor-container elementor-column-gap-default\">\n\t\t\t\t\t<div class=\"elementor-column elementor-col-100 elementor-top-column elementor-element elementor-element-ea623df\" data-id=\"ea623df\" data-element_type=\"column\">\n\t\t\t<div class=\"elementor-widget-wrap elementor-element-populated\">\n\t\t\t\t\t\t<div class=\"elementor-element elementor-element-cd7983a elementor-widget elementor-widget-video\" data-id=\"cd7983a\" data-element_type=\"widget\" data-settings=\"{&quot;youtube_url&quot;:&quot;https:\\\/\\\/www.youtube.com\\\/watch?v=vkRb7I3eOjk&amp;feature=youtu.be&quot;,&quot;video_type&quot;:&quot;youtube&quot;,&quot;controls&quot;:&quot;yes&quot;}\" data-widget_type=\"video.default\">\n\t\t\t\t<div class=\"elementor-widget-container\">\n\t\t\t\t\t\t\t<div class=\"elementor-wrapper elementor-open-inline\">\n\t\t\t<div class=\"elementor-video\"><\/div>\t\t<\/div>\n\t\t\t\t\t\t<\/div>\n\t\t\t\t<\/div>\n\t\t\t\t\t<\/div>\n\t\t<\/div>\n\t\t\t\t\t<\/div>\n\t\t<\/section>\n\t\t\t\t<section class=\"elementor-section elementor-top-section elementor-element elementor-element-17b6330 elementor-section-boxed elementor-section-height-default elementor-section-height-default\" data-id=\"17b6330\" data-element_type=\"section\">\n\t\t\t\t\t\t<div class=\"elementor-container elementor-column-gap-default\">\n\t\t\t\t\t<div class=\"elementor-column elementor-col-100 elementor-top-column elementor-element elementor-element-f9df06a\" data-id=\"f9df06a\" data-element_type=\"column\">\n\t\t\t<div class=\"elementor-widget-wrap elementor-element-populated\">\n\t\t\t\t\t\t<div class=\"elementor-element elementor-element-88ab7a4 elementor-widget-divider--view-line elementor-widget elementor-widget-divider\" data-id=\"88ab7a4\" data-element_type=\"widget\" data-widget_type=\"divider.default\">\n\t\t\t\t<div class=\"elementor-widget-container\">\n\t\t\t\t\t\t\t<div class=\"elementor-divider\">\n\t\t\t<span class=\"elementor-divider-separator\">\n\t\t\t\t\t\t<\/span>\n\t\t<\/div>\n\t\t\t\t\t\t<\/div>\n\t\t\t\t<\/div>\n\t\t\t\t<div class=\"elementor-element elementor-element-d25c8b7 elementor-widget elementor-widget-text-editor\" data-id=\"d25c8b7\" data-element_type=\"widget\" data-widget_type=\"text-editor.default\">\n\t\t\t\t<div class=\"elementor-widget-container\">\n\t\t\t\t\t\t\t\t\t<h1>Le<strong> granul\u00e9\u00a0: une \u00e9nergie comp\u00e9titive et locale<\/strong><\/h1><h2>* <em>Un combustible disponible \u00e0 un prix stabilis\u00e9<\/em><\/h2><p>L\u2019hiver 2022\/2023 a \u00e9t\u00e9 marqu\u00e9 par des tensions in\u00e9dites sur le march\u00e9 du granul\u00e9 g\u00e9n\u00e9rant une augmentation sensible du prix de la tonne de granul\u00e9s et des sacs de 15 kg. La croissance du parc de chaudi\u00e8res et de po\u00eales \u00e0 granul\u00e9s install\u00e9s n\u2019explique pas \u00e0 elle seule cette surchauffe. La hausse soudaine de la demande \u00e9tait principalement li\u00e9e \u00e0 un mouvement de panique relay\u00e9 dans les media d\u00e9bouchant sur une anticipation des commandes et un sur-stockage du combustible.<\/p><p>Depuis, <strong>les fabricants fran\u00e7ais se sont organis\u00e9s pour anticiper les besoins de la nouvelle saison hivernale et augmenter les capacit\u00e9s de production. A fin septembre 2023, la situation est stable et raisonnable en termes de prix et de disponibilit\u00e9 du granul\u00e9<\/strong>. La moyenne nationale constat\u00e9e le 1<sup>er<\/sup> septembre 2023 par le site internet Picbleu \u00e9volue entre 490 et 578 euros TTC la tonne de granul\u00e9s en sacs, livraison comprise. En d\u00e9cembre 2022, la palette d\u2019une tonne de granul\u00e9s en sacs se vendait entre 636 et 762 euros TTC. Au pic de l&#8217;inflation, le sac de 15 kg de pellets s&#8217;affichait \u00e0 un prix de 12 euros parfois m\u00eame jusqu&#8217;\u00e0 15 euros dans certaines r\u00e9gions. Au premier trimestre 2024, le sac de granul\u00e9s de 15 kg se vendait en moyenne 6 \u00e0 7 \u20ac en libre-service.<\/p><p>Selon Propellet, <strong>85% des granul\u00e9s vendus sur le march\u00e9 fran\u00e7ais sont produits par des fabricants fran\u00e7ais<\/strong>, le solde \u00e9tant import\u00e9 de pays voisins\u00a0: Belgique, Espagne, Allemagne principalement. L\u2019association nationale du chauffage au granul\u00e9 annonce \u00e9galement une augmentation de la production fran\u00e7aise de granul\u00e9s de 12% par an d\u2019ici \u00e0 2030 permettant de couvrir largement le besoin. Energie locale, le combustible granul\u00e9 contribue ainsi \u00e0 l\u2019autosuffisance \u00e9nerg\u00e9tique de la France.<\/p><h2>* <em>Deux fois moins cher que l\u2019\u00e9lectricit\u00e9<sup>1<\/sup>, un des combustibles les plus comp\u00e9titifs<\/em><\/h2><p>Suite \u00e0 l\u2019augmentation des co\u00fbts de fabrication (mati\u00e8re premi\u00e8re, \u00e9lectricit\u00e9, emballage, transport\u2026), le granul\u00e9 n\u2019a pas retrouv\u00e9 le niveau de prix de 2021 mais s\u2019est stabilis\u00e9 \u00e0 un tarif acceptable et comp\u00e9titif.<\/p><p>\u00ab\u00a02 fois moins cher que le chauffage \u00e9lectrique direct<sup>1<\/sup>\u00a0\u00bb, c\u2019est ainsi que l\u2019association Propellet confirme l\u2019aspect \u00e9conomique du combustible sur son site internet et dans sa campagne \u00ab\u00a0Je bascule au granul\u00e9s\u00a0\u00bb.<\/p>\t\t\t\t\t\t\t\t<\/div>\n\t\t\t\t<\/div>\n\t\t\t\t<div class=\"elementor-element elementor-element-a047f2e elementor-widget elementor-widget-image\" data-id=\"a047f2e\" data-element_type=\"widget\" data-widget_type=\"image.default\">\n\t\t\t\t<div class=\"elementor-widget-container\">\n\t\t\t\t\t\t\t\t\t\t\t\t\t\t\t<img fetchpriority=\"high\" decoding=\"async\" width=\"1024\" height=\"482\" src=\"https:\/\/dev.invicta.wp19.axome.cc\/wp-content\/uploads\/2023\/10\/2fois-moins-cher.png\" class=\"attachment-large size-large wp-image-59012\" alt=\"\" \/>\t\t\t\t\t\t\t\t\t\t\t\t\t\t\t<\/div>\n\t\t\t\t<\/div>\n\t\t\t\t<div class=\"elementor-element elementor-element-88a9f28 elementor-widget elementor-widget-text-editor\" data-id=\"88a9f28\" data-element_type=\"widget\" data-widget_type=\"text-editor.default\">\n\t\t\t\t<div class=\"elementor-widget-container\">\n\t\t\t\t\t\t\t\t\t<h2>* <em>Des aides pour accompagner l\u2019investissement dans un po\u00eale \u00e0 granul\u00e9s<\/em><\/h2><p>L\u2019installation d\u2019un po\u00eale \u00e0 granul\u00e9s par un professionnel RGE (Reconnu Garant de l\u2019Environnement) ouvre droit \u00e0 des <strong>aides financi\u00e8res nationales ou locales\u00a0<\/strong>:<\/p><ul><li><a rel=\"noopener\" href=\"https:\/\/dev.invicta.wp19.axome.cc\/fr\/2022\/09\/01\/comment-obtenir-la-prime-renov-pour-lachat-dun-poele-a-granules\/\" target=\"_blank\">Ma Prime R\u00e9nov\u2019<\/a> jusqu&#8217;au 31 mars 2024 : 1500 \u20ac \u00e0 2500 \u20ac selon le revenu du foyer<\/li><li><a rel=\"noopener\" href=\"https:\/\/dev.invicta.wp19.axome.cc\/fr\/2022\/09\/01\/comment-obtenir-la-prime-renov-pour-lachat-dun-poele-a-granules\/\" target=\"_blank\">Ma Prime R\u00e9nov\u2019<\/a> \u00e0 partir du 1er avril 2024 : 1050 \u20ac \u00e0 1750 \u20ac selon le revenu du foyer<\/li><li>Certificat d\u2019\u00c9conomie d\u2019\u00c9nergie (CEE)<\/li><li>Aides locales selon r\u00e9gion notamment Fonds Air Bois<\/li><\/ul><p>Renseignez-vous aupr\u00e8s d\u2019un professionnel RGE, <a rel=\"noopener\" href=\"https:\/\/france-renov.gouv.fr\/aides\/simulation#\/\" target=\"_blank\">sur le simulateur d\u2019aides France R\u00e9nov pour les aides nationales<\/a>, <a rel=\"noopener\" href=\"https:\/\/www.anil.org\/aides-locales-travaux\/\" target=\"_blank\">sur le site de l\u2019Anil pour les aides locales<\/a> et sur le <a rel=\"noopener\" href=\"https:\/\/agirpourlatransition.ademe.fr\/particuliers\/finances\/aides-a-renovation\/aide-fonds-air-bois\" target=\"_blank\">site de l&#8217;Ademe pour les fonds Air Bois<\/a>.<\/p>\t\t\t\t\t\t\t\t<\/div>\n\t\t\t\t<\/div>\n\t\t\t\t<div class=\"elementor-element elementor-element-ea06956 elementor-widget-divider--view-line elementor-widget elementor-widget-divider\" data-id=\"ea06956\" data-element_type=\"widget\" data-widget_type=\"divider.default\">\n\t\t\t\t<div class=\"elementor-widget-container\">\n\t\t\t\t\t\t\t<div class=\"elementor-divider\">\n\t\t\t<span class=\"elementor-divider-separator\">\n\t\t\t\t\t\t<\/span>\n\t\t<\/div>\n\t\t\t\t\t\t<\/div>\n\t\t\t\t<\/div>\n\t\t\t\t<div class=\"elementor-element elementor-element-76bc9e4 elementor-widget elementor-widget-text-editor\" data-id=\"76bc9e4\" data-element_type=\"widget\" data-widget_type=\"text-editor.default\">\n\t\t\t\t<div class=\"elementor-widget-container\">\n\t\t\t\t\t\t\t\t\t<h1><span><strong>Le granul\u00e9\u00a0: une \u00e9nergie plus \u00e9cologique<\/strong><\/span><\/h1><h2><span>* <em>Un combustible issu de la valorisation de r\u00e9sidus de bois<\/em><\/span><\/h2><p><strong>\u00a0<\/strong>L\u2019industrie du bois (menuiseries, ameublement ou construction) g\u00e9n\u00e8re des chutes, de la sciure, des copeaux. Ces r\u00e9sidus constituent la mati\u00e8re principale utilis\u00e9e dans la fabrication des granul\u00e9s (\u00e0 95% selon Propellet). En dehors des coupes sanitaires (arbres malades) et des coupes d\u2019\u00e9claircie (arbres coup\u00e9s pour favoriser la croissance d\u2019autres arbres), aucun arbre n\u2019est abattu pour produire le combustible.<\/p><h2><span>* <em>De hautes performances \u00e9nerg\u00e9tiques et environnementales<\/em><\/span><\/h2><p>Gr\u00e2ce \u00e0 leur haut pouvoir calorifique, les granul\u00e9s d\u00e9gagent un haut rendement lors de leur combustion, 90% en moyenne. Les \u00e9missions de CO, poussi\u00e8res et autres mati\u00e8res polluantes sont aussi limit\u00e9es, comme en t\u00e9moignent l\u2019Ecolabel A+, le label Flamme Verte 7 \u00e9toiles et la norme Ecodesign 2022 associ\u00e9s aux po\u00eales \u00e0 granul\u00e9s.<\/p><h2><em>* Une consommation ajust\u00e9e gr\u00e2ce \u00e0 la r\u00e9gulation automatique<\/em><\/h2><p>La technologie des po\u00eales \u00e0 granul\u00e9s permet d\u2019optimiser la consommation de pellets. La production de chaleur est r\u00e9gul\u00e9e au degr\u00e9 pr\u00e8s. Le po\u00eale peut aussi \u00eatre programm\u00e9 pour fonctionner en fonction des besoins et du rythme de vie de ses utilisateurs.<\/p><p><\/p>\t\t\t\t\t\t\t\t<\/div>\n\t\t\t\t<\/div>\n\t\t\t\t<div class=\"elementor-element elementor-element-26c53b6 elementor-widget-divider--view-line elementor-widget elementor-widget-divider\" data-id=\"26c53b6\" data-element_type=\"widget\" data-widget_type=\"divider.default\">\n\t\t\t\t<div class=\"elementor-widget-container\">\n\t\t\t\t\t\t\t<div class=\"elementor-divider\">\n\t\t\t<span class=\"elementor-divider-separator\">\n\t\t\t\t\t\t<\/span>\n\t\t<\/div>\n\t\t\t\t\t\t<\/div>\n\t\t\t\t<\/div>\n\t\t\t\t<div class=\"elementor-element elementor-element-0ea2337 elementor-widget elementor-widget-text-editor\" data-id=\"0ea2337\" data-element_type=\"widget\" data-widget_type=\"text-editor.default\">\n\t\t\t\t<div class=\"elementor-widget-container\">\n\t\t\t\t\t\t\t\t\t<h1><span><strong>Des po\u00eales \u00e0 granul\u00e9s connect\u00e9s<\/strong><\/span><\/h1><p>Pilotez votre confort thermique depuis votre t\u00e9l\u00e9phone est d\u00e9sormais possible sur la plupart des po\u00eales \u00e0 granul\u00e9s Invicta gr\u00e2ce \u00e0 un kit Wi-Fi optionnel ou int\u00e9gr\u00e9 de s\u00e9rie (exemples :&nbsp; <a rel=\"noopener\" href=\"https:\/\/dev.invicta.wp19.axome.cc\/fr\/produit\/poele-a-granules-etanche-fontica-8-wifi-ventilation-desactivable\/\" target=\"_blank\">Fontica<\/a>, <a rel=\"noopener\" href=\"https:\/\/dev.invicta.wp19.axome.cc\/fr\/produit\/poele-a-granules-etanche-lodi-8-wi-fi-poele-a-pellets\/\" target=\"_blank\">Lodi 8<\/a>, <a rel=\"noopener\" href=\"https:\/\/dev.invicta.wp19.axome.cc\/fr\/produit\/poele-a-granules-lodi-10-wi-fi-poele-a-pellets\/\" target=\"_blank\">Lodi 10<\/a>\u2026). Depuis chez vous ou \u00e0 distance, vous pouvez programmer votre po\u00eale \u00e0 granul\u00e9s, choisir la temp\u00e9rature de consigne ou le mettre en route depuis une application simple d\u2019utilisation.<\/p><p><\/p>\t\t\t\t\t\t\t\t<\/div>\n\t\t\t\t<\/div>\n\t\t\t\t<div class=\"elementor-element elementor-element-ac5026a elementor-widget elementor-widget-image\" data-id=\"ac5026a\" data-element_type=\"widget\" data-widget_type=\"image.default\">\n\t\t\t\t<div class=\"elementor-widget-container\">\n\t\t\t\t\t\t\t\t\t\t\t\t\t\t\t<img decoding=\"async\" width=\"1024\" height=\"503\" src=\"https:\/\/dev.invicta.wp19.axome.cc\/wp-content\/uploads\/2023\/10\/pag-design.png\" class=\"attachment-large size-large wp-image-59008\" alt=\"\" \/>\t\t\t\t\t\t\t\t\t\t\t\t\t\t\t<\/div>\n\t\t\t\t<\/div>\n\t\t\t\t<div class=\"elementor-element elementor-element-16e47d9 elementor-widget-divider--view-line elementor-widget elementor-widget-divider\" data-id=\"16e47d9\" data-element_type=\"widget\" data-widget_type=\"divider.default\">\n\t\t\t\t<div class=\"elementor-widget-container\">\n\t\t\t\t\t\t\t<div class=\"elementor-divider\">\n\t\t\t<span class=\"elementor-divider-separator\">\n\t\t\t\t\t\t<\/span>\n\t\t<\/div>\n\t\t\t\t\t\t<\/div>\n\t\t\t\t<\/div>\n\t\t\t\t<div class=\"elementor-element elementor-element-993b8fb elementor-widget elementor-widget-text-editor\" data-id=\"993b8fb\" data-element_type=\"widget\" data-widget_type=\"text-editor.default\">\n\t\t\t\t<div class=\"elementor-widget-container\">\n\t\t\t\t\t\t\t\t\t<h1><span><strong>Des po\u00eales \u00e0 granul\u00e9s design<\/strong><\/span><\/h1><p>Invicta propose un large choix de mod\u00e8les adapt\u00e9s \u00e0 tous les styles d\u2019int\u00e9rieur\u00a0du plus traditionnel au plus moderne. De multiples combinaison de formes, mat\u00e9riaux et teintes sont disponibles\u00a0:<\/p><ul><li>Formes rectangulaires, arrondies, slim\u2026<\/li><li>Habillages en acier, en fonte, en c\u00e9ramique ou combinaison de mat\u00e9riaux<\/li><li>Couleurs rouge, gris clair ou fonc\u00e9, noir, blanc ou cr\u00e8me.<\/li><\/ul><p>Invicta propose aussi une exclusivit\u00e9 sur le march\u00e9 des po\u00eales \u00e0 granul\u00e9s\u00a0: la gamme <a rel=\"noopener\" href=\"https:\/\/dev.invicta.wp19.axome.cc\/fr\/categorie-produit\/poeles-granules\/plug-in-poeles-a-granules-nouvelle-generation\/\" target=\"_blank\">Plug-IN<\/a>. Devant un r\u00e9servoir mural s\u00e9par\u00e9, viennent se brancher des po\u00eales en fonte au look incroyable.<\/p><p><em>Sources : Propellet, Picbleu \u2013 comparatif du prix des \u00e9nergies \u2013 septembre 2023 &amp; mars 2024<br \/><\/em><\/p>\t\t\t\t\t\t\t\t<\/div>\n\t\t\t\t<\/div>\n\t\t\t\t\t<\/div>\n\t\t<\/div>\n\t\t\t\t\t<\/div>\n\t\t<\/section>\n\t\t\t\t<\/div>\n\t\t","protected":false},"excerpt":{"rendered":"<p>Baissons le chauffage d\u2019un ou deux degr\u00e9s, portons des gros pulls, buvons des boissons chaudes\u2026 Ou plus simple, chauffons-nous avec un po\u00eale \u00e0 granul\u00e9s Invicta. C\u2019est deux fois moins cher que l\u2019\u00e9lectricit\u00e9*1 en plus, ils sont plus \u00e9cologiques*2 connect\u00e9s, design. D\u00e9couvrez-les dans votre Invicta Shop, et profitez des conseils d&#8217;un professionnel RGE pour vous accompagner [&hellip;]<\/p>\n","protected":false},"author":504,"featured_media":58430,"comment_status":"closed","ping_status":"closed","sticky":false,"template":"","format":"standard","meta":{"_acf_changed":false,"footnotes":""},"categories":[1,104],"tags":[5438,5430,5439,5431,5436,5440,5434,5437,5432,5435],"class_list":{"1":"post","5":"has-post-thumbnail"},"acf":[],"yoast_head":"<!-- This site is optimized with the Yoast SEO plugin v24.7 - https:\/\/yoast.com\/wordpress\/plugins\/seo\/ -->\n<title>R\u00e9duire sa facture de chauffage en 2024 - po\u00eale \u00e0 granul\u00e9s<\/title>\n<meta name=\"description\" content=\"Po\u00eales \u00e0 granul\u00e9s Invicta : \u2705 \u00e9nergie renouvelable , \u2747\ufe0f efficacit\u00e9 \u00e9nerg\u00e9tique \u2705 connect\u00e9 \u2747\ufe0f rendement \u00e9lev\u00e9 \u2747\ufe0f Flamme Verte \u2747\ufe0f Design\" \/>\n<meta name=\"robots\" content=\"index, follow, max-snippet:-1, max-image-preview:large, max-video-preview:-1\" \/>\n<link rel=\"canonical\" href=\"https:\/\/dev.invicta.wp19.axome.cc\/fr\/2023\/10\/02\/comment-reduire-la-facture-de-chauffage-2024\/\" \/>\n<meta property=\"og:locale\" content=\"fr_FR\" \/>\n<meta property=\"og:type\" content=\"article\" \/>\n<meta property=\"og:title\" content=\"R\u00e9duire sa facture de chauffage en 2024 - po\u00eale \u00e0 granul\u00e9s\" \/>\n<meta property=\"og:description\" content=\"Po\u00eales \u00e0 granul\u00e9s Invicta : \u2705 \u00e9nergie renouvelable , \u2747\ufe0f efficacit\u00e9 \u00e9nerg\u00e9tique \u2705 connect\u00e9 \u2747\ufe0f rendement \u00e9lev\u00e9 \u2747\ufe0f Flamme Verte \u2747\ufe0f Design\" \/>\n<meta property=\"og:url\" content=\"https:\/\/dev.invicta.wp19.axome.cc\/fr\/2023\/10\/02\/comment-reduire-la-facture-de-chauffage-2024\/\" \/>\n<meta property=\"og:site_name\" content=\"Invicta\" \/>\n<meta property=\"article:published_time\" content=\"2023-10-02T16:36:29+00:00\" \/>\n<meta property=\"article:modified_time\" content=\"2024-10-04T07:41:24+00:00\" \/>\n<meta property=\"og:image\" content=\"https:\/\/dev.invicta.wp19.axome.cc\/wp-content\/uploads\/2023\/09\/economiser-hiver.png\" \/>\n\t<meta property=\"og:image:width\" content=\"1425\" \/>\n\t<meta property=\"og:image:height\" content=\"626\" \/>\n\t<meta property=\"og:image:type\" content=\"image\/png\" \/>\n<meta name=\"author\" content=\"jbouchon\" \/>\n<meta name=\"twitter:card\" content=\"summary_large_image\" \/>\n<meta name=\"twitter:label1\" content=\"\u00c9crit par\" \/>\n\t<meta name=\"twitter:data1\" content=\"jbouchon\" \/>\n\t<meta name=\"twitter:label2\" content=\"Dur\u00e9e de lecture estim\u00e9e\" \/>\n\t<meta name=\"twitter:data2\" content=\"8 minutes\" \/>\n<script type=\"application\/ld+json\" class=\"yoast-schema-graph\">{\"@context\":\"https:\/\/schema.org\",\"@graph\":[{\"@type\":\"Article\",\"@id\":\"https:\/\/dev.invicta.wp19.axome.cc\/fr\/2023\/10\/02\/comment-reduire-la-facture-de-chauffage-2024\/#article\",\"isPartOf\":{\"@id\":\"https:\/\/dev.invicta.wp19.axome.cc\/fr\/2023\/10\/02\/comment-reduire-la-facture-de-chauffage-2024\/\"},\"author\":{\"name\":\"jbouchon\",\"@id\":\"https:\/\/dev.invicta.wp19.axome.cc\/fr\/#\/schema\/person\/77a4c78a637ae0cb328fa20e61323f4f\"},\"headline\":\"R\u00e9duire la facture de chauffage 2024 avec un po\u00eale \u00e0 granul\u00e9s\",\"datePublished\":\"2023-10-02T16:36:29+00:00\",\"dateModified\":\"2024-10-04T07:41:24+00:00\",\"mainEntityOfPage\":{\"@id\":\"https:\/\/dev.invicta.wp19.axome.cc\/fr\/2023\/10\/02\/comment-reduire-la-facture-de-chauffage-2024\/\"},\"wordCount\":1041,\"publisher\":{\"@id\":\"https:\/\/dev.invicta.wp19.axome.cc\/fr\/#organization\"},\"image\":{\"@id\":\"https:\/\/dev.invicta.wp19.axome.cc\/fr\/2023\/10\/02\/comment-reduire-la-facture-de-chauffage-2024\/#primaryimage\"},\"thumbnailUrl\":\"https:\/\/dev.invicta.wp19.axome.cc\/wp-content\/uploads\/2023\/09\/economiser-hiver.png\",\"keywords\":[\"d\u00e9cendrage\",\"entretien\",\"entretien annuel\",\"maintenance\",\"nettoyage\",\"nettoyage vitre\",\"po\u00eale \u00e0 granul\u00e9s\",\"po\u00eale \u00e0 pellets\",\"ramonage\",\"vitre\"],\"articleSection\":[\"Actus\",\"Conseils\"],\"inLanguage\":\"fr-FR\"},{\"@type\":\"WebPage\",\"@id\":\"https:\/\/dev.invicta.wp19.axome.cc\/fr\/2023\/10\/02\/comment-reduire-la-facture-de-chauffage-2024\/\",\"url\":\"https:\/\/dev.invicta.wp19.axome.cc\/fr\/2023\/10\/02\/comment-reduire-la-facture-de-chauffage-2024\/\",\"name\":\"R\u00e9duire sa facture de chauffage en 2024 - po\u00eale \u00e0 granul\u00e9s\",\"isPartOf\":{\"@id\":\"https:\/\/dev.invicta.wp19.axome.cc\/fr\/#website\"},\"primaryImageOfPage\":{\"@id\":\"https:\/\/dev.invicta.wp19.axome.cc\/fr\/2023\/10\/02\/comment-reduire-la-facture-de-chauffage-2024\/#primaryimage\"},\"image\":{\"@id\":\"https:\/\/dev.invicta.wp19.axome.cc\/fr\/2023\/10\/02\/comment-reduire-la-facture-de-chauffage-2024\/#primaryimage\"},\"thumbnailUrl\":\"https:\/\/dev.invicta.wp19.axome.cc\/wp-content\/uploads\/2023\/09\/economiser-hiver.png\",\"datePublished\":\"2023-10-02T16:36:29+00:00\",\"dateModified\":\"2024-10-04T07:41:24+00:00\",\"description\":\"Po\u00eales \u00e0 granul\u00e9s Invicta : \u2705 \u00e9nergie renouvelable , \u2747\ufe0f efficacit\u00e9 \u00e9nerg\u00e9tique \u2705 connect\u00e9 \u2747\ufe0f rendement \u00e9lev\u00e9 \u2747\ufe0f Flamme Verte \u2747\ufe0f Design\",\"breadcrumb\":{\"@id\":\"https:\/\/dev.invicta.wp19.axome.cc\/fr\/2023\/10\/02\/comment-reduire-la-facture-de-chauffage-2024\/#breadcrumb\"},\"inLanguage\":\"fr-FR\",\"potentialAction\":[{\"@type\":\"ReadAction\",\"target\":[\"https:\/\/dev.invicta.wp19.axome.cc\/fr\/2023\/10\/02\/comment-reduire-la-facture-de-chauffage-2024\/\"]}]},{\"@type\":\"ImageObject\",\"inLanguage\":\"fr-FR\",\"@id\":\"https:\/\/dev.invicta.wp19.axome.cc\/fr\/2023\/10\/02\/comment-reduire-la-facture-de-chauffage-2024\/#primaryimage\",\"url\":\"https:\/\/dev.invicta.wp19.axome.cc\/wp-content\/uploads\/2023\/09\/economiser-hiver.png\",\"contentUrl\":\"https:\/\/dev.invicta.wp19.axome.cc\/wp-content\/uploads\/2023\/09\/economiser-hiver.png\",\"width\":1425,\"height\":626},{\"@type\":\"BreadcrumbList\",\"@id\":\"https:\/\/dev.invicta.wp19.axome.cc\/fr\/2023\/10\/02\/comment-reduire-la-facture-de-chauffage-2024\/#breadcrumb\",\"itemListElement\":[{\"@type\":\"ListItem\",\"position\":1,\"name\":\"Accueil\",\"item\":\"https:\/\/dev.invicta.wp19.axome.cc\/fr\/\"},{\"@type\":\"ListItem\",\"position\":2,\"name\":\"Conseils\",\"item\":\"https:\/\/dev.invicta.wp19.axome.cc\/fr\/category\/conseils\/\"},{\"@type\":\"ListItem\",\"position\":3,\"name\":\"R\u00e9duire la facture de chauffage 2024 avec un po\u00eale \u00e0 granul\u00e9s\"}]},{\"@type\":\"WebSite\",\"@id\":\"https:\/\/dev.invicta.wp19.axome.cc\/fr\/#website\",\"url\":\"https:\/\/dev.invicta.wp19.axome.cc\/fr\/\",\"name\":\"Invicta\",\"description\":\"Fabricant fran\u00e7ais, sp\u00e9cialiste europ\u00e9en du chauffage au bois : po\u00eales \u00e0 bois et \u00e0 granul\u00e9s, chemin\u00e9es, foyers et inserts\",\"publisher\":{\"@id\":\"https:\/\/dev.invicta.wp19.axome.cc\/fr\/#organization\"},\"potentialAction\":[{\"@type\":\"SearchAction\",\"target\":{\"@type\":\"EntryPoint\",\"urlTemplate\":\"https:\/\/dev.invicta.wp19.axome.cc\/fr\/?s={search_term_string}\"},\"query-input\":{\"@type\":\"PropertyValueSpecification\",\"valueRequired\":true,\"valueName\":\"search_term_string\"}}],\"inLanguage\":\"fr-FR\"},{\"@type\":\"Organization\",\"@id\":\"https:\/\/dev.invicta.wp19.axome.cc\/fr\/#organization\",\"name\":\"Invicta\",\"url\":\"https:\/\/dev.invicta.wp19.axome.cc\/fr\/\",\"logo\":{\"@type\":\"ImageObject\",\"inLanguage\":\"fr-FR\",\"@id\":\"https:\/\/dev.invicta.wp19.axome.cc\/fr\/#\/schema\/logo\/image\/\",\"url\":\"https:\/\/www.invicta.fr\/wp-content\/uploads\/2019\/06\/INVICTALOGO_RVB.png\",\"contentUrl\":\"https:\/\/www.invicta.fr\/wp-content\/uploads\/2019\/06\/INVICTALOGO_RVB.png\",\"width\":1810,\"height\":1280,\"caption\":\"Invicta\"},\"image\":{\"@id\":\"https:\/\/dev.invicta.wp19.axome.cc\/fr\/#\/schema\/logo\/image\/\"}},{\"@type\":\"Person\",\"@id\":\"https:\/\/dev.invicta.wp19.axome.cc\/fr\/#\/schema\/person\/77a4c78a637ae0cb328fa20e61323f4f\",\"name\":\"jbouchon\",\"image\":{\"@type\":\"ImageObject\",\"inLanguage\":\"fr-FR\",\"@id\":\"https:\/\/dev.invicta.wp19.axome.cc\/fr\/#\/schema\/person\/image\/\",\"url\":\"https:\/\/secure.gravatar.com\/avatar\/31aa4792cc83f4ee01d885f51fa8cc27?s=96&d=mm&r=g\",\"contentUrl\":\"https:\/\/secure.gravatar.com\/avatar\/31aa4792cc83f4ee01d885f51fa8cc27?s=96&d=mm&r=g\",\"caption\":\"jbouchon\"}}]}<\/script>\n<!-- \/ Yoast SEO plugin. -->","yoast_head_json":{"title":"R\u00e9duire sa facture de chauffage en 2024 - po\u00eale \u00e0 granul\u00e9s","description":"Po\u00eales \u00e0 granul\u00e9s Invicta : \u2705 \u00e9nergie renouvelable , \u2747\ufe0f efficacit\u00e9 \u00e9nerg\u00e9tique \u2705 connect\u00e9 \u2747\ufe0f rendement \u00e9lev\u00e9 \u2747\ufe0f Flamme Verte \u2747\ufe0f Design","robots":{"index":"index","follow":"follow","max-snippet":"max-snippet:-1","max-image-preview":"max-image-preview:large","max-video-preview":"max-video-preview:-1"},"canonical":"https:\/\/dev.invicta.wp19.axome.cc\/fr\/2023\/10\/02\/comment-reduire-la-facture-de-chauffage-2024\/","og_locale":"fr_FR","og_type":"article","og_title":"R\u00e9duire sa facture de chauffage en 2024 - po\u00eale \u00e0 granul\u00e9s","og_description":"Po\u00eales \u00e0 granul\u00e9s Invicta : \u2705 \u00e9nergie renouvelable , \u2747\ufe0f efficacit\u00e9 \u00e9nerg\u00e9tique \u2705 connect\u00e9 \u2747\ufe0f rendement \u00e9lev\u00e9 \u2747\ufe0f Flamme Verte \u2747\ufe0f Design","og_url":"https:\/\/dev.invicta.wp19.axome.cc\/fr\/2023\/10\/02\/comment-reduire-la-facture-de-chauffage-2024\/","og_site_name":"Invicta","article_published_time":"2023-10-02T16:36:29+00:00","article_modified_time":"2024-10-04T07:41:24+00:00","og_image":[{"width":1425,"height":626,"url":"https:\/\/dev.invicta.wp19.axome.cc\/wp-content\/uploads\/2023\/09\/economiser-hiver.png","type":"image\/png"}],"author":"jbouchon","twitter_card":"summary_large_image","twitter_misc":{"\u00c9crit par":"jbouchon","Dur\u00e9e de lecture estim\u00e9e":"8 minutes"},"schema":{"@context":"https:\/\/schema.org","@graph":[{"@type":"Article","@id":"https:\/\/dev.invicta.wp19.axome.cc\/fr\/2023\/10\/02\/comment-reduire-la-facture-de-chauffage-2024\/#article","isPartOf":{"@id":"https:\/\/dev.invicta.wp19.axome.cc\/fr\/2023\/10\/02\/comment-reduire-la-facture-de-chauffage-2024\/"},"author":{"name":"jbouchon","@id":"https:\/\/dev.invicta.wp19.axome.cc\/fr\/#\/schema\/person\/77a4c78a637ae0cb328fa20e61323f4f"},"headline":"R\u00e9duire la facture de chauffage 2024 avec un po\u00eale \u00e0 granul\u00e9s","datePublished":"2023-10-02T16:36:29+00:00","dateModified":"2024-10-04T07:41:24+00:00","mainEntityOfPage":{"@id":"https:\/\/dev.invicta.wp19.axome.cc\/fr\/2023\/10\/02\/comment-reduire-la-facture-de-chauffage-2024\/"},"wordCount":1041,"publisher":{"@id":"https:\/\/dev.invicta.wp19.axome.cc\/fr\/#organization"},"image":{"@id":"https:\/\/dev.invicta.wp19.axome.cc\/fr\/2023\/10\/02\/comment-reduire-la-facture-de-chauffage-2024\/#primaryimage"},"thumbnailUrl":"https:\/\/dev.invicta.wp19.axome.cc\/wp-content\/uploads\/2023\/09\/economiser-hiver.png","keywords":["d\u00e9cendrage","entretien","entretien annuel","maintenance","nettoyage","nettoyage vitre","po\u00eale \u00e0 granul\u00e9s","po\u00eale \u00e0 pellets","ramonage","vitre"],"articleSection":["Actus","Conseils"],"inLanguage":"fr-FR"},{"@type":"WebPage","@id":"https:\/\/dev.invicta.wp19.axome.cc\/fr\/2023\/10\/02\/comment-reduire-la-facture-de-chauffage-2024\/","url":"https:\/\/dev.invicta.wp19.axome.cc\/fr\/2023\/10\/02\/comment-reduire-la-facture-de-chauffage-2024\/","name":"R\u00e9duire sa facture de chauffage en 2024 - po\u00eale \u00e0 granul\u00e9s","isPartOf":{"@id":"https:\/\/dev.invicta.wp19.axome.cc\/fr\/#website"},"primaryImageOfPage":{"@id":"https:\/\/dev.invicta.wp19.axome.cc\/fr\/2023\/10\/02\/comment-reduire-la-facture-de-chauffage-2024\/#primaryimage"},"image":{"@id":"https:\/\/dev.invicta.wp19.axome.cc\/fr\/2023\/10\/02\/comment-reduire-la-facture-de-chauffage-2024\/#primaryimage"},"thumbnailUrl":"https:\/\/dev.invicta.wp19.axome.cc\/wp-content\/uploads\/2023\/09\/economiser-hiver.png","datePublished":"2023-10-02T16:36:29+00:00","dateModified":"2024-10-04T07:41:24+00:00","description":"Po\u00eales \u00e0 granul\u00e9s Invicta : \u2705 \u00e9nergie renouvelable , \u2747\ufe0f efficacit\u00e9 \u00e9nerg\u00e9tique \u2705 connect\u00e9 \u2747\ufe0f rendement \u00e9lev\u00e9 \u2747\ufe0f Flamme Verte \u2747\ufe0f Design","breadcrumb":{"@id":"https:\/\/dev.invicta.wp19.axome.cc\/fr\/2023\/10\/02\/comment-reduire-la-facture-de-chauffage-2024\/#breadcrumb"},"inLanguage":"fr-FR","potentialAction":[{"@type":"ReadAction","target":["https:\/\/dev.invicta.wp19.axome.cc\/fr\/2023\/10\/02\/comment-reduire-la-facture-de-chauffage-2024\/"]}]},{"@type":"ImageObject","inLanguage":"fr-FR","@id":"https:\/\/dev.invicta.wp19.axome.cc\/fr\/2023\/10\/02\/comment-reduire-la-facture-de-chauffage-2024\/#primaryimage","url":"https:\/\/dev.invicta.wp19.axome.cc\/wp-content\/uploads\/2023\/09\/economiser-hiver.png","contentUrl":"https:\/\/dev.invicta.wp19.axome.cc\/wp-content\/uploads\/2023\/09\/economiser-hiver.png","width":1425,"height":626},{"@type":"BreadcrumbList","@id":"https:\/\/dev.invicta.wp19.axome.cc\/fr\/2023\/10\/02\/comment-reduire-la-facture-de-chauffage-2024\/#breadcrumb","itemListElement":[{"@type":"ListItem","position":1,"name":"Accueil","item":"https:\/\/dev.invicta.wp19.axome.cc\/fr\/"},{"@type":"ListItem","position":2,"name":"Conseils","item":"https:\/\/dev.invicta.wp19.axome.cc\/fr\/category\/conseils\/"},{"@type":"ListItem","position":3,"name":"R\u00e9duire la facture de chauffage 2024 avec un po\u00eale \u00e0 granul\u00e9s"}]},{"@type":"WebSite","@id":"https:\/\/dev.invicta.wp19.axome.cc\/fr\/#website","url":"https:\/\/dev.invicta.wp19.axome.cc\/fr\/","name":"Invicta","description":"Fabricant fran\u00e7ais, sp\u00e9cialiste europ\u00e9en du chauffage au bois : po\u00eales \u00e0 bois et \u00e0 granul\u00e9s, chemin\u00e9es, foyers et inserts","publisher":{"@id":"https:\/\/dev.invicta.wp19.axome.cc\/fr\/#organization"},"potentialAction":[{"@type":"SearchAction","target":{"@type":"EntryPoint","urlTemplate":"https:\/\/dev.invicta.wp19.axome.cc\/fr\/?s={search_term_string}"},"query-input":{"@type":"PropertyValueSpecification","valueRequired":true,"valueName":"search_term_string"}}],"inLanguage":"fr-FR"},{"@type":"Organization","@id":"https:\/\/dev.invicta.wp19.axome.cc\/fr\/#organization","name":"Invicta","url":"https:\/\/dev.invicta.wp19.axome.cc\/fr\/","logo":{"@type":"ImageObject","inLanguage":"fr-FR","@id":"https:\/\/dev.invicta.wp19.axome.cc\/fr\/#\/schema\/logo\/image\/","url":"https:\/\/www.invicta.fr\/wp-content\/uploads\/2019\/06\/INVICTALOGO_RVB.png","contentUrl":"https:\/\/www.invicta.fr\/wp-content\/uploads\/2019\/06\/INVICTALOGO_RVB.png","width":1810,"height":1280,"caption":"Invicta"},"image":{"@id":"https:\/\/dev.invicta.wp19.axome.cc\/fr\/#\/schema\/logo\/image\/"}},{"@type":"Person","@id":"https:\/\/dev.invicta.wp19.axome.cc\/fr\/#\/schema\/person\/77a4c78a637ae0cb328fa20e61323f4f","name":"jbouchon","image":{"@type":"ImageObject","inLanguage":"fr-FR","@id":"https:\/\/dev.invicta.wp19.axome.cc\/fr\/#\/schema\/person\/image\/","url":"https:\/\/secure.gravatar.com\/avatar\/31aa4792cc83f4ee01d885f51fa8cc27?s=96&d=mm&r=g","contentUrl":"https:\/\/secure.gravatar.com\/avatar\/31aa4792cc83f4ee01d885f51fa8cc27?s=96&d=mm&r=g","caption":"jbouchon"}}]}},"_links":{"self":[{"href":"https:\/\/dev.invicta.wp19.axome.cc\/fr\/wp-json\/wp\/v2\/posts\/58429","targetHints":{"allow":["GET"]}}],"collection":[{"href":"https:\/\/dev.invicta.wp19.axome.cc\/fr\/wp-json\/wp\/v2\/posts"}],"about":[{"href":"https:\/\/dev.invicta.wp19.axome.cc\/fr\/wp-json\/wp\/v2\/types\/post"}],"author":[{"embeddable":true,"href":"https:\/\/dev.invicta.wp19.axome.cc\/fr\/wp-json\/wp\/v2\/users\/504"}],"replies":[{"embeddable":true,"href":"https:\/\/dev.invicta.wp19.axome.cc\/fr\/wp-json\/wp\/v2\/comments?post=58429"}],"version-history":[{"count":9,"href":"https:\/\/dev.invicta.wp19.axome.cc\/fr\/wp-json\/wp\/v2\/posts\/58429\/revisions"}],"predecessor-version":[{"id":60452,"href":"https:\/\/dev.invicta.wp19.axome.cc\/fr\/wp-json\/wp\/v2\/posts\/58429\/revisions\/60452"}],"wp:featuredmedia":[{"embeddable":true,"href":"https:\/\/dev.invicta.wp19.axome.cc\/fr\/wp-json\/wp\/v2\/media\/58430"}],"wp:attachment":[{"href":"https:\/\/dev.invicta.wp19.axome.cc\/fr\/wp-json\/wp\/v2\/media?parent=58429"}],"wp:term":[{"taxonomy":"category","embeddable":true,"href":"https:\/\/dev.invicta.wp19.axome.cc\/fr\/wp-json\/wp\/v2\/categories?post=58429"},{"taxonomy":"post_tag","embeddable":true,"href":"https:\/\/dev.invicta.wp19.axome.cc\/fr\/wp-json\/wp\/v2\/tags?post=58429"}],"curies":[{"name":"wp","href":"https:\/\/api.w.org\/{rel}","templated":true}]}}