{"id":62716,"date":"2024-09-20T17:33:00","date_gmt":"2024-09-20T15:33:00","guid":{"rendered":"https:\/\/dev.invicta.wp19.axome.cc\/?p=62716"},"modified":"2025-01-16T18:13:49","modified_gmt":"2025-01-16T17:13:49","slug":"poele-a-bois-design-invicta-tendance-decoration-industrielle","status":"publish","type":"post","link":"https:\/\/dev.invicta.wp19.axome.cc\/fr\/2024\/09\/20\/poele-a-bois-design-invicta-tendance-decoration-industrielle\/","title":{"rendered":"Po\u00eales \u00e0 Bois Design : Sublimez votre d\u00e9co industrielle avec Invicta"},"content":{"rendered":"\t\t<div data-elementor-type=\"wp-post\" data-elementor-id=\"62716\" class=\"elementor elementor-62716\" data-elementor-post-type=\"post\">\n\t\t\t\t\t\t<section class=\"elementor-section elementor-top-section elementor-element elementor-element-5ae099ef elementor-section-boxed elementor-section-height-default elementor-section-height-default\" data-id=\"5ae099ef\" data-element_type=\"section\">\n\t\t\t\t\t\t<div class=\"elementor-container elementor-column-gap-default\">\n\t\t\t\t\t<div class=\"elementor-column elementor-col-100 elementor-top-column elementor-element elementor-element-46165bb\" data-id=\"46165bb\" data-element_type=\"column\">\n\t\t\t<div class=\"elementor-widget-wrap elementor-element-populated\">\n\t\t\t\t\t\t<div class=\"elementor-element elementor-element-4c9feac elementor-widget elementor-widget-heading\" data-id=\"4c9feac\" data-element_type=\"widget\" data-widget_type=\"heading.default\">\n\t\t\t\t<div class=\"elementor-widget-container\">\n\t\t\t\t\t<h2 class=\"elementor-heading-title elementor-size-default\">Le style industriel : une tendance intemporelle<\/h2>\t\t\t\t<\/div>\n\t\t\t\t<\/div>\n\t\t\t\t<div class=\"elementor-element elementor-element-c862f8b elementor-widget elementor-widget-text-editor\" data-id=\"c862f8b\" data-element_type=\"widget\" data-widget_type=\"text-editor.default\">\n\t\t\t\t<div class=\"elementor-widget-container\">\n\t\t\t\t\t\t\t\t\t<p><span>Avec Invicta, <a rel=\"noopener\" href=\"https:\/\/dev.invicta.wp19.axome.cc\/fr\/2019\/08\/27\/le-design-democratique\/\" target=\"_blank\">sp\u00e9cialiste des po\u00eales \u00e0 bois design<\/a>, transformez votre int\u00e9rieur industriel en un espace chaleureux et unique.<\/span><\/p>\t\t\t\t\t\t\t\t<\/div>\n\t\t\t\t<\/div>\n\t\t\t\t\t<\/div>\n\t\t<\/div>\n\t\t\t\t\t<\/div>\n\t\t<\/section>\n\t\t\t\t<section class=\"elementor-section elementor-top-section elementor-element elementor-element-49198385 elementor-section-boxed elementor-section-height-default elementor-section-height-default\" data-id=\"49198385\" data-element_type=\"section\">\n\t\t\t\t\t\t<div class=\"elementor-container elementor-column-gap-default\">\n\t\t\t\t\t<div class=\"elementor-column elementor-col-100 elementor-top-column elementor-element elementor-element-5c922b1f\" data-id=\"5c922b1f\" data-element_type=\"column\">\n\t\t\t<div class=\"elementor-widget-wrap elementor-element-populated\">\n\t\t\t\t\t\t<div class=\"elementor-element elementor-element-3fffea96 elementor-widget-divider--view-line elementor-widget elementor-widget-divider\" data-id=\"3fffea96\" data-element_type=\"widget\" data-widget_type=\"divider.default\">\n\t\t\t\t<div class=\"elementor-widget-container\">\n\t\t\t\t\t\t\t<div class=\"elementor-divider\">\n\t\t\t<span class=\"elementor-divider-separator\">\n\t\t\t\t\t\t<\/span>\n\t\t<\/div>\n\t\t\t\t\t\t<\/div>\n\t\t\t\t<\/div>\n\t\t\t\t\t<\/div>\n\t\t<\/div>\n\t\t\t\t\t<\/div>\n\t\t<\/section>\n\t\t\t\t<section class=\"elementor-section elementor-top-section elementor-element elementor-element-3bbfbc42 elementor-section-boxed elementor-section-height-default elementor-section-height-default\" data-id=\"3bbfbc42\" data-element_type=\"section\">\n\t\t\t\t\t\t<div class=\"elementor-container elementor-column-gap-default\">\n\t\t\t\t\t<div class=\"elementor-column elementor-col-100 elementor-top-column elementor-element elementor-element-40fb736\" data-id=\"40fb736\" data-element_type=\"column\">\n\t\t\t<div class=\"elementor-widget-wrap elementor-element-populated\">\n\t\t\t\t\t\t<div class=\"elementor-element elementor-element-30791258 elementor-widget elementor-widget-text-editor\" data-id=\"30791258\" data-element_type=\"widget\" data-widget_type=\"text-editor.default\">\n\t\t\t\t<div class=\"elementor-widget-container\">\n\t\t\t\t\t\t\t\t\t<h2><span><strong>Origine et caract\u00e9ristiques du style industriel<\/strong><\/span><\/h2><p><span>Le style industriel est n\u00e9 de la volont\u00e9 de <strong>r\u00e9habiliter d\u2019anciennes usines ou des entrep\u00f4ts d\u00e9saffect\u00e9s<\/strong> apr\u00e8s la d\u00e9sindustrialisation dans les grandes villes, notamment \u00e0 New-York.\u00a0 Ces grands espaces ouverts se caract\u00e9risent par leur volume, leurs structures et mat\u00e9riaux bruts apparents. <\/span><\/p><p><span><strong>\u00c9pur\u00e9, authentique et fonctionnel<\/strong>, il s\u00e9duit par ses volumes spacieux, ses mat\u00e9riaux bruts et son ambiance minimaliste. Aujourd\u2019hui, <strong>tendance incontournable dans l\u2019univers de la d\u00e9coration int\u00e9rieure<\/strong>, le style industriel s\u2019invite aussi bien dans les lofts citadins que dans les maisons et appartements modernes.<\/span><\/p>\t\t\t\t\t\t\t\t<\/div>\n\t\t\t\t<\/div>\n\t\t\t\t\t<\/div>\n\t\t<\/div>\n\t\t\t\t\t<\/div>\n\t\t<\/section>\n\t\t\t\t<section class=\"elementor-section elementor-top-section elementor-element elementor-element-14f5481a elementor-section-boxed elementor-section-height-default elementor-section-height-default\" data-id=\"14f5481a\" data-element_type=\"section\">\n\t\t\t\t\t\t<div class=\"elementor-container elementor-column-gap-default\">\n\t\t\t\t\t<div class=\"elementor-column elementor-col-100 elementor-top-column elementor-element elementor-element-2391660c\" data-id=\"2391660c\" data-element_type=\"column\">\n\t\t\t<div class=\"elementor-widget-wrap elementor-element-populated\">\n\t\t\t\t\t\t<div class=\"elementor-element elementor-element-24afe65b elementor-widget-divider--view-line elementor-widget elementor-widget-divider\" data-id=\"24afe65b\" data-element_type=\"widget\" data-widget_type=\"divider.default\">\n\t\t\t\t<div class=\"elementor-widget-container\">\n\t\t\t\t\t\t\t<div class=\"elementor-divider\">\n\t\t\t<span class=\"elementor-divider-separator\">\n\t\t\t\t\t\t<\/span>\n\t\t<\/div>\n\t\t\t\t\t\t<\/div>\n\t\t\t\t<\/div>\n\t\t\t\t\t<\/div>\n\t\t<\/div>\n\t\t\t\t\t<\/div>\n\t\t<\/section>\n\t\t\t\t<section class=\"elementor-section elementor-top-section elementor-element elementor-element-4f2cb8c elementor-section-boxed elementor-section-height-default elementor-section-height-default\" data-id=\"4f2cb8c\" data-element_type=\"section\">\n\t\t\t\t\t\t<div class=\"elementor-container elementor-column-gap-default\">\n\t\t\t\t\t<div class=\"elementor-column elementor-col-100 elementor-top-column elementor-element elementor-element-4202e79b\" data-id=\"4202e79b\" data-element_type=\"column\">\n\t\t\t<div class=\"elementor-widget-wrap elementor-element-populated\">\n\t\t\t\t\t\t<div class=\"elementor-element elementor-element-163db83 elementor-widget elementor-widget-text-editor\" data-id=\"163db83\" data-element_type=\"widget\" data-widget_type=\"text-editor.default\">\n\t\t\t\t<div class=\"elementor-widget-container\">\n\t\t\t\t\t\t\t\t\t<h2><span><strong>Mat\u00e9riaux\u00a0cl\u00e9s du style industriel<\/strong><\/span><\/h2><p><span><strong>Les m\u00e9taux<\/strong> sont omnipr\u00e9sents dans la d\u00e9coration industrielle : poutres en acier avec rivets dans le style Eiffel, portes, meubles, luminaires ou m\u00eame enseignes publicitaires en t\u00f4le \u00e9maill\u00e9e. L\u2019acier, le fer forg\u00e9, la fonte, le zinc et le laiton sont souvent utilis\u00e9s.<\/span><\/p><p><span>L<strong>e bois brut<\/strong>, patin\u00e9 ou r\u00e9cup\u00e9r\u00e9, apporte de la chaleur au style industriel. Il est utilis\u00e9 pour les planchers, les meubles, les murs ou les poutres apparentes. <br \/><strong><br \/>Le b\u00e9ton cir\u00e9<\/strong> ajoute une texture brute et authentique, notamment pour les sols ou les murs. <\/span><\/p><p><strong>Les b<\/strong><span><strong>riques apparentes<\/strong> rouges ou grises constituent \u00e9galement un \u00e9l\u00e9ment cl\u00e9 de l\u2019esth\u00e9tique industrielle. Ils ajoutent de la texture et du caract\u00e8re, tout en renfor\u00e7ant l\u2019aspect brut et authentique des espaces.\u00a0 <\/span>Si votre int\u00e9rieur ne poss\u00e8de pas de briques d&#8217;origine, des rev\u00eatements muraux imitant la brique sont une bonne alternative. Un mur de briques ou en pierres de parement est id\u00e9al \u00e0 l\u2019arri\u00e8re d\u2019un po\u00eale \u00e0 bois car il r\u00e9siste aux fortes temp\u00e9ratures.<\/p>\t\t\t\t\t\t\t\t<\/div>\n\t\t\t\t<\/div>\n\t\t\t\t<section class=\"elementor-section elementor-inner-section elementor-element elementor-element-a098646 elementor-section-boxed elementor-section-height-default elementor-section-height-default\" data-id=\"a098646\" data-element_type=\"section\">\n\t\t\t\t\t\t<div class=\"elementor-container elementor-column-gap-default\">\n\t\t\t\t\t<div class=\"elementor-column elementor-col-50 elementor-inner-column elementor-element elementor-element-fed1fd8\" data-id=\"fed1fd8\" data-element_type=\"column\">\n\t\t\t<div class=\"elementor-widget-wrap elementor-element-populated\">\n\t\t\t\t\t\t<div class=\"elementor-element elementor-element-f0737ef elementor-view-framed elementor-shape-rounded elementor-widget elementor-widget-icon\" data-id=\"f0737ef\" data-element_type=\"widget\" data-widget_type=\"icon.default\">\n\t\t\t\t<div class=\"elementor-widget-container\">\n\t\t\t\t\t\t\t<div class=\"elementor-icon-wrapper\">\n\t\t\t<div class=\"elementor-icon\">\n\t\t\t<i aria-hidden=\"true\" class=\"far fa-clipboard\"><\/i>\t\t\t<\/div>\n\t\t<\/div>\n\t\t\t\t\t\t<\/div>\n\t\t\t\t<\/div>\n\t\t\t\t\t<\/div>\n\t\t<\/div>\n\t\t\t\t<div class=\"elementor-column elementor-col-50 elementor-inner-column elementor-element elementor-element-eb27081\" data-id=\"eb27081\" data-element_type=\"column\">\n\t\t\t<div class=\"elementor-widget-wrap elementor-element-populated\">\n\t\t\t\t\t\t<div class=\"elementor-element elementor-element-a912e35 elementor-widget elementor-widget-text-editor\" data-id=\"a912e35\" data-element_type=\"widget\" data-widget_type=\"text-editor.default\">\n\t\t\t\t<div class=\"elementor-widget-container\">\n\t\t\t\t\t\t\t\t\t<p><b>M\u00e9taux<\/b> : acier, fonte, zinc, laiton &#8211; meubles, luminaires et poutres.<\/p><p><b>Bois brut<\/b> : meubles, planchers &#8211; il apporte une touche de chaleur.<\/p><p><strong>Briques apparentes<\/strong> : rouges ou grises, elles ajoutent une texture authentique.<\/p><p><strong>B\u00e9ton cir\u00e9<\/strong> : sol ou murs, il offre une esth\u00e9tique brute et contemporaine.<\/p>\t\t\t\t\t\t\t\t<\/div>\n\t\t\t\t<\/div>\n\t\t\t\t\t<\/div>\n\t\t<\/div>\n\t\t\t\t\t<\/div>\n\t\t<\/section>\n\t\t\t\t<div class=\"elementor-element elementor-element-eaa0d71 elementor-widget-divider--view-line elementor-widget elementor-widget-divider\" data-id=\"eaa0d71\" data-element_type=\"widget\" data-widget_type=\"divider.default\">\n\t\t\t\t<div class=\"elementor-widget-container\">\n\t\t\t\t\t\t\t<div class=\"elementor-divider\">\n\t\t\t<span class=\"elementor-divider-separator\">\n\t\t\t\t\t\t<\/span>\n\t\t<\/div>\n\t\t\t\t\t\t<\/div>\n\t\t\t\t<\/div>\n\t\t\t\t<div class=\"elementor-element elementor-element-c802d25 elementor-widget elementor-widget-text-editor\" data-id=\"c802d25\" data-element_type=\"widget\" data-widget_type=\"text-editor.default\">\n\t\t\t\t<div class=\"elementor-widget-container\">\n\t\t\t\t\t\t\t\t\t<h2><span><strong>Palette de couleurs du style industriel<\/strong><\/span><\/h2><p><span>Pour r\u00e9ussir une d\u00e9coration industrielle, jouez sur les contrast<\/span><span>es de couleurs.<\/span><\/p><p><span>Les <strong>teintes neutres<\/strong> dominent\u00a0: le <strong>gris, le noir, le blanc et parfois des nuances de brun<\/strong> ou de beige. Ces couleurs \u00e9voquent les mat\u00e9riaux bruts, comme le m\u00e9tal et le b\u00e9ton, et apportent une sensation de sobri\u00e9t\u00e9. <\/span><\/p><p><span>Mais des <strong>touches de couleurs vives<\/strong> comme le <strong>rouge, le jaune moutarde ou le bleu \u00e9lectrique<\/strong> peuvent dynamiser l\u2019ensemble. Un <a rel=\"noopener\" href=\"https:\/\/dev.invicta.wp19.axome.cc\/fr\/produit\/poele-fonte-bradford\/\" target=\"_blank\">po\u00eale \u00e0 bois Invicta Bradford \u00e9maill\u00e9 rouge<\/a>, par exemple, cr\u00e9e un contraste audacieux tout en respectant l\u2019esprit industriel. <br \/><\/span><\/p><p><span><\/span><\/p>\t\t\t\t\t\t\t\t<\/div>\n\t\t\t\t<\/div>\n\t\t\t\t<section class=\"elementor-section elementor-inner-section elementor-element elementor-element-2d4587b elementor-section-boxed elementor-section-height-default elementor-section-height-default\" data-id=\"2d4587b\" data-element_type=\"section\">\n\t\t\t\t\t\t<div class=\"elementor-container elementor-column-gap-default\">\n\t\t\t\t\t<div class=\"elementor-column elementor-col-50 elementor-inner-column elementor-element elementor-element-319a281\" data-id=\"319a281\" data-element_type=\"column\">\n\t\t\t<div class=\"elementor-widget-wrap elementor-element-populated\">\n\t\t\t\t\t\t<div class=\"elementor-element elementor-element-3878201 elementor-view-framed elementor-shape-rounded elementor-widget elementor-widget-icon\" data-id=\"3878201\" data-element_type=\"widget\" data-widget_type=\"icon.default\">\n\t\t\t\t<div class=\"elementor-widget-container\">\n\t\t\t\t\t\t\t<div class=\"elementor-icon-wrapper\">\n\t\t\t<div class=\"elementor-icon\">\n\t\t\t<i aria-hidden=\"true\" class=\"fas fa-swatchbook\"><\/i>\t\t\t<\/div>\n\t\t<\/div>\n\t\t\t\t\t\t<\/div>\n\t\t\t\t<\/div>\n\t\t\t\t\t<\/div>\n\t\t<\/div>\n\t\t\t\t<div class=\"elementor-column elementor-col-50 elementor-inner-column elementor-element elementor-element-1e0d9e8\" data-id=\"1e0d9e8\" data-element_type=\"column\">\n\t\t\t<div class=\"elementor-widget-wrap elementor-element-populated\">\n\t\t\t\t\t\t<div class=\"elementor-element elementor-element-dc6d123 elementor-widget elementor-widget-text-editor\" data-id=\"dc6d123\" data-element_type=\"widget\" data-widget_type=\"text-editor.default\">\n\t\t\t\t<div class=\"elementor-widget-container\">\n\t\t\t\t\t\t\t\t\t<p><strong>Couleurs dominantes<\/strong>\u00a0: Gris, noir, blanc, brun ou beige\u00a0<\/p><p><strong>Touches de couleurs vives<\/strong>\u00a0: jaune moutarde, rouge flamboyant, bleu \u00e9lectrique<\/p>\t\t\t\t\t\t\t\t<\/div>\n\t\t\t\t<\/div>\n\t\t\t\t\t<\/div>\n\t\t<\/div>\n\t\t\t\t\t<\/div>\n\t\t<\/section>\n\t\t\t\t<div class=\"elementor-element elementor-element-bd15f03 elementor-widget-divider--view-line elementor-widget elementor-widget-divider\" data-id=\"bd15f03\" data-element_type=\"widget\" data-widget_type=\"divider.default\">\n\t\t\t\t<div class=\"elementor-widget-container\">\n\t\t\t\t\t\t\t<div class=\"elementor-divider\">\n\t\t\t<span class=\"elementor-divider-separator\">\n\t\t\t\t\t\t<\/span>\n\t\t<\/div>\n\t\t\t\t\t\t<\/div>\n\t\t\t\t<\/div>\n\t\t\t\t<div class=\"elementor-element elementor-element-cba1537 elementor-widget elementor-widget-text-editor\" data-id=\"cba1537\" data-element_type=\"widget\" data-widget_type=\"text-editor.default\">\n\t\t\t\t<div class=\"elementor-widget-container\">\n\t\t\t\t\t\t\t\t\t<h2><span><strong>Objets embl\u00e9matiques du style industriel<\/strong><\/span><\/h2><p><span>Chaque meuble ou objet a une fonction pr\u00e9cise, le superflu est \u00e9limin\u00e9. On se concentre sur l\u2019aspect pratique. <strong>Les meubles industriels sont souvent en m\u00e9tal ou en bois brut<\/strong>, donnant un aspect solide et durable. <\/span><\/p><p><span>Incontournables, les chaises r\u00e9tro d\u2019\u00e9colier ou les chaises en m\u00e9tal invitent \u00e0 s&#8217;installer autour d\u2019une grande table en bois massif avec des pi\u00e8tements en m\u00e9tal. Pour le rangement, les meubles \u00e0 casiers ou vestiaires en m\u00e9tal ainsi que les \u00e9tag\u00e8res ouvertes en m\u00e9tal cr\u00e9ent <strong>une ambiance industrielle unique<\/strong>. Un \u00e9tabli r\u00e9cup\u00e9r\u00e9 dans un ancien atelier fait \u00e9l\u00e9gamment office de bureau.<\/span><\/p><p><span>Une <strong>verri\u00e8re style atelier<\/strong> d\u00e9limite les espaces. Une horloge g\u00e9ante avec des engrenages habille le mur en briques. Des <strong>luminaires en m\u00e9tal grand format<\/strong> ou de simples ampoules nues suspendues par des c\u00e2bles illuminent l\u2019habitat et valorisent la d\u00e9co. <\/span><span>Une lampe \u00e0 bras articul\u00e9 \u00e9claire les lignes du livre que vous parcourez confortablement install\u00e9 dans votre <strong>fauteuil club ou votre canap\u00e9 en cuir vieilli.<\/strong> <\/span><\/p><p><span>Votre<strong> po\u00eale \u00e0 bois Invicta en fonte de couleur anthracite<\/strong> s\u2019int\u00e8gre parfaitement dans cet espace et r\u00e9chauffe l\u2019ambiance.<\/span><\/p>\t\t\t\t\t\t\t\t<\/div>\n\t\t\t\t<\/div>\n\t\t\t\t<section class=\"elementor-section elementor-inner-section elementor-element elementor-element-03558c3 elementor-section-boxed elementor-section-height-default elementor-section-height-default\" data-id=\"03558c3\" data-element_type=\"section\">\n\t\t\t\t\t\t<div class=\"elementor-container elementor-column-gap-default\">\n\t\t\t\t\t<div class=\"elementor-column elementor-col-50 elementor-inner-column elementor-element elementor-element-f9f94bf\" data-id=\"f9f94bf\" data-element_type=\"column\">\n\t\t\t<div class=\"elementor-widget-wrap elementor-element-populated\">\n\t\t\t\t\t\t<div class=\"elementor-element elementor-element-1629745 elementor-view-framed elementor-shape-rounded elementor-widget elementor-widget-icon\" data-id=\"1629745\" data-element_type=\"widget\" data-widget_type=\"icon.default\">\n\t\t\t\t<div class=\"elementor-widget-container\">\n\t\t\t\t\t\t\t<div class=\"elementor-icon-wrapper\">\n\t\t\t<div class=\"elementor-icon\">\n\t\t\t<i aria-hidden=\"true\" class=\"fas fa-couch\"><\/i>\t\t\t<\/div>\n\t\t<\/div>\n\t\t\t\t\t\t<\/div>\n\t\t\t\t<\/div>\n\t\t\t\t\t<\/div>\n\t\t<\/div>\n\t\t\t\t<div class=\"elementor-column elementor-col-50 elementor-inner-column elementor-element elementor-element-d85ad64\" data-id=\"d85ad64\" data-element_type=\"column\">\n\t\t\t<div class=\"elementor-widget-wrap elementor-element-populated\">\n\t\t\t\t\t\t<div class=\"elementor-element elementor-element-692cd35 elementor-widget elementor-widget-text-editor\" data-id=\"692cd35\" data-element_type=\"widget\" data-widget_type=\"text-editor.default\">\n\t\t\t\t<div class=\"elementor-widget-container\">\n\t\t\t\t\t\t\t\t\t<p><strong>Meubles en m\u00e9tal et bois<\/strong> : tables massives, bureaux, chaises \u00e9colier, \u00e9tag\u00e8res ouvertes, vestiaires en m\u00e9tal\u00a0<\/p><p><strong>Autres meubles<\/strong>\u00a0: fauteuils club en cuir vieilli\u00a0<\/p><p><strong>Luminaires<\/strong> : suspensions en m\u00e9tal, lampes de bureau articul\u00e9e, ampoules nues<\/p><p><strong>Accessoires<\/strong> : verri\u00e8res style atelier, horloges g\u00e9antes\u2026<\/p>\t\t\t\t\t\t\t\t<\/div>\n\t\t\t\t<\/div>\n\t\t\t\t\t<\/div>\n\t\t<\/div>\n\t\t\t\t\t<\/div>\n\t\t<\/section>\n\t\t\t\t<div class=\"elementor-element elementor-element-18fdb5d elementor-widget-divider--view-line elementor-widget elementor-widget-divider\" data-id=\"18fdb5d\" data-element_type=\"widget\" data-widget_type=\"divider.default\">\n\t\t\t\t<div class=\"elementor-widget-container\">\n\t\t\t\t\t\t\t<div class=\"elementor-divider\">\n\t\t\t<span class=\"elementor-divider-separator\">\n\t\t\t\t\t\t<\/span>\n\t\t<\/div>\n\t\t\t\t\t\t<\/div>\n\t\t\t\t<\/div>\n\t\t\t\t<div class=\"elementor-element elementor-element-cf5f6c7 elementor-widget elementor-widget-text-editor\" data-id=\"cf5f6c7\" data-element_type=\"widget\" data-widget_type=\"text-editor.default\">\n\t\t\t\t<div class=\"elementor-widget-container\">\n\t\t\t\t\t\t\t\t\t<h2><span><strong>Pourquoi choisir un po\u00eale \u00e0 bois pour une d\u00e9co industrielle ?<\/strong><\/span><\/h2><p><span>Un <strong>po\u00eale \u00e0 bois<\/strong> est bien plus qu\u2019une source de chaleur : c\u2019est un <strong>\u00e9l\u00e9ment central de votre d\u00e9coration<\/strong>. Dans un espace industriel, un po\u00eale en fonte Invicta avec ses lignes sobres, son aspect robuste et sa finition anthracite s\u2019int\u00e8gre parfaitement. Il r\u00e9chauffe l\u2019atmosph\u00e8re tout en sublimant l\u2019esth\u00e9tique brute des mat\u00e9riaux comme le m\u00e9tal, la brique et le b\u00e9ton. <\/span><\/p><p><span>Les conduits d\u2019\u00e9vacuation, souvent laiss\u00e9s apparents, jouent un r\u00f4le important dans l&#8217;<strong>esth\u00e9tique industrielle<\/strong>. Ils sont g\u00e9n\u00e9ralement en acier noir ou galvanis\u00e9, soulignant l\u2019aspect technique et fonctionnel de l\u2019ensemble.<\/span><\/p><p><strong>Votre po\u00eale \u00e0 bois devient la pi\u00e8ce ma\u00eetresse de cet univers, alliant design et confort thermique.<\/strong><\/p>\t\t\t\t\t\t\t\t<\/div>\n\t\t\t\t<\/div>\n\t\t\t\t<div class=\"elementor-element elementor-element-2474b39 elementor-widget elementor-widget-image\" data-id=\"2474b39\" data-element_type=\"widget\" data-widget_type=\"image.default\">\n\t\t\t\t<div class=\"elementor-widget-container\">\n\t\t\t\t\t\t\t\t\t\t\t\t\t\t\t<img fetchpriority=\"high\" decoding=\"async\" width=\"1024\" height=\"819\" src=\"https:\/\/dev.invicta.wp19.axome.cc\/wp-content\/uploads\/2024\/09\/Moodboard-Industriel-Invicta-1024x819.jpg\" class=\"attachment-large size-large wp-image-65476\" alt=\"\" srcset=\"https:\/\/dev.invicta.wp19.axome.cc\/wp-content\/uploads\/2024\/09\/Moodboard-Industriel-Invicta-1024x819.jpg 1024w, https:\/\/dev.invicta.wp19.axome.cc\/wp-content\/uploads\/2024\/09\/Moodboard-Industriel-Invicta-386x309.jpg 386w, https:\/\/dev.invicta.wp19.axome.cc\/wp-content\/uploads\/2024\/09\/Moodboard-Industriel-Invicta-768x615.jpg 768w, https:\/\/dev.invicta.wp19.axome.cc\/wp-content\/uploads\/2024\/09\/Moodboard-Industriel-Invicta-1536x1229.jpg 1536w, https:\/\/dev.invicta.wp19.axome.cc\/wp-content\/uploads\/2024\/09\/Moodboard-Industriel-Invicta-scaled.jpg 2048w, https:\/\/dev.invicta.wp19.axome.cc\/wp-content\/uploads\/2024\/09\/Moodboard-Industriel-Invicta-600x480.jpg 600w\" sizes=\"(max-width: 1024px) 100vw, 1024px\" \/>\t\t\t\t\t\t\t\t\t\t\t\t\t\t\t<\/div>\n\t\t\t\t<\/div>\n\t\t\t\t<div class=\"elementor-element elementor-element-c94e717 elementor-widget-divider--view-line elementor-widget elementor-widget-divider\" data-id=\"c94e717\" data-element_type=\"widget\" data-widget_type=\"divider.default\">\n\t\t\t\t<div class=\"elementor-widget-container\">\n\t\t\t\t\t\t\t<div class=\"elementor-divider\">\n\t\t\t<span class=\"elementor-divider-separator\">\n\t\t\t\t\t\t<\/span>\n\t\t<\/div>\n\t\t\t\t\t\t<\/div>\n\t\t\t\t<\/div>\n\t\t\t\t<div class=\"elementor-element elementor-element-dca021b elementor-widget elementor-widget-text-editor\" data-id=\"dca021b\" data-element_type=\"widget\" data-widget_type=\"text-editor.default\">\n\t\t\t\t<div class=\"elementor-widget-container\">\n\t\t\t\t\t\t\t\t\t<h2><span><strong>Cinq po\u00eales \u00e0 bois design Invicta pour une d\u00e9co industrielle<\/strong><\/span><\/h2><p><span>D\u00e9couvrez notre s\u00e9lection de po\u00eales \u00e0 bois Invicta, parfaits pour sublimer votre style industriel.<\/span><\/p><p><a rel=\"noopener\" href=\"https:\/\/dev.invicta.wp19.axome.cc\/fr\/2023\/07\/25\/nouveau-poele-a-bois-sur-banc-encore-plus-de-brio\/\" target=\"_blank\"><strong>BRIO sur banc<\/strong><\/a> : la forme arrondie du po\u00eale en fonte Brio \u00e9pouse harmonieusement les lignes \u00e9pur\u00e9es du banc en acier et apporte une touche contemporaine.<\/p><p><a rel=\"noopener\" href=\"https:\/\/dev.invicta.wp19.axome.cc\/fr\/produit\/poele-fonte-aratos\/\" target=\"_blank\"><strong>ARATOS<\/strong><\/a> : avec ses proportions \u00e9quilibr\u00e9es, son style l\u00e9g\u00e8rement arrondi et sa grande porte vitr\u00e9e, le po\u00eale \u00e0 bois Aratos magnifie le spectacle le spectacle des flammes.<\/p><p><a rel=\"noopener\" href=\"https:\/\/dev.invicta.wp19.axome.cc\/fr\/produit\/poele-a-bois-en-fonte-itaya-invicta\/\" target=\"_blank\"><strong>ITAYA<\/strong><\/a> : le po\u00eale \u00e0 bois Itaya offre un design minimaliste et met l\u2019accent sur la fonctionnalit\u00e9 : grande vitre, grand foyer accueillant de grandes b\u00fbches.<\/p><p><a rel=\"noopener\" href=\"https:\/\/dev.invicta.wp19.axome.cc\/fr\/produit\/poele-a-bois-ovatio\/\" target=\"_blank\"><strong>OVATIO<\/strong> <\/a>: avec sa forme ovale et originale, le po\u00eales \u00e0 bois Ovatio casse les codes. Il diffuse efficacement chaleur et modernit\u00e9.<\/p><p><a rel=\"noopener\" href=\"https:\/\/dev.invicta.wp19.axome.cc\/fr\/produit\/poele-a-granules-etanche-fontica-8-wifi-ventilation-desactivable\/\" target=\"_blank\"><strong>FONTICA<\/strong><\/a> : avec sa fa\u00e7ade en fonte et son habillage noir ou gris, le po\u00eale \u00e0 granul\u00e9s Fontica allie performance et design. En rouge, il donne du peps \u00e0 votre int\u00e9rieur et attire tous les regards.<\/p>\t\t\t\t\t\t\t\t<\/div>\n\t\t\t\t<\/div>\n\t\t\t\t<div class=\"elementor-element elementor-element-1d9aa213 elementor-widget elementor-widget-gallery\" data-id=\"1d9aa213\" data-element_type=\"widget\" data-settings=\"{&quot;gallery_layout&quot;:&quot;justified&quot;,&quot;lazyload&quot;:&quot;yes&quot;,&quot;ideal_row_height&quot;:{&quot;unit&quot;:&quot;px&quot;,&quot;size&quot;:200,&quot;sizes&quot;:[]},&quot;ideal_row_height_tablet&quot;:{&quot;unit&quot;:&quot;px&quot;,&quot;size&quot;:150,&quot;sizes&quot;:[]},&quot;ideal_row_height_mobile&quot;:{&quot;unit&quot;:&quot;px&quot;,&quot;size&quot;:150,&quot;sizes&quot;:[]},&quot;gap&quot;:{&quot;unit&quot;:&quot;px&quot;,&quot;size&quot;:10,&quot;sizes&quot;:[]},&quot;gap_tablet&quot;:{&quot;unit&quot;:&quot;px&quot;,&quot;size&quot;:10,&quot;sizes&quot;:[]},&quot;gap_mobile&quot;:{&quot;unit&quot;:&quot;px&quot;,&quot;size&quot;:10,&quot;sizes&quot;:[]},&quot;link_to&quot;:&quot;file&quot;,&quot;overlay_background&quot;:&quot;yes&quot;,&quot;content_hover_animation&quot;:&quot;fade-in&quot;}\" data-widget_type=\"gallery.default\">\n\t\t\t\t<div class=\"elementor-widget-container\">\n\t\t\t\t\t\t\t<div class=\"elementor-gallery__container\">\n\t\t\t\t\t\t\t<a class=\"e-gallery-item elementor-gallery-item elementor-animated-content\" href=\"https:\/\/dev.invicta.wp19.axome.cc\/wp-content\/uploads\/2022\/06\/C2-BRIO-SUR-BANC.jpg\" data-elementor-open-lightbox=\"yes\" data-elementor-lightbox-slideshow=\"1d9aa213\" data-elementor-lightbox-title=\"C2-BRIO-SUR-BANC\" data-e-action-hash=\"#elementor-action%3Aaction%3Dlightbox%26settings%3DeyJpZCI6NDgwNTgsInVybCI6Imh0dHBzOlwvXC9kZXYuaW52aWN0YS53cDE5LmF4b21lLmNjXC93cC1jb250ZW50XC91cGxvYWRzXC8yMDIyXC8wNlwvQzItQlJJTy1TVVItQkFOQy5qcGciLCJzbGlkZXNob3ciOiIxZDlhYTIxMyJ9\">\n\t\t\t\t\t<div class=\"e-gallery-image elementor-gallery-item__image\" data-thumbnail=\"https:\/\/dev.invicta.wp19.axome.cc\/wp-content\/uploads\/2022\/06\/C2-BRIO-SUR-BANC.jpg\" data-width=\"1008\" data-height=\"840\" aria-label=\"Po\u00eale \u00e0 bois fonte Invicta Brio sur banc - 7 kW\" role=\"img\" ><\/div>\n\t\t\t\t\t\t\t\t\t\t\t<div class=\"elementor-gallery-item__overlay\"><\/div>\n\t\t\t\t\t\t\t\t\t\t\t\t\t\t<\/a>\n\t\t\t\t\t\t\t<a class=\"e-gallery-item elementor-gallery-item elementor-animated-content\" href=\"https:\/\/dev.invicta.wp19.axome.cc\/wp-content\/uploads\/2019\/07\/aratos_cyclo_poele_a_bois.jpg\" data-elementor-open-lightbox=\"yes\" data-elementor-lightbox-slideshow=\"1d9aa213\" data-elementor-lightbox-title=\"aratos_cyclo_poele_a_bois\" data-e-action-hash=\"#elementor-action%3Aaction%3Dlightbox%26settings%3DeyJpZCI6MTA2NCwidXJsIjoiaHR0cHM6XC9cL2Rldi5pbnZpY3RhLndwMTkuYXhvbWUuY2NcL3dwLWNvbnRlbnRcL3VwbG9hZHNcLzIwMTlcLzA3XC9hcmF0b3NfY3ljbG9fcG9lbGVfYV9ib2lzLmpwZyIsInNsaWRlc2hvdyI6IjFkOWFhMjEzIn0%3D\">\n\t\t\t\t\t<div class=\"e-gallery-image elementor-gallery-item__image\" data-thumbnail=\"https:\/\/dev.invicta.wp19.axome.cc\/wp-content\/uploads\/2019\/07\/aratos_cyclo_poele_a_bois.jpg\" data-width=\"596\" data-height=\"900\" aria-label=\"Po\u00eale \u00e0 bois fonte Invicta Aratos - 8 kW\" role=\"img\" ><\/div>\n\t\t\t\t\t\t\t\t\t\t\t<div class=\"elementor-gallery-item__overlay\"><\/div>\n\t\t\t\t\t\t\t\t\t\t\t\t\t\t<\/a>\n\t\t\t\t\t\t\t<a class=\"e-gallery-item elementor-gallery-item elementor-animated-content\" href=\"https:\/\/dev.invicta.wp19.axome.cc\/wp-content\/uploads\/2019\/07\/new-ITAYA-feu-3.jpg\" data-elementor-open-lightbox=\"yes\" data-elementor-lightbox-slideshow=\"1d9aa213\" data-elementor-lightbox-title=\"ITAYA\" data-e-action-hash=\"#elementor-action%3Aaction%3Dlightbox%26settings%3DeyJpZCI6MzA5ODUsInVybCI6Imh0dHBzOlwvXC9kZXYuaW52aWN0YS53cDE5LmF4b21lLmNjXC93cC1jb250ZW50XC91cGxvYWRzXC8yMDE5XC8wN1wvbmV3LUlUQVlBLWZldS0zLmpwZyIsInNsaWRlc2hvdyI6IjFkOWFhMjEzIn0%3D\">\n\t\t\t\t\t<div class=\"e-gallery-image elementor-gallery-item__image\" data-thumbnail=\"https:\/\/dev.invicta.wp19.axome.cc\/wp-content\/uploads\/2019\/07\/new-ITAYA-feu-3.jpg\" data-width=\"700\" data-height=\"728\" aria-label=\"Po\u00eale \u00e0 bois fonte Invicta Itaya - 12 kW\" role=\"img\" ><\/div>\n\t\t\t\t\t\t\t\t\t\t\t<div class=\"elementor-gallery-item__overlay\"><\/div>\n\t\t\t\t\t\t\t\t\t\t\t\t\t\t<\/a>\n\t\t\t\t\t\t\t<a class=\"e-gallery-item elementor-gallery-item elementor-animated-content\" href=\"https:\/\/dev.invicta.wp19.axome.cc\/wp-content\/uploads\/2019\/07\/ovatio_cyclo_poele.png\" data-elementor-open-lightbox=\"yes\" data-elementor-lightbox-slideshow=\"1d9aa213\" data-elementor-lightbox-title=\"ovatio_cyclo_poele\" data-e-action-hash=\"#elementor-action%3Aaction%3Dlightbox%26settings%3DeyJpZCI6MzEyNDksInVybCI6Imh0dHBzOlwvXC9kZXYuaW52aWN0YS53cDE5LmF4b21lLmNjXC93cC1jb250ZW50XC91cGxvYWRzXC8yMDE5XC8wN1wvb3ZhdGlvX2N5Y2xvX3BvZWxlLnBuZyIsInNsaWRlc2hvdyI6IjFkOWFhMjEzIn0%3D\">\n\t\t\t\t\t<div class=\"e-gallery-image elementor-gallery-item__image\" data-thumbnail=\"https:\/\/dev.invicta.wp19.axome.cc\/wp-content\/uploads\/2019\/07\/ovatio_cyclo_poele.png\" data-width=\"500\" data-height=\"1139\" aria-label=\"Po\u00eale \u00e0 bois fonte Invicta Ovatio - 5 kW\" role=\"img\" ><\/div>\n\t\t\t\t\t\t\t\t\t\t\t<div class=\"elementor-gallery-item__overlay\"><\/div>\n\t\t\t\t\t\t\t\t\t\t\t\t\t\t<\/a>\n\t\t\t\t\t\t\t<a class=\"e-gallery-item elementor-gallery-item elementor-animated-content\" href=\"https:\/\/dev.invicta.wp19.axome.cc\/wp-content\/uploads\/2020\/09\/C-FONTICA-rouge-web.jpg\" data-elementor-open-lightbox=\"yes\" data-elementor-lightbox-slideshow=\"1d9aa213\" data-elementor-lightbox-title=\"C-FONTICA-rouge-web\" data-e-action-hash=\"#elementor-action%3Aaction%3Dlightbox%26settings%3DeyJpZCI6Mzg0ODksInVybCI6Imh0dHBzOlwvXC9kZXYuaW52aWN0YS53cDE5LmF4b21lLmNjXC93cC1jb250ZW50XC91cGxvYWRzXC8yMDIwXC8wOVwvQy1GT05USUNBLXJvdWdlLXdlYi5qcGciLCJzbGlkZXNob3ciOiIxZDlhYTIxMyJ9\">\n\t\t\t\t\t<div class=\"e-gallery-image elementor-gallery-item__image\" data-thumbnail=\"https:\/\/dev.invicta.wp19.axome.cc\/wp-content\/uploads\/2020\/09\/C-FONTICA-rouge-web.jpg\" data-width=\"631\" data-height=\"1080\" aria-label=\"Po\u00eale \u00e0 granul\u00e9s Invicta fonte Fontica rouge - 8 kW\" role=\"img\" ><\/div>\n\t\t\t\t\t\t\t\t\t\t\t<div class=\"elementor-gallery-item__overlay\"><\/div>\n\t\t\t\t\t\t\t\t\t\t\t\t\t\t<\/a>\n\t\t\t\t\t<\/div>\n\t\t\t\t\t<\/div>\n\t\t\t\t<\/div>\n\t\t\t\t\t<\/div>\n\t\t<\/div>\n\t\t\t\t\t<\/div>\n\t\t<\/section>\n\t\t\t\t<section class=\"elementor-section elementor-top-section elementor-element elementor-element-51b2c03c elementor-section-boxed elementor-section-height-default elementor-section-height-default\" data-id=\"51b2c03c\" data-element_type=\"section\">\n\t\t\t\t\t\t<div class=\"elementor-container elementor-column-gap-default\">\n\t\t\t\t\t<div class=\"elementor-column elementor-col-100 elementor-top-column elementor-element elementor-element-5b00dd35\" data-id=\"5b00dd35\" data-element_type=\"column\">\n\t\t\t<div class=\"elementor-widget-wrap elementor-element-populated\">\n\t\t\t\t\t\t<div class=\"elementor-element elementor-element-7713b099 elementor-widget-divider--view-line elementor-widget elementor-widget-divider\" data-id=\"7713b099\" data-element_type=\"widget\" data-widget_type=\"divider.default\">\n\t\t\t\t<div class=\"elementor-widget-container\">\n\t\t\t\t\t\t\t<div class=\"elementor-divider\">\n\t\t\t<span class=\"elementor-divider-separator\">\n\t\t\t\t\t\t<\/span>\n\t\t<\/div>\n\t\t\t\t\t\t<\/div>\n\t\t\t\t<\/div>\n\t\t\t\t<div class=\"elementor-element elementor-element-2b4ffbba elementor-widget elementor-widget-text-editor\" data-id=\"2b4ffbba\" data-element_type=\"widget\" data-widget_type=\"text-editor.default\">\n\t\t\t\t<div class=\"elementor-widget-container\">\n\t\t\t\t\t\t\t\t\t<h2><span><strong>Invicta : l\u2019alliance du design et de la performance<\/strong><\/span><\/h2><p><span>Tous les po\u00eales \u00e0 bois Invicta sont con\u00e7us pour s\u2019adapter \u00e0 vos envies d\u00e9co tout en offrant une performance \u00e9nerg\u00e9tique exceptionnelle. Avec leur<\/span><span>s performances \u00e9lev\u00e9es et <\/span><span>leur <a rel=\"noopener\" href=\"https:\/\/dev.invicta.wp19.axome.cc\/fr\/2023\/01\/03\/quest-ce-que-le-label-flamme-verte\/\" target=\"_blank\">labellisation Flamme Verte<\/a>, ils sont \u00e0 la fois \u00e9cologiques, \u00e9conomiques et esth\u00e9tiques.<\/span><a rel=\"noopener\" href=\"https:\/\/dev.invicta.wp19.axome.cc\/fr\/2020\/02\/25\/les-poeles-inserts-et-foyers-en-fonte-invicta-certifies-origine-france-garantie-2\/\" target=\"_blank\"><span> Les mod\u00e8les en fonte sont de plus certifi\u00e9s <\/span><span>Origine France Garantie<\/span><\/a><span> et fabriqu\u00e9s avec soin dans la fonderie ardennaise Invicta.<\/span><\/p><p><span>Transformez votre int\u00e9rieur en un espace de vie unique o\u00f9 design et chaleur se rencontrent. Adoptez un po\u00eale \u00e0 bois Invicta pour un style industriel chic et intemporel.<\/span><\/p><p><span><strong>D\u00e9couvrez <a rel=\"noopener\" href=\"https:\/\/dev.invicta.wp19.axome.cc\/fr\/categorie-produit\/poeles-a-bois-industriels\/\" target=\"_blank\">nos po\u00eales \u00e0 bois design<\/a> sur notre site et inspirez-vous de nos id\u00e9es d\u00e9co pour cr\u00e9er <\/strong><\/span><span><strong>un int\u00e9rieur qui vous ressemble.<\/strong><\/span><\/p>\t\t\t\t\t\t\t\t<\/div>\n\t\t\t\t<\/div>\n\t\t\t\t\t<\/div>\n\t\t<\/div>\n\t\t\t\t\t<\/div>\n\t\t<\/section>\n\t\t\t\t<section class=\"elementor-section elementor-top-section elementor-element elementor-element-353e307b elementor-section-boxed elementor-section-height-default elementor-section-height-default\" data-id=\"353e307b\" data-element_type=\"section\">\n\t\t\t\t\t\t<div class=\"elementor-container elementor-column-gap-default\">\n\t\t\t\t\t<div class=\"elementor-column elementor-col-100 elementor-top-column elementor-element elementor-element-2d1f92dc\" data-id=\"2d1f92dc\" data-element_type=\"column\">\n\t\t\t<div class=\"elementor-widget-wrap elementor-element-populated\">\n\t\t\t\t\t\t<div class=\"elementor-element elementor-element-238f678e elementor-widget elementor-widget-facebook-button\" data-id=\"238f678e\" data-element_type=\"widget\" data-widget_type=\"facebook-button.default\">\n\t\t\t\t<div class=\"elementor-widget-container\">\n\t\t\t\t\t\t\t<div data-layout=\"standard\" data-colorscheme=\"light\" data-size=\"small\" data-show-faces=\"false\" class=\"elementor-facebook-widget fb-like\" data-href=\"https:\/\/dev.invicta.wp19.axome.cc\/fr\/?p=62716\" data-share=\"false\" data-action=\"like\"><\/div>\n\t\t\t\t\t\t<\/div>\n\t\t\t\t<\/div>\n\t\t\t\t\t<\/div>\n\t\t<\/div>\n\t\t\t\t\t<\/div>\n\t\t<\/section>\n\t\t\t\t<\/div>\n\t\t","protected":false},"excerpt":{"rendered":"<p>Le style industriel : une tendance intemporelle Avec Invicta, sp\u00e9cialiste des po\u00eales \u00e0 bois design, transformez votre int\u00e9rieur industriel en un espace chaleureux et unique. Origine et caract\u00e9ristiques du style industriel Le style industriel est n\u00e9 de la volont\u00e9 de r\u00e9habiliter d\u2019anciennes usines ou des entrep\u00f4ts d\u00e9saffect\u00e9s apr\u00e8s la d\u00e9sindustrialisation dans les grandes villes, notamment [&hellip;]<\/p>\n","protected":false},"author":130,"featured_media":62717,"comment_status":"closed","ping_status":"closed","sticky":false,"template":"","format":"standard","meta":{"_acf_changed":false,"footnotes":""},"categories":[104,100,6390,6389],"tags":[5421,5416,5434,5433,5437],"class_list":{"1":"post","5":"has-post-thumbnail"},"acf":[],"yoast_head":"<!-- This site is optimized with the Yoast SEO plugin v24.7 - https:\/\/yoast.com\/wordpress\/plugins\/seo\/ -->\n<title>Tendance design - po\u00eales \u00e0 bois fonte Invicta - style industriel<\/title>\n<meta name=\"description\" content=\"Po\u00eale \u00e0 granul\u00e9s \u2747\ufe0f Po\u00eale \u00e0 bois \u2747\ufe0f Design \u2705 D\u00e9coration \u2705 Style industriel \u2747\ufe0f Loft, usine \u2747\ufe0f Moderne, contemporain\" \/>\n<meta name=\"robots\" content=\"index, follow, max-snippet:-1, max-image-preview:large, max-video-preview:-1\" \/>\n<link rel=\"canonical\" href=\"https:\/\/dev.invicta.wp19.axome.cc\/fr\/2024\/09\/20\/poele-a-bois-design-invicta-tendance-decoration-industrielle\/\" \/>\n<meta property=\"og:locale\" content=\"fr_FR\" \/>\n<meta property=\"og:type\" content=\"article\" \/>\n<meta property=\"og:title\" content=\"Tendance design - po\u00eales \u00e0 bois fonte Invicta - style industriel\" \/>\n<meta property=\"og:description\" content=\"Po\u00eale \u00e0 granul\u00e9s \u2747\ufe0f Po\u00eale \u00e0 bois \u2747\ufe0f Design \u2705 D\u00e9coration \u2705 Style industriel \u2747\ufe0f Loft, usine \u2747\ufe0f Moderne, contemporain\" \/>\n<meta property=\"og:url\" content=\"https:\/\/dev.invicta.wp19.axome.cc\/fr\/2024\/09\/20\/poele-a-bois-design-invicta-tendance-decoration-industrielle\/\" \/>\n<meta property=\"og:site_name\" content=\"Invicta\" \/>\n<meta property=\"article:published_time\" content=\"2024-09-20T15:33:00+00:00\" \/>\n<meta property=\"article:modified_time\" content=\"2025-01-16T17:13:49+00:00\" \/>\n<meta property=\"og:image\" content=\"https:\/\/dev.invicta.wp19.axome.cc\/wp-content\/uploads\/2024\/10\/tendances-deco-1.png\" \/>\n\t<meta property=\"og:image:width\" content=\"1108\" \/>\n\t<meta property=\"og:image:height\" content=\"898\" \/>\n\t<meta property=\"og:image:type\" content=\"image\/png\" \/>\n<meta name=\"author\" content=\"webmaster\" \/>\n<meta name=\"twitter:card\" content=\"summary_large_image\" \/>\n<meta name=\"twitter:label1\" content=\"\u00c9crit par\" \/>\n\t<meta name=\"twitter:data1\" content=\"webmaster\" \/>\n\t<meta name=\"twitter:label2\" content=\"Dur\u00e9e de lecture estim\u00e9e\" \/>\n\t<meta name=\"twitter:data2\" content=\"6 minutes\" \/>\n<script type=\"application\/ld+json\" class=\"yoast-schema-graph\">{\"@context\":\"https:\/\/schema.org\",\"@graph\":[{\"@type\":\"Article\",\"@id\":\"https:\/\/dev.invicta.wp19.axome.cc\/fr\/2024\/09\/20\/poele-a-bois-design-invicta-tendance-decoration-industrielle\/#article\",\"isPartOf\":{\"@id\":\"https:\/\/dev.invicta.wp19.axome.cc\/fr\/2024\/09\/20\/poele-a-bois-design-invicta-tendance-decoration-industrielle\/\"},\"author\":{\"name\":\"webmaster\",\"@id\":\"https:\/\/dev.invicta.wp19.axome.cc\/fr\/#\/schema\/person\/290918f431be7c1a7c0659c445fe2764\"},\"headline\":\"Po\u00eales \u00e0 Bois Design : Sublimez votre d\u00e9co industrielle avec Invicta\",\"datePublished\":\"2024-09-20T15:33:00+00:00\",\"dateModified\":\"2025-01-16T17:13:49+00:00\",\"mainEntityOfPage\":{\"@id\":\"https:\/\/dev.invicta.wp19.axome.cc\/fr\/2024\/09\/20\/poele-a-bois-design-invicta-tendance-decoration-industrielle\/\"},\"wordCount\":1187,\"publisher\":{\"@id\":\"https:\/\/dev.invicta.wp19.axome.cc\/fr\/#organization\"},\"image\":{\"@id\":\"https:\/\/dev.invicta.wp19.axome.cc\/fr\/2024\/09\/20\/poele-a-bois-design-invicta-tendance-decoration-industrielle\/#primaryimage\"},\"thumbnailUrl\":\"https:\/\/dev.invicta.wp19.axome.cc\/wp-content\/uploads\/2024\/10\/tendances-deco-1.png\",\"keywords\":[\"design accessible\",\"po\u00eale \u00e0 bois design\",\"po\u00eale \u00e0 granul\u00e9s\",\"po\u00eale \u00e0 pellet\",\"po\u00eale \u00e0 pellets\"],\"articleSection\":[\"Conseils\",\"Le Design pour tous\",\"Po\u00eales \u00e0 bois\",\"Po\u00eales \u00e0 granul\u00e9s\"],\"inLanguage\":\"fr-FR\"},{\"@type\":\"WebPage\",\"@id\":\"https:\/\/dev.invicta.wp19.axome.cc\/fr\/2024\/09\/20\/poele-a-bois-design-invicta-tendance-decoration-industrielle\/\",\"url\":\"https:\/\/dev.invicta.wp19.axome.cc\/fr\/2024\/09\/20\/poele-a-bois-design-invicta-tendance-decoration-industrielle\/\",\"name\":\"Tendance design - po\u00eales \u00e0 bois fonte Invicta - style industriel\",\"isPartOf\":{\"@id\":\"https:\/\/dev.invicta.wp19.axome.cc\/fr\/#website\"},\"primaryImageOfPage\":{\"@id\":\"https:\/\/dev.invicta.wp19.axome.cc\/fr\/2024\/09\/20\/poele-a-bois-design-invicta-tendance-decoration-industrielle\/#primaryimage\"},\"image\":{\"@id\":\"https:\/\/dev.invicta.wp19.axome.cc\/fr\/2024\/09\/20\/poele-a-bois-design-invicta-tendance-decoration-industrielle\/#primaryimage\"},\"thumbnailUrl\":\"https:\/\/dev.invicta.wp19.axome.cc\/wp-content\/uploads\/2024\/10\/tendances-deco-1.png\",\"datePublished\":\"2024-09-20T15:33:00+00:00\",\"dateModified\":\"2025-01-16T17:13:49+00:00\",\"description\":\"Po\u00eale \u00e0 granul\u00e9s \u2747\ufe0f Po\u00eale \u00e0 bois \u2747\ufe0f Design \u2705 D\u00e9coration \u2705 Style industriel \u2747\ufe0f Loft, usine \u2747\ufe0f Moderne, contemporain\",\"breadcrumb\":{\"@id\":\"https:\/\/dev.invicta.wp19.axome.cc\/fr\/2024\/09\/20\/poele-a-bois-design-invicta-tendance-decoration-industrielle\/#breadcrumb\"},\"inLanguage\":\"fr-FR\",\"potentialAction\":[{\"@type\":\"ReadAction\",\"target\":[\"https:\/\/dev.invicta.wp19.axome.cc\/fr\/2024\/09\/20\/poele-a-bois-design-invicta-tendance-decoration-industrielle\/\"]}]},{\"@type\":\"ImageObject\",\"inLanguage\":\"fr-FR\",\"@id\":\"https:\/\/dev.invicta.wp19.axome.cc\/fr\/2024\/09\/20\/poele-a-bois-design-invicta-tendance-decoration-industrielle\/#primaryimage\",\"url\":\"https:\/\/dev.invicta.wp19.axome.cc\/wp-content\/uploads\/2024\/10\/tendances-deco-1.png\",\"contentUrl\":\"https:\/\/dev.invicta.wp19.axome.cc\/wp-content\/uploads\/2024\/10\/tendances-deco-1.png\",\"width\":1108,\"height\":898,\"caption\":\"Tendances d\u00e9co Invicta : po\u00eale \u00e0 bois et style industriel\"},{\"@type\":\"BreadcrumbList\",\"@id\":\"https:\/\/dev.invicta.wp19.axome.cc\/fr\/2024\/09\/20\/poele-a-bois-design-invicta-tendance-decoration-industrielle\/#breadcrumb\",\"itemListElement\":[{\"@type\":\"ListItem\",\"position\":1,\"name\":\"Accueil\",\"item\":\"https:\/\/dev.invicta.wp19.axome.cc\/fr\/\"},{\"@type\":\"ListItem\",\"position\":2,\"name\":\"Conseils\",\"item\":\"https:\/\/dev.invicta.wp19.axome.cc\/fr\/category\/conseils\/\"},{\"@type\":\"ListItem\",\"position\":3,\"name\":\"Po\u00eales \u00e0 Bois Design : Sublimez votre d\u00e9co industrielle avec Invicta\"}]},{\"@type\":\"WebSite\",\"@id\":\"https:\/\/dev.invicta.wp19.axome.cc\/fr\/#website\",\"url\":\"https:\/\/dev.invicta.wp19.axome.cc\/fr\/\",\"name\":\"Invicta\",\"description\":\"Fabricant fran\u00e7ais, sp\u00e9cialiste europ\u00e9en du chauffage au bois : po\u00eales \u00e0 bois et \u00e0 granul\u00e9s, chemin\u00e9es, foyers et inserts\",\"publisher\":{\"@id\":\"https:\/\/dev.invicta.wp19.axome.cc\/fr\/#organization\"},\"potentialAction\":[{\"@type\":\"SearchAction\",\"target\":{\"@type\":\"EntryPoint\",\"urlTemplate\":\"https:\/\/dev.invicta.wp19.axome.cc\/fr\/?s={search_term_string}\"},\"query-input\":{\"@type\":\"PropertyValueSpecification\",\"valueRequired\":true,\"valueName\":\"search_term_string\"}}],\"inLanguage\":\"fr-FR\"},{\"@type\":\"Organization\",\"@id\":\"https:\/\/dev.invicta.wp19.axome.cc\/fr\/#organization\",\"name\":\"Invicta\",\"url\":\"https:\/\/dev.invicta.wp19.axome.cc\/fr\/\",\"logo\":{\"@type\":\"ImageObject\",\"inLanguage\":\"fr-FR\",\"@id\":\"https:\/\/dev.invicta.wp19.axome.cc\/fr\/#\/schema\/logo\/image\/\",\"url\":\"https:\/\/www.invicta.fr\/wp-content\/uploads\/2019\/06\/INVICTALOGO_RVB.png\",\"contentUrl\":\"https:\/\/www.invicta.fr\/wp-content\/uploads\/2019\/06\/INVICTALOGO_RVB.png\",\"width\":1810,\"height\":1280,\"caption\":\"Invicta\"},\"image\":{\"@id\":\"https:\/\/dev.invicta.wp19.axome.cc\/fr\/#\/schema\/logo\/image\/\"}},{\"@type\":\"Person\",\"@id\":\"https:\/\/dev.invicta.wp19.axome.cc\/fr\/#\/schema\/person\/290918f431be7c1a7c0659c445fe2764\",\"name\":\"webmaster\",\"image\":{\"@type\":\"ImageObject\",\"inLanguage\":\"fr-FR\",\"@id\":\"https:\/\/dev.invicta.wp19.axome.cc\/fr\/#\/schema\/person\/image\/\",\"url\":\"https:\/\/secure.gravatar.com\/avatar\/23484cb5e4dcec5c2647bf7a20db2a45?s=96&d=mm&r=g\",\"contentUrl\":\"https:\/\/secure.gravatar.com\/avatar\/23484cb5e4dcec5c2647bf7a20db2a45?s=96&d=mm&r=g\",\"caption\":\"webmaster\"}}]}<\/script>\n<!-- \/ Yoast SEO plugin. -->","yoast_head_json":{"title":"Tendance design - po\u00eales \u00e0 bois fonte Invicta - style industriel","description":"Po\u00eale \u00e0 granul\u00e9s \u2747\ufe0f Po\u00eale \u00e0 bois \u2747\ufe0f Design \u2705 D\u00e9coration \u2705 Style industriel \u2747\ufe0f Loft, usine \u2747\ufe0f Moderne, contemporain","robots":{"index":"index","follow":"follow","max-snippet":"max-snippet:-1","max-image-preview":"max-image-preview:large","max-video-preview":"max-video-preview:-1"},"canonical":"https:\/\/dev.invicta.wp19.axome.cc\/fr\/2024\/09\/20\/poele-a-bois-design-invicta-tendance-decoration-industrielle\/","og_locale":"fr_FR","og_type":"article","og_title":"Tendance design - po\u00eales \u00e0 bois fonte Invicta - style industriel","og_description":"Po\u00eale \u00e0 granul\u00e9s \u2747\ufe0f Po\u00eale \u00e0 bois \u2747\ufe0f Design \u2705 D\u00e9coration \u2705 Style industriel \u2747\ufe0f Loft, usine \u2747\ufe0f Moderne, contemporain","og_url":"https:\/\/dev.invicta.wp19.axome.cc\/fr\/2024\/09\/20\/poele-a-bois-design-invicta-tendance-decoration-industrielle\/","og_site_name":"Invicta","article_published_time":"2024-09-20T15:33:00+00:00","article_modified_time":"2025-01-16T17:13:49+00:00","og_image":[{"width":1108,"height":898,"url":"https:\/\/dev.invicta.wp19.axome.cc\/wp-content\/uploads\/2024\/10\/tendances-deco-1.png","type":"image\/png"}],"author":"webmaster","twitter_card":"summary_large_image","twitter_misc":{"\u00c9crit par":"webmaster","Dur\u00e9e de lecture estim\u00e9e":"6 minutes"},"schema":{"@context":"https:\/\/schema.org","@graph":[{"@type":"Article","@id":"https:\/\/dev.invicta.wp19.axome.cc\/fr\/2024\/09\/20\/poele-a-bois-design-invicta-tendance-decoration-industrielle\/#article","isPartOf":{"@id":"https:\/\/dev.invicta.wp19.axome.cc\/fr\/2024\/09\/20\/poele-a-bois-design-invicta-tendance-decoration-industrielle\/"},"author":{"name":"webmaster","@id":"https:\/\/dev.invicta.wp19.axome.cc\/fr\/#\/schema\/person\/290918f431be7c1a7c0659c445fe2764"},"headline":"Po\u00eales \u00e0 Bois Design : Sublimez votre d\u00e9co industrielle avec Invicta","datePublished":"2024-09-20T15:33:00+00:00","dateModified":"2025-01-16T17:13:49+00:00","mainEntityOfPage":{"@id":"https:\/\/dev.invicta.wp19.axome.cc\/fr\/2024\/09\/20\/poele-a-bois-design-invicta-tendance-decoration-industrielle\/"},"wordCount":1187,"publisher":{"@id":"https:\/\/dev.invicta.wp19.axome.cc\/fr\/#organization"},"image":{"@id":"https:\/\/dev.invicta.wp19.axome.cc\/fr\/2024\/09\/20\/poele-a-bois-design-invicta-tendance-decoration-industrielle\/#primaryimage"},"thumbnailUrl":"https:\/\/dev.invicta.wp19.axome.cc\/wp-content\/uploads\/2024\/10\/tendances-deco-1.png","keywords":["design accessible","po\u00eale \u00e0 bois design","po\u00eale \u00e0 granul\u00e9s","po\u00eale \u00e0 pellet","po\u00eale \u00e0 pellets"],"articleSection":["Conseils","Le Design pour tous","Po\u00eales \u00e0 bois","Po\u00eales \u00e0 granul\u00e9s"],"inLanguage":"fr-FR"},{"@type":"WebPage","@id":"https:\/\/dev.invicta.wp19.axome.cc\/fr\/2024\/09\/20\/poele-a-bois-design-invicta-tendance-decoration-industrielle\/","url":"https:\/\/dev.invicta.wp19.axome.cc\/fr\/2024\/09\/20\/poele-a-bois-design-invicta-tendance-decoration-industrielle\/","name":"Tendance design - po\u00eales \u00e0 bois fonte Invicta - style industriel","isPartOf":{"@id":"https:\/\/dev.invicta.wp19.axome.cc\/fr\/#website"},"primaryImageOfPage":{"@id":"https:\/\/dev.invicta.wp19.axome.cc\/fr\/2024\/09\/20\/poele-a-bois-design-invicta-tendance-decoration-industrielle\/#primaryimage"},"image":{"@id":"https:\/\/dev.invicta.wp19.axome.cc\/fr\/2024\/09\/20\/poele-a-bois-design-invicta-tendance-decoration-industrielle\/#primaryimage"},"thumbnailUrl":"https:\/\/dev.invicta.wp19.axome.cc\/wp-content\/uploads\/2024\/10\/tendances-deco-1.png","datePublished":"2024-09-20T15:33:00+00:00","dateModified":"2025-01-16T17:13:49+00:00","description":"Po\u00eale \u00e0 granul\u00e9s \u2747\ufe0f Po\u00eale \u00e0 bois \u2747\ufe0f Design \u2705 D\u00e9coration \u2705 Style industriel \u2747\ufe0f Loft, usine \u2747\ufe0f Moderne, contemporain","breadcrumb":{"@id":"https:\/\/dev.invicta.wp19.axome.cc\/fr\/2024\/09\/20\/poele-a-bois-design-invicta-tendance-decoration-industrielle\/#breadcrumb"},"inLanguage":"fr-FR","potentialAction":[{"@type":"ReadAction","target":["https:\/\/dev.invicta.wp19.axome.cc\/fr\/2024\/09\/20\/poele-a-bois-design-invicta-tendance-decoration-industrielle\/"]}]},{"@type":"ImageObject","inLanguage":"fr-FR","@id":"https:\/\/dev.invicta.wp19.axome.cc\/fr\/2024\/09\/20\/poele-a-bois-design-invicta-tendance-decoration-industrielle\/#primaryimage","url":"https:\/\/dev.invicta.wp19.axome.cc\/wp-content\/uploads\/2024\/10\/tendances-deco-1.png","contentUrl":"https:\/\/dev.invicta.wp19.axome.cc\/wp-content\/uploads\/2024\/10\/tendances-deco-1.png","width":1108,"height":898,"caption":"Tendances d\u00e9co Invicta : po\u00eale \u00e0 bois et style industriel"},{"@type":"BreadcrumbList","@id":"https:\/\/dev.invicta.wp19.axome.cc\/fr\/2024\/09\/20\/poele-a-bois-design-invicta-tendance-decoration-industrielle\/#breadcrumb","itemListElement":[{"@type":"ListItem","position":1,"name":"Accueil","item":"https:\/\/dev.invicta.wp19.axome.cc\/fr\/"},{"@type":"ListItem","position":2,"name":"Conseils","item":"https:\/\/dev.invicta.wp19.axome.cc\/fr\/category\/conseils\/"},{"@type":"ListItem","position":3,"name":"Po\u00eales \u00e0 Bois Design : Sublimez votre d\u00e9co industrielle avec Invicta"}]},{"@type":"WebSite","@id":"https:\/\/dev.invicta.wp19.axome.cc\/fr\/#website","url":"https:\/\/dev.invicta.wp19.axome.cc\/fr\/","name":"Invicta","description":"Fabricant fran\u00e7ais, sp\u00e9cialiste europ\u00e9en du chauffage au bois : po\u00eales \u00e0 bois et \u00e0 granul\u00e9s, chemin\u00e9es, foyers et inserts","publisher":{"@id":"https:\/\/dev.invicta.wp19.axome.cc\/fr\/#organization"},"potentialAction":[{"@type":"SearchAction","target":{"@type":"EntryPoint","urlTemplate":"https:\/\/dev.invicta.wp19.axome.cc\/fr\/?s={search_term_string}"},"query-input":{"@type":"PropertyValueSpecification","valueRequired":true,"valueName":"search_term_string"}}],"inLanguage":"fr-FR"},{"@type":"Organization","@id":"https:\/\/dev.invicta.wp19.axome.cc\/fr\/#organization","name":"Invicta","url":"https:\/\/dev.invicta.wp19.axome.cc\/fr\/","logo":{"@type":"ImageObject","inLanguage":"fr-FR","@id":"https:\/\/dev.invicta.wp19.axome.cc\/fr\/#\/schema\/logo\/image\/","url":"https:\/\/www.invicta.fr\/wp-content\/uploads\/2019\/06\/INVICTALOGO_RVB.png","contentUrl":"https:\/\/www.invicta.fr\/wp-content\/uploads\/2019\/06\/INVICTALOGO_RVB.png","width":1810,"height":1280,"caption":"Invicta"},"image":{"@id":"https:\/\/dev.invicta.wp19.axome.cc\/fr\/#\/schema\/logo\/image\/"}},{"@type":"Person","@id":"https:\/\/dev.invicta.wp19.axome.cc\/fr\/#\/schema\/person\/290918f431be7c1a7c0659c445fe2764","name":"webmaster","image":{"@type":"ImageObject","inLanguage":"fr-FR","@id":"https:\/\/dev.invicta.wp19.axome.cc\/fr\/#\/schema\/person\/image\/","url":"https:\/\/secure.gravatar.com\/avatar\/23484cb5e4dcec5c2647bf7a20db2a45?s=96&d=mm&r=g","contentUrl":"https:\/\/secure.gravatar.com\/avatar\/23484cb5e4dcec5c2647bf7a20db2a45?s=96&d=mm&r=g","caption":"webmaster"}}]}},"_links":{"self":[{"href":"https:\/\/dev.invicta.wp19.axome.cc\/fr\/wp-json\/wp\/v2\/posts\/62716","targetHints":{"allow":["GET"]}}],"collection":[{"href":"https:\/\/dev.invicta.wp19.axome.cc\/fr\/wp-json\/wp\/v2\/posts"}],"about":[{"href":"https:\/\/dev.invicta.wp19.axome.cc\/fr\/wp-json\/wp\/v2\/types\/post"}],"author":[{"embeddable":true,"href":"https:\/\/dev.invicta.wp19.axome.cc\/fr\/wp-json\/wp\/v2\/users\/130"}],"replies":[{"embeddable":true,"href":"https:\/\/dev.invicta.wp19.axome.cc\/fr\/wp-json\/wp\/v2\/comments?post=62716"}],"version-history":[{"count":10,"href":"https:\/\/dev.invicta.wp19.axome.cc\/fr\/wp-json\/wp\/v2\/posts\/62716\/revisions"}],"predecessor-version":[{"id":65761,"href":"https:\/\/dev.invicta.wp19.axome.cc\/fr\/wp-json\/wp\/v2\/posts\/62716\/revisions\/65761"}],"wp:featuredmedia":[{"embeddable":true,"href":"https:\/\/dev.invicta.wp19.axome.cc\/fr\/wp-json\/wp\/v2\/media\/62717"}],"wp:attachment":[{"href":"https:\/\/dev.invicta.wp19.axome.cc\/fr\/wp-json\/wp\/v2\/media?parent=62716"}],"wp:term":[{"taxonomy":"category","embeddable":true,"href":"https:\/\/dev.invicta.wp19.axome.cc\/fr\/wp-json\/wp\/v2\/categories?post=62716"},{"taxonomy":"post_tag","embeddable":true,"href":"https:\/\/dev.invicta.wp19.axome.cc\/fr\/wp-json\/wp\/v2\/tags?post=62716"}],"curies":[{"name":"wp","href":"https:\/\/api.w.org\/{rel}","templated":true}]}}