{"id":8451,"date":"2019-08-25T11:23:26","date_gmt":"2019-08-25T09:23:26","guid":{"rendered":"https:\/\/dev.invicta.wp19.axome.cc\/?p=8451"},"modified":"2025-05-22T16:42:29","modified_gmt":"2025-05-22T14:42:29","slug":"buches-ou-granules-de-quel-bois-se-chauffer","status":"publish","type":"post","link":"https:\/\/dev.invicta.wp19.axome.cc\/fr\/2019\/08\/25\/buches-ou-granules-de-quel-bois-se-chauffer\/","title":{"rendered":"B\u00fbches ou granul\u00e9s : de quel bois se chauffer ?"},"content":{"rendered":"\t\t<div data-elementor-type=\"wp-post\" data-elementor-id=\"8451\" class=\"elementor elementor-8451\" data-elementor-post-type=\"post\">\n\t\t\t\t\t\t<section class=\"elementor-section elementor-top-section elementor-element elementor-element-39938177 elementor-section-boxed elementor-section-height-default elementor-section-height-default\" data-id=\"39938177\" data-element_type=\"section\">\n\t\t\t\t\t\t<div class=\"elementor-container elementor-column-gap-default\">\n\t\t\t\t\t<div class=\"elementor-column elementor-col-100 elementor-top-column elementor-element elementor-element-148c960a\" data-id=\"148c960a\" data-element_type=\"column\">\n\t\t\t<div class=\"elementor-widget-wrap elementor-element-populated\">\n\t\t\t\t\t\t<div class=\"elementor-element elementor-element-4b8217b7 elementor-widget elementor-widget-text-editor\" data-id=\"4b8217b7\" data-element_type=\"widget\" data-widget_type=\"text-editor.default\">\n\t\t\t\t<div class=\"elementor-widget-container\">\n\t\t\t\t\t\t\t\t\t<p><a href=\"https:\/\/dev.invicta.wp19.axome.cc\/fr\/produit\/poele-a-granules-drosera-ip9-debrayable\/\"><\/a>Vous avez d\u00e9cid\u00e9 d\u2019opter pour un chauffage au bois alliant \u00e9conomie, \u00e9cologie et performance. Mais une question subsiste \u00ab quel combustible et donc quel po\u00eale r\u00e9pond le mieux \u00e0 votre besoin de chauffage ? \u00bb. Entre b\u00fbches ou granul\u00e9s : voici un comparatif des 2 familles de po\u00eales pour vous aider \u00e0 choisir le plus adapt\u00e9.<\/p><h2>Les granul\u00e9s, entre performance et simplicit\u00e9<\/h2><ul><li><strong>Autonomie.<\/strong> Avec leur r\u00e9servoir de grande capacit\u00e9, les po\u00eales \u00e0 granul\u00e9s ne n\u00e9cessitent pas un approvisionnement r\u00e9gulier. Ils sont, de plus, programmables et m\u00eame contr\u00f4lables \u00e0 distance par radiocommande ou via une application sur smartphone, comme par exemple les po\u00eales \u00e0 granul\u00e9s Invicta \u00ab <a rel=\"noopener\" href=\"https:\/\/dev.invicta.wp19.axome.cc\/fr\/produit\/poele-a-granules-etanche-lodi-6-poele-a-pellets-concentrique-wifi\/\" target=\"_blank\">Lodi Wi-Fi<\/a> \u00bb.<br \/><br \/><\/li><li><strong>Douceur constante.<\/strong> Simples d\u2019utilisation, ils produisent une chaleur douce et constante sur une longue dur\u00e9e sans aucune intervention de votre part pour entretenir la flamme. La technologie des po\u00eales \u00e0 granul\u00e9s allie efficacit\u00e9 et avantages pratiques vous apportant libert\u00e9 et flexibilit\u00e9.<br \/><br \/><\/li><li><strong>Qualit\u00e9 des combustibles<\/strong>. De plus, les granul\u00e9s compos\u00e9s de r\u00e9sidus de sciures et de copeaux de bois offrent un combustible d\u2019excellente qualit\u00e9. Gr\u00e2ce \u00e0 leur haute performance \u00e9nerg\u00e9tique, ils proposent un chauffage efficace et agr\u00e9able.<br \/><br \/><\/li><li><strong>Rendement et prix sup\u00e9rieurs.<\/strong> En atteignant 80 \u00e0 plus de 90 % de rendement, les po\u00eales \u00e0 pellets d\u00e9passent g\u00e9n\u00e9ralement les performances des syst\u00e8mes \u00e0 b\u00fbches traditionnels. Leur autonomie est \u00e9galement sup\u00e9rieure. Certains mod\u00e8les Invicta, dont la r\u00e9serve a une capacit\u00e9 de 22 kg vous permettent de profiter de la chaleur jusqu\u2019\u00e0 36 heures durant. Le prix d\u2019achat du po\u00eale \u00e0 granul\u00e9s et des granul\u00e9s reste plus \u00e9lev\u00e9.<\/li><\/ul><p><strong>Mise en garde.<\/strong> Si vous \u00eates convaincus par les granul\u00e9s, il conviendra avant tout achat, de v\u00e9rifier qu\u2019un fournisseur de ce combustible est bien pr\u00e9sent dans votre secteur g\u00e9ographique.<\/p><h2>Les po\u00eales \u00e0 b\u00fbches, entre \u00e9conomies et esth\u00e9tisme<\/h2><ul><li><strong>Ambiance.<\/strong> V\u00e9ritables chouchous des familles, les po\u00eales \u00e0 b\u00fbches continuent de s\u00e9duire gr\u00e2ce au sublime spectacle du feu qu\u2019ils offrent \u00e0 votre regard. Objet contemporain de design et de plaisirs, ils s\u2019accordent \u00e0 tout type d\u2019int\u00e9rieur et se d\u00e9clinent sous de multiples formes pour une ambiance toujours plus chaleureuse.<br \/><br \/><\/li><li><strong>Prix comp\u00e9titif.<\/strong> Les po\u00eales \u00e0 b\u00fbches utilisent un combustible moins on\u00e9reux, car plus r\u00e9pandu et disponible que les granul\u00e9s. En termes de co\u00fbt \u00e0 l\u2019utilisation, ils se placent donc comme les plus comp\u00e9titifs du march\u00e9.Rendement. R\u00e9pondant aux exigences du label \u00ab Flamme Verte \u00bb, les po\u00eales \u00e0 b\u00fbches garantissent un rendement \u00e9nerg\u00e9tique de qualit\u00e9 pouvant atteindre jusqu\u2019\u00e0 80 %. \u00c0 noter que ces appareils diffusent la chaleur rapidement et ne n\u00e9cessitent pas d\u2019\u00e9lectricit\u00e9 pour fonctionner.<br \/><br \/><\/li><li><strong>Autonomie.<\/strong> Contrairement aux po\u00eales \u00e0 granul\u00e9s, leur autonomie se limite \u00e0 quelques heures sans intervention humaine. Il existe un mode de combustion prolong\u00e9e permettant de red\u00e9marrer le po\u00eale facilement apr\u00e8s plusieurs heures (ex. : pr\u00e9sence de braises le matin apr\u00e8s une nuit sans chargement).<br \/><br \/><\/li><li><strong>Authenticit\u00e9.<\/strong> Si vous recherchez une exp\u00e9rience authentique et intense, le po\u00eale \u00e0 b\u00fbches est fait pour vous. Il faudra cependant accepter de raviver la flamme r\u00e9guli\u00e8rement !<\/li><\/ul><p><strong>Mise en garde.<\/strong> Avant d\u2019accueillir un po\u00eale, n\u2019oubliez pas d\u2019am\u00e9nager un espace pour entreposer votre bois \u00e0 l\u2019abri de l\u2019humidit\u00e9.<\/p><h3>En r\u00e9sum\u00e9\u2026<\/h3><p><img fetchpriority=\"high\" decoding=\"async\" class=\"alignnone size-full wp-image-8459\" src=\"https:\/\/dev.invicta.wp19.axome.cc\/wp-content\/uploads\/2019\/07\/buches-ou-granules_graphique.jpg\" alt=\"\" width=\"721\" height=\"499\" srcset=\"https:\/\/dev.invicta.wp19.axome.cc\/wp-content\/uploads\/2019\/07\/buches-ou-granules_graphique.jpg 721w, https:\/\/dev.invicta.wp19.axome.cc\/wp-content\/uploads\/2019\/07\/buches-ou-granules_graphique-386x267.jpg 386w, https:\/\/dev.invicta.wp19.axome.cc\/wp-content\/uploads\/2019\/07\/buches-ou-granules_graphique-600x415.jpg 600w\" sizes=\"(max-width: 721px) 100vw, 721px\" \/><\/p><h3>Invicta propose une solution pour les ind\u00e9cis !<\/h3><p>Devenez le ma\u00eetre du feu en optant pour les deux combustibles ! Invicta vous propose<strong> une gamme de produits <\/strong>qui allie les avantages des deux combustibles : les po\u00eales mixtes (<a rel=\"noopener\" href=\"https:\/\/dev.invicta.wp19.axome.cc\/fr\/produit\/poele-fonte-akimix\/\" target=\"_blank\">Akimix<\/a> et <a rel=\"noopener\" href=\"https:\/\/dev.invicta.wp19.axome.cc\/fr\/produit\/poele-fonte-aratos-plug-in-hybride\/\" target=\"_blank\">Aratos Plug-IN hybride<\/a>). Avec une autonomie de 12 \u00e0 18h en pellets et un \u00e2tre pouvant accueillir des b\u00fbches jusqu\u2019\u00e0 38 cm, vous serez libre de choisir entre un mode de chauffage automatis\u00e9 et la convivialit\u00e9 d\u2019un feu de bois.<\/p>\t\t\t\t\t\t\t\t<\/div>\n\t\t\t\t<\/div>\n\t\t\t\t\t<\/div>\n\t\t<\/div>\n\t\t\t\t\t<\/div>\n\t\t<\/section>\n\t\t\t\t<\/div>\n\t\t","protected":false},"excerpt":{"rendered":"<p>Vous avez d\u00e9cid\u00e9 d\u2019opter pour un chauffage au bois alliant \u00e9conomie, \u00e9cologie et performance. Mais une question subsiste \u00ab quel combustible et donc quel po\u00eale r\u00e9pond le mieux \u00e0 votre besoin de chauffage ? \u00bb. Entre b\u00fbches ou granul\u00e9s : voici un comparatif des 2 familles de po\u00eales pour vous aider \u00e0 choisir le plus [&hellip;]<\/p>\n","protected":false},"author":225,"featured_media":8452,"comment_status":"closed","ping_status":"open","sticky":false,"template":"","format":"standard","meta":{"_acf_changed":false,"footnotes":""},"categories":[104],"tags":[],"class_list":{"1":"post","5":"has-post-thumbnail"},"acf":[],"yoast_head":"<!-- This site is optimized with the Yoast SEO plugin v24.7 - https:\/\/yoast.com\/wordpress\/plugins\/seo\/ -->\n<title>B\u00fbches ou granul\u00e9s : de quel bois se chauffer ? - Invicta<\/title>\n<meta name=\"description\" content=\"Vous avez d\u00e9cid\u00e9 d\u2019opter pour un chauffage au bois alliant \u00e9conomie, \u00e9cologie et performance. Mais une question subsiste \u00ab quel combustible et donc quel\" \/>\n<meta name=\"robots\" content=\"index, follow, max-snippet:-1, max-image-preview:large, max-video-preview:-1\" \/>\n<link rel=\"canonical\" href=\"https:\/\/dev.invicta.wp19.axome.cc\/fr\/2019\/08\/25\/buches-ou-granules-de-quel-bois-se-chauffer\/\" \/>\n<meta property=\"og:locale\" content=\"fr_FR\" \/>\n<meta property=\"og:type\" content=\"article\" \/>\n<meta property=\"og:title\" content=\"B\u00fbches ou granul\u00e9s : de quel bois se chauffer ? - Invicta\" \/>\n<meta property=\"og:description\" content=\"Vous avez d\u00e9cid\u00e9 d\u2019opter pour un chauffage au bois alliant \u00e9conomie, \u00e9cologie et performance. Mais une question subsiste \u00ab quel combustible et donc quel\" \/>\n<meta property=\"og:url\" content=\"https:\/\/dev.invicta.wp19.axome.cc\/fr\/2019\/08\/25\/buches-ou-granules-de-quel-bois-se-chauffer\/\" \/>\n<meta property=\"og:site_name\" content=\"Invicta\" \/>\n<meta property=\"article:published_time\" content=\"2019-08-25T09:23:26+00:00\" \/>\n<meta property=\"article:modified_time\" content=\"2025-05-22T14:42:29+00:00\" \/>\n<meta property=\"og:image\" content=\"https:\/\/dev.invicta.wp19.axome.cc\/wp-content\/uploads\/2019\/07\/buches-ou-granules.jpg\" \/>\n\t<meta property=\"og:image:width\" content=\"716\" \/>\n\t<meta property=\"og:image:height\" content=\"297\" \/>\n\t<meta property=\"og:image:type\" content=\"image\/jpeg\" \/>\n<meta name=\"author\" content=\"wpaxome\" \/>\n<meta name=\"twitter:card\" content=\"summary_large_image\" \/>\n<meta name=\"twitter:label1\" content=\"\u00c9crit par\" \/>\n\t<meta name=\"twitter:data1\" content=\"wpaxome\" \/>\n\t<meta name=\"twitter:label2\" content=\"Dur\u00e9e de lecture estim\u00e9e\" \/>\n\t<meta name=\"twitter:data2\" content=\"3 minutes\" \/>\n<script type=\"application\/ld+json\" class=\"yoast-schema-graph\">{\"@context\":\"https:\/\/schema.org\",\"@graph\":[{\"@type\":\"Article\",\"@id\":\"https:\/\/dev.invicta.wp19.axome.cc\/fr\/2019\/08\/25\/buches-ou-granules-de-quel-bois-se-chauffer\/#article\",\"isPartOf\":{\"@id\":\"https:\/\/dev.invicta.wp19.axome.cc\/fr\/2019\/08\/25\/buches-ou-granules-de-quel-bois-se-chauffer\/\"},\"author\":{\"name\":\"wpaxome\",\"@id\":\"https:\/\/dev.invicta.wp19.axome.cc\/fr\/#\/schema\/person\/119046844ea476affd0fd9c352e5ab62\"},\"headline\":\"B\u00fbches ou granul\u00e9s : de quel bois se chauffer ?\",\"datePublished\":\"2019-08-25T09:23:26+00:00\",\"dateModified\":\"2025-05-22T14:42:29+00:00\",\"mainEntityOfPage\":{\"@id\":\"https:\/\/dev.invicta.wp19.axome.cc\/fr\/2019\/08\/25\/buches-ou-granules-de-quel-bois-se-chauffer\/\"},\"wordCount\":652,\"publisher\":{\"@id\":\"https:\/\/dev.invicta.wp19.axome.cc\/fr\/#organization\"},\"image\":{\"@id\":\"https:\/\/dev.invicta.wp19.axome.cc\/fr\/2019\/08\/25\/buches-ou-granules-de-quel-bois-se-chauffer\/#primaryimage\"},\"thumbnailUrl\":\"https:\/\/dev.invicta.wp19.axome.cc\/wp-content\/uploads\/2019\/07\/buches-ou-granules.jpg\",\"articleSection\":[\"Conseils\"],\"inLanguage\":\"fr-FR\"},{\"@type\":\"WebPage\",\"@id\":\"https:\/\/dev.invicta.wp19.axome.cc\/fr\/2019\/08\/25\/buches-ou-granules-de-quel-bois-se-chauffer\/\",\"url\":\"https:\/\/dev.invicta.wp19.axome.cc\/fr\/2019\/08\/25\/buches-ou-granules-de-quel-bois-se-chauffer\/\",\"name\":\"B\u00fbches ou granul\u00e9s : de quel bois se chauffer ? - Invicta\",\"isPartOf\":{\"@id\":\"https:\/\/dev.invicta.wp19.axome.cc\/fr\/#website\"},\"primaryImageOfPage\":{\"@id\":\"https:\/\/dev.invicta.wp19.axome.cc\/fr\/2019\/08\/25\/buches-ou-granules-de-quel-bois-se-chauffer\/#primaryimage\"},\"image\":{\"@id\":\"https:\/\/dev.invicta.wp19.axome.cc\/fr\/2019\/08\/25\/buches-ou-granules-de-quel-bois-se-chauffer\/#primaryimage\"},\"thumbnailUrl\":\"https:\/\/dev.invicta.wp19.axome.cc\/wp-content\/uploads\/2019\/07\/buches-ou-granules.jpg\",\"datePublished\":\"2019-08-25T09:23:26+00:00\",\"dateModified\":\"2025-05-22T14:42:29+00:00\",\"description\":\"Vous avez d\u00e9cid\u00e9 d\u2019opter pour un chauffage au bois alliant \u00e9conomie, \u00e9cologie et performance. Mais une question subsiste \u00ab quel combustible et donc quel\",\"breadcrumb\":{\"@id\":\"https:\/\/dev.invicta.wp19.axome.cc\/fr\/2019\/08\/25\/buches-ou-granules-de-quel-bois-se-chauffer\/#breadcrumb\"},\"inLanguage\":\"fr-FR\",\"potentialAction\":[{\"@type\":\"ReadAction\",\"target\":[\"https:\/\/dev.invicta.wp19.axome.cc\/fr\/2019\/08\/25\/buches-ou-granules-de-quel-bois-se-chauffer\/\"]}]},{\"@type\":\"ImageObject\",\"inLanguage\":\"fr-FR\",\"@id\":\"https:\/\/dev.invicta.wp19.axome.cc\/fr\/2019\/08\/25\/buches-ou-granules-de-quel-bois-se-chauffer\/#primaryimage\",\"url\":\"https:\/\/dev.invicta.wp19.axome.cc\/wp-content\/uploads\/2019\/07\/buches-ou-granules.jpg\",\"contentUrl\":\"https:\/\/dev.invicta.wp19.axome.cc\/wp-content\/uploads\/2019\/07\/buches-ou-granules.jpg\",\"width\":716,\"height\":297,\"caption\":\"granul\u00e9s de bois\"},{\"@type\":\"BreadcrumbList\",\"@id\":\"https:\/\/dev.invicta.wp19.axome.cc\/fr\/2019\/08\/25\/buches-ou-granules-de-quel-bois-se-chauffer\/#breadcrumb\",\"itemListElement\":[{\"@type\":\"ListItem\",\"position\":1,\"name\":\"Accueil\",\"item\":\"https:\/\/dev.invicta.wp19.axome.cc\/fr\/\"},{\"@type\":\"ListItem\",\"position\":2,\"name\":\"Conseils\",\"item\":\"https:\/\/dev.invicta.wp19.axome.cc\/fr\/category\/conseils\/\"},{\"@type\":\"ListItem\",\"position\":3,\"name\":\"B\u00fbches ou granul\u00e9s : de quel bois se chauffer ?\"}]},{\"@type\":\"WebSite\",\"@id\":\"https:\/\/dev.invicta.wp19.axome.cc\/fr\/#website\",\"url\":\"https:\/\/dev.invicta.wp19.axome.cc\/fr\/\",\"name\":\"Invicta\",\"description\":\"Fabricant fran\u00e7ais, sp\u00e9cialiste europ\u00e9en du chauffage au bois : po\u00eales \u00e0 bois et \u00e0 granul\u00e9s, chemin\u00e9es, foyers et inserts\",\"publisher\":{\"@id\":\"https:\/\/dev.invicta.wp19.axome.cc\/fr\/#organization\"},\"potentialAction\":[{\"@type\":\"SearchAction\",\"target\":{\"@type\":\"EntryPoint\",\"urlTemplate\":\"https:\/\/dev.invicta.wp19.axome.cc\/fr\/?s={search_term_string}\"},\"query-input\":{\"@type\":\"PropertyValueSpecification\",\"valueRequired\":true,\"valueName\":\"search_term_string\"}}],\"inLanguage\":\"fr-FR\"},{\"@type\":\"Organization\",\"@id\":\"https:\/\/dev.invicta.wp19.axome.cc\/fr\/#organization\",\"name\":\"Invicta\",\"url\":\"https:\/\/dev.invicta.wp19.axome.cc\/fr\/\",\"logo\":{\"@type\":\"ImageObject\",\"inLanguage\":\"fr-FR\",\"@id\":\"https:\/\/dev.invicta.wp19.axome.cc\/fr\/#\/schema\/logo\/image\/\",\"url\":\"https:\/\/www.invicta.fr\/wp-content\/uploads\/2019\/06\/INVICTALOGO_RVB.png\",\"contentUrl\":\"https:\/\/www.invicta.fr\/wp-content\/uploads\/2019\/06\/INVICTALOGO_RVB.png\",\"width\":1810,\"height\":1280,\"caption\":\"Invicta\"},\"image\":{\"@id\":\"https:\/\/dev.invicta.wp19.axome.cc\/fr\/#\/schema\/logo\/image\/\"}},{\"@type\":\"Person\",\"@id\":\"https:\/\/dev.invicta.wp19.axome.cc\/fr\/#\/schema\/person\/119046844ea476affd0fd9c352e5ab62\",\"name\":\"wpaxome\",\"image\":{\"@type\":\"ImageObject\",\"inLanguage\":\"fr-FR\",\"@id\":\"https:\/\/dev.invicta.wp19.axome.cc\/fr\/#\/schema\/person\/image\/\",\"url\":\"https:\/\/secure.gravatar.com\/avatar\/de042c05c2e4e656a3baebd24bc19a3d?s=96&d=mm&r=g\",\"contentUrl\":\"https:\/\/secure.gravatar.com\/avatar\/de042c05c2e4e656a3baebd24bc19a3d?s=96&d=mm&r=g\",\"caption\":\"wpaxome\"}}]}<\/script>\n<!-- \/ Yoast SEO plugin. -->","yoast_head_json":{"title":"B\u00fbches ou granul\u00e9s : de quel bois se chauffer ? - Invicta","description":"Vous avez d\u00e9cid\u00e9 d\u2019opter pour un chauffage au bois alliant \u00e9conomie, \u00e9cologie et performance. Mais une question subsiste \u00ab quel combustible et donc quel","robots":{"index":"index","follow":"follow","max-snippet":"max-snippet:-1","max-image-preview":"max-image-preview:large","max-video-preview":"max-video-preview:-1"},"canonical":"https:\/\/dev.invicta.wp19.axome.cc\/fr\/2019\/08\/25\/buches-ou-granules-de-quel-bois-se-chauffer\/","og_locale":"fr_FR","og_type":"article","og_title":"B\u00fbches ou granul\u00e9s : de quel bois se chauffer ? - Invicta","og_description":"Vous avez d\u00e9cid\u00e9 d\u2019opter pour un chauffage au bois alliant \u00e9conomie, \u00e9cologie et performance. Mais une question subsiste \u00ab quel combustible et donc quel","og_url":"https:\/\/dev.invicta.wp19.axome.cc\/fr\/2019\/08\/25\/buches-ou-granules-de-quel-bois-se-chauffer\/","og_site_name":"Invicta","article_published_time":"2019-08-25T09:23:26+00:00","article_modified_time":"2025-05-22T14:42:29+00:00","og_image":[{"width":716,"height":297,"url":"https:\/\/dev.invicta.wp19.axome.cc\/wp-content\/uploads\/2019\/07\/buches-ou-granules.jpg","type":"image\/jpeg"}],"author":"wpaxome","twitter_card":"summary_large_image","twitter_misc":{"\u00c9crit par":"wpaxome","Dur\u00e9e de lecture estim\u00e9e":"3 minutes"},"schema":{"@context":"https:\/\/schema.org","@graph":[{"@type":"Article","@id":"https:\/\/dev.invicta.wp19.axome.cc\/fr\/2019\/08\/25\/buches-ou-granules-de-quel-bois-se-chauffer\/#article","isPartOf":{"@id":"https:\/\/dev.invicta.wp19.axome.cc\/fr\/2019\/08\/25\/buches-ou-granules-de-quel-bois-se-chauffer\/"},"author":{"name":"wpaxome","@id":"https:\/\/dev.invicta.wp19.axome.cc\/fr\/#\/schema\/person\/119046844ea476affd0fd9c352e5ab62"},"headline":"B\u00fbches ou granul\u00e9s : de quel bois se chauffer ?","datePublished":"2019-08-25T09:23:26+00:00","dateModified":"2025-05-22T14:42:29+00:00","mainEntityOfPage":{"@id":"https:\/\/dev.invicta.wp19.axome.cc\/fr\/2019\/08\/25\/buches-ou-granules-de-quel-bois-se-chauffer\/"},"wordCount":652,"publisher":{"@id":"https:\/\/dev.invicta.wp19.axome.cc\/fr\/#organization"},"image":{"@id":"https:\/\/dev.invicta.wp19.axome.cc\/fr\/2019\/08\/25\/buches-ou-granules-de-quel-bois-se-chauffer\/#primaryimage"},"thumbnailUrl":"https:\/\/dev.invicta.wp19.axome.cc\/wp-content\/uploads\/2019\/07\/buches-ou-granules.jpg","articleSection":["Conseils"],"inLanguage":"fr-FR"},{"@type":"WebPage","@id":"https:\/\/dev.invicta.wp19.axome.cc\/fr\/2019\/08\/25\/buches-ou-granules-de-quel-bois-se-chauffer\/","url":"https:\/\/dev.invicta.wp19.axome.cc\/fr\/2019\/08\/25\/buches-ou-granules-de-quel-bois-se-chauffer\/","name":"B\u00fbches ou granul\u00e9s : de quel bois se chauffer ? - Invicta","isPartOf":{"@id":"https:\/\/dev.invicta.wp19.axome.cc\/fr\/#website"},"primaryImageOfPage":{"@id":"https:\/\/dev.invicta.wp19.axome.cc\/fr\/2019\/08\/25\/buches-ou-granules-de-quel-bois-se-chauffer\/#primaryimage"},"image":{"@id":"https:\/\/dev.invicta.wp19.axome.cc\/fr\/2019\/08\/25\/buches-ou-granules-de-quel-bois-se-chauffer\/#primaryimage"},"thumbnailUrl":"https:\/\/dev.invicta.wp19.axome.cc\/wp-content\/uploads\/2019\/07\/buches-ou-granules.jpg","datePublished":"2019-08-25T09:23:26+00:00","dateModified":"2025-05-22T14:42:29+00:00","description":"Vous avez d\u00e9cid\u00e9 d\u2019opter pour un chauffage au bois alliant \u00e9conomie, \u00e9cologie et performance. Mais une question subsiste \u00ab quel combustible et donc quel","breadcrumb":{"@id":"https:\/\/dev.invicta.wp19.axome.cc\/fr\/2019\/08\/25\/buches-ou-granules-de-quel-bois-se-chauffer\/#breadcrumb"},"inLanguage":"fr-FR","potentialAction":[{"@type":"ReadAction","target":["https:\/\/dev.invicta.wp19.axome.cc\/fr\/2019\/08\/25\/buches-ou-granules-de-quel-bois-se-chauffer\/"]}]},{"@type":"ImageObject","inLanguage":"fr-FR","@id":"https:\/\/dev.invicta.wp19.axome.cc\/fr\/2019\/08\/25\/buches-ou-granules-de-quel-bois-se-chauffer\/#primaryimage","url":"https:\/\/dev.invicta.wp19.axome.cc\/wp-content\/uploads\/2019\/07\/buches-ou-granules.jpg","contentUrl":"https:\/\/dev.invicta.wp19.axome.cc\/wp-content\/uploads\/2019\/07\/buches-ou-granules.jpg","width":716,"height":297,"caption":"granul\u00e9s de bois"},{"@type":"BreadcrumbList","@id":"https:\/\/dev.invicta.wp19.axome.cc\/fr\/2019\/08\/25\/buches-ou-granules-de-quel-bois-se-chauffer\/#breadcrumb","itemListElement":[{"@type":"ListItem","position":1,"name":"Accueil","item":"https:\/\/dev.invicta.wp19.axome.cc\/fr\/"},{"@type":"ListItem","position":2,"name":"Conseils","item":"https:\/\/dev.invicta.wp19.axome.cc\/fr\/category\/conseils\/"},{"@type":"ListItem","position":3,"name":"B\u00fbches ou granul\u00e9s : de quel bois se chauffer ?"}]},{"@type":"WebSite","@id":"https:\/\/dev.invicta.wp19.axome.cc\/fr\/#website","url":"https:\/\/dev.invicta.wp19.axome.cc\/fr\/","name":"Invicta","description":"Fabricant fran\u00e7ais, sp\u00e9cialiste europ\u00e9en du chauffage au bois : po\u00eales \u00e0 bois et \u00e0 granul\u00e9s, chemin\u00e9es, foyers et inserts","publisher":{"@id":"https:\/\/dev.invicta.wp19.axome.cc\/fr\/#organization"},"potentialAction":[{"@type":"SearchAction","target":{"@type":"EntryPoint","urlTemplate":"https:\/\/dev.invicta.wp19.axome.cc\/fr\/?s={search_term_string}"},"query-input":{"@type":"PropertyValueSpecification","valueRequired":true,"valueName":"search_term_string"}}],"inLanguage":"fr-FR"},{"@type":"Organization","@id":"https:\/\/dev.invicta.wp19.axome.cc\/fr\/#organization","name":"Invicta","url":"https:\/\/dev.invicta.wp19.axome.cc\/fr\/","logo":{"@type":"ImageObject","inLanguage":"fr-FR","@id":"https:\/\/dev.invicta.wp19.axome.cc\/fr\/#\/schema\/logo\/image\/","url":"https:\/\/www.invicta.fr\/wp-content\/uploads\/2019\/06\/INVICTALOGO_RVB.png","contentUrl":"https:\/\/www.invicta.fr\/wp-content\/uploads\/2019\/06\/INVICTALOGO_RVB.png","width":1810,"height":1280,"caption":"Invicta"},"image":{"@id":"https:\/\/dev.invicta.wp19.axome.cc\/fr\/#\/schema\/logo\/image\/"}},{"@type":"Person","@id":"https:\/\/dev.invicta.wp19.axome.cc\/fr\/#\/schema\/person\/119046844ea476affd0fd9c352e5ab62","name":"wpaxome","image":{"@type":"ImageObject","inLanguage":"fr-FR","@id":"https:\/\/dev.invicta.wp19.axome.cc\/fr\/#\/schema\/person\/image\/","url":"https:\/\/secure.gravatar.com\/avatar\/de042c05c2e4e656a3baebd24bc19a3d?s=96&d=mm&r=g","contentUrl":"https:\/\/secure.gravatar.com\/avatar\/de042c05c2e4e656a3baebd24bc19a3d?s=96&d=mm&r=g","caption":"wpaxome"}}]}},"_links":{"self":[{"href":"https:\/\/dev.invicta.wp19.axome.cc\/fr\/wp-json\/wp\/v2\/posts\/8451","targetHints":{"allow":["GET"]}}],"collection":[{"href":"https:\/\/dev.invicta.wp19.axome.cc\/fr\/wp-json\/wp\/v2\/posts"}],"about":[{"href":"https:\/\/dev.invicta.wp19.axome.cc\/fr\/wp-json\/wp\/v2\/types\/post"}],"author":[{"embeddable":true,"href":"https:\/\/dev.invicta.wp19.axome.cc\/fr\/wp-json\/wp\/v2\/users\/225"}],"replies":[{"embeddable":true,"href":"https:\/\/dev.invicta.wp19.axome.cc\/fr\/wp-json\/wp\/v2\/comments?post=8451"}],"version-history":[{"count":10,"href":"https:\/\/dev.invicta.wp19.axome.cc\/fr\/wp-json\/wp\/v2\/posts\/8451\/revisions"}],"predecessor-version":[{"id":67282,"href":"https:\/\/dev.invicta.wp19.axome.cc\/fr\/wp-json\/wp\/v2\/posts\/8451\/revisions\/67282"}],"wp:featuredmedia":[{"embeddable":true,"href":"https:\/\/dev.invicta.wp19.axome.cc\/fr\/wp-json\/wp\/v2\/media\/8452"}],"wp:attachment":[{"href":"https:\/\/dev.invicta.wp19.axome.cc\/fr\/wp-json\/wp\/v2\/media?parent=8451"}],"wp:term":[{"taxonomy":"category","embeddable":true,"href":"https:\/\/dev.invicta.wp19.axome.cc\/fr\/wp-json\/wp\/v2\/categories?post=8451"},{"taxonomy":"post_tag","embeddable":true,"href":"https:\/\/dev.invicta.wp19.axome.cc\/fr\/wp-json\/wp\/v2\/tags?post=8451"}],"curies":[{"name":"wp","href":"https:\/\/api.w.org\/{rel}","templated":true}]}}