{"id":29653,"date":"2019-11-06T15:31:57","date_gmt":"2019-11-06T14:31:57","guid":{"rendered":"https:\/\/dev.invicta.wp19.axome.cc\/2019\/11\/06\/design-democratico\/"},"modified":"2019-11-20T11:26:04","modified_gmt":"2019-11-20T10:26:04","slug":"design-democratico","status":"publish","type":"post","link":"https:\/\/dev.invicta.wp19.axome.cc\/pt\/2019\/11\/06\/design-democratico\/","title":{"rendered":"Design democr\u00e1tico"},"content":{"rendered":"<h1>Todos temos direito ao design<\/h1>\n<p><b>Para a Invicta, o design s\u00f3 faz sentido se for acess\u00edvel para o maior n\u00famero de pessoas.<\/b><\/p>\n<p>N\u00e3o deve ser reservado a uma elite. Pelo contr\u00e1rio, deve ser partilhado por todos.<\/p>\n<p>Verdadeira precursora, a Invicta revisitou a salamandra a lenha, propondo novas linhas aperfei\u00e7oadas, que respondem \u00e0s expetativas daqueles que desejam proporcionar design e modernidade ao seu interior. Esta vis\u00e3o, simultaneamente elegante e acess\u00edvel, tamb\u00e9m est\u00e1 em perfeita sintonia com os tempos. A Invicta enquadra-se na corrente a que chamamos de \u201c<strong>design democr\u00e1tico<\/strong>\u201d.<\/p>\n<p><b>O design democr\u00e1tico \u00e9 um processo que se baseia em cinco pilares:<\/b><\/p>\n<p><b>Forma<\/b><br \/>\n\u00c9 a qualidade da linha, do desenho, que torna a salamandra um objeto com uma est\u00e9tica de sucesso. Por si s\u00f3, d\u00e1 estilo a qualquer casa. A salamandra torna-se o cora\u00e7\u00e3o da casa e o elemento decorativo central. \u00c9, sem d\u00favida, o significado mais conhecido da palavra design.<\/p>\n<p><b>Fun\u00e7\u00e3o<\/b><br \/>\nA salamandra Invicta foi concebida na perfei\u00e7\u00e3o, n\u00e3o s\u00f3 na sua dimens\u00e3o est\u00e9tica, mas tamb\u00e9m nas suas funcionalidades. Isto \u00e9 o que vai garantir o seu desempenho, a sua efic\u00e1cia e o seu conforto de utiliza\u00e7\u00e3o. \u00c9 tamb\u00e9m perfeitamente ergon\u00f3mica, ou seja, otimizada para uma utiliza\u00e7\u00e3o muito natural.<\/p>\n<p><b>Qualidade<\/b><br \/>\nSendo acess\u00edveis, as salamandras a lenha Invicta t\u00eam um n\u00edvel de qualidade reconhecido em todo o mundo. S\u00e3o fabricadas em Fran\u00e7a, nas Ardenas. O n\u00edvel de qualidade \u00e9 controlado para ser perfeitamente constante.<\/p>\n<p><b>Sustentabilidade<\/b><br \/>\nDesde a sua conce\u00e7\u00e3o, os designers Invicta integram a dimens\u00e3o sustent\u00e1vel do ciclo de vida do aparelho. O material \u00e9 recicl\u00e1vel, e o combust\u00edvel \u00e9 a primeira energia renov\u00e1vel em Fran\u00e7a. A sustentabilidade \u00e9 parte integrante do design.<\/p>\n<p><b>Pre\u00e7o<\/b><br \/>\nA acessibilidade para a maior parte das pessoas \u00e9 uma restri\u00e7\u00e3o integrada desde a conce\u00e7\u00e3o da salamandra. \u00c9, sem d\u00favida, um pilar essencial do design democr\u00e1tico. Acessibilidade do pre\u00e7o, mas tamb\u00e9m proximidade dos pontos de venda e dos instaladores.<\/p>\n<p>Estes pilares fundamentais inspiram todos os dias os nossos designers, os nossos engenheiros, os nossos t\u00e9cnicos e a nossa investiga\u00e7\u00e3o e desenvolvimento.<\/p>\n<p><b>Todos temos direito ao design<\/b><\/p>\n","protected":false},"excerpt":{"rendered":"<p>Todos temos direito ao design Para a Invicta, o design s\u00f3 faz sentido se for acess\u00edvel para o maior n\u00famero de pessoas. N\u00e3o deve ser reservado a uma elite. Pelo contr\u00e1rio, deve ser partilhado por todos. Verdadeira precursora, a Invicta revisitou a salamandra a lenha, propondo novas linhas aperfei\u00e7oadas, que respondem \u00e0s expetativas daqueles que [&hellip;]<\/p>\n","protected":false},"author":225,"featured_media":28019,"comment_status":"closed","ping_status":"open","sticky":false,"template":"","format":"standard","meta":{"_acf_changed":false,"footnotes":""},"categories":[3345],"tags":[],"class_list":{"1":"post","5":"has-post-thumbnail"},"acf":[],"yoast_head":"<!-- This site is optimized with the Yoast SEO plugin v24.7 - https:\/\/yoast.com\/wordpress\/plugins\/seo\/ -->\n<title>Design democr\u00e1tico - Invicta<\/title>\n<meta name=\"description\" content=\"Todos temos direito ao design Para a Invicta, o design s\u00f3 faz sentido se for acess\u00edvel para o maior n\u00famero de pessoas. N\u00e3o deve ser reservado a uma elite.\" \/>\n<meta name=\"robots\" content=\"index, follow, max-snippet:-1, max-image-preview:large, max-video-preview:-1\" \/>\n<link rel=\"canonical\" href=\"https:\/\/dev.invicta.wp19.axome.cc\/pt\/2019\/11\/06\/design-democratico\/\" \/>\n<meta property=\"og:locale\" content=\"pt_PT\" \/>\n<meta property=\"og:type\" content=\"article\" \/>\n<meta property=\"og:title\" content=\"Design democr\u00e1tico - Invicta\" \/>\n<meta property=\"og:description\" content=\"Todos temos direito ao design Para a Invicta, o design s\u00f3 faz sentido se for acess\u00edvel para o maior n\u00famero de pessoas. N\u00e3o deve ser reservado a uma elite.\" \/>\n<meta property=\"og:url\" content=\"https:\/\/dev.invicta.wp19.axome.cc\/pt\/2019\/11\/06\/design-democratico\/\" \/>\n<meta property=\"og:site_name\" content=\"Invicta\" \/>\n<meta property=\"article:published_time\" content=\"2019-11-06T14:31:57+00:00\" \/>\n<meta property=\"article:modified_time\" content=\"2019-11-20T10:26:04+00:00\" \/>\n<meta property=\"og:image\" content=\"https:\/\/dev.invicta.wp19.axome.cc\/wp-content\/uploads\/2019\/06\/push-plugin.jpg\" \/>\n\t<meta property=\"og:image:width\" content=\"1920\" \/>\n\t<meta property=\"og:image:height\" content=\"1080\" \/>\n\t<meta property=\"og:image:type\" content=\"image\/jpeg\" \/>\n<meta name=\"author\" content=\"wpaxome\" \/>\n<meta name=\"twitter:card\" content=\"summary_large_image\" \/>\n<meta name=\"twitter:label1\" content=\"Escrito por\" \/>\n\t<meta name=\"twitter:data1\" content=\"wpaxome\" \/>\n\t<meta name=\"twitter:label2\" content=\"Tempo estimado de leitura\" \/>\n\t<meta name=\"twitter:data2\" content=\"2 minutos\" \/>\n<script type=\"application\/ld+json\" class=\"yoast-schema-graph\">{\"@context\":\"https:\/\/schema.org\",\"@graph\":[{\"@type\":\"Article\",\"@id\":\"https:\/\/dev.invicta.wp19.axome.cc\/pt\/2019\/11\/06\/design-democratico\/#article\",\"isPartOf\":{\"@id\":\"https:\/\/dev.invicta.wp19.axome.cc\/pt\/2019\/11\/06\/design-democratico\/\"},\"author\":{\"name\":\"wpaxome\",\"@id\":\"https:\/\/dev.invicta.wp19.axome.cc\/pt\/#\/schema\/person\/119046844ea476affd0fd9c352e5ab62\"},\"headline\":\"Design democr\u00e1tico\",\"datePublished\":\"2019-11-06T14:31:57+00:00\",\"dateModified\":\"2019-11-20T10:26:04+00:00\",\"mainEntityOfPage\":{\"@id\":\"https:\/\/dev.invicta.wp19.axome.cc\/pt\/2019\/11\/06\/design-democratico\/\"},\"wordCount\":376,\"publisher\":{\"@id\":\"https:\/\/dev.invicta.wp19.axome.cc\/pt\/#organization\"},\"image\":{\"@id\":\"https:\/\/dev.invicta.wp19.axome.cc\/pt\/2019\/11\/06\/design-democratico\/#primaryimage\"},\"thumbnailUrl\":\"https:\/\/dev.invicta.wp19.axome.cc\/wp-content\/uploads\/2019\/06\/push-plugin.jpg\",\"articleSection\":[\"Design para todos\"],\"inLanguage\":\"pt-PT\"},{\"@type\":\"WebPage\",\"@id\":\"https:\/\/dev.invicta.wp19.axome.cc\/pt\/2019\/11\/06\/design-democratico\/\",\"url\":\"https:\/\/dev.invicta.wp19.axome.cc\/pt\/2019\/11\/06\/design-democratico\/\",\"name\":\"Design democr\u00e1tico - Invicta\",\"isPartOf\":{\"@id\":\"https:\/\/dev.invicta.wp19.axome.cc\/pt\/#website\"},\"primaryImageOfPage\":{\"@id\":\"https:\/\/dev.invicta.wp19.axome.cc\/pt\/2019\/11\/06\/design-democratico\/#primaryimage\"},\"image\":{\"@id\":\"https:\/\/dev.invicta.wp19.axome.cc\/pt\/2019\/11\/06\/design-democratico\/#primaryimage\"},\"thumbnailUrl\":\"https:\/\/dev.invicta.wp19.axome.cc\/wp-content\/uploads\/2019\/06\/push-plugin.jpg\",\"datePublished\":\"2019-11-06T14:31:57+00:00\",\"dateModified\":\"2019-11-20T10:26:04+00:00\",\"description\":\"Todos temos direito ao design Para a Invicta, o design s\u00f3 faz sentido se for acess\u00edvel para o maior n\u00famero de pessoas. N\u00e3o deve ser reservado a uma elite.\",\"breadcrumb\":{\"@id\":\"https:\/\/dev.invicta.wp19.axome.cc\/pt\/2019\/11\/06\/design-democratico\/#breadcrumb\"},\"inLanguage\":\"pt-PT\",\"potentialAction\":[{\"@type\":\"ReadAction\",\"target\":[\"https:\/\/dev.invicta.wp19.axome.cc\/pt\/2019\/11\/06\/design-democratico\/\"]}]},{\"@type\":\"ImageObject\",\"inLanguage\":\"pt-PT\",\"@id\":\"https:\/\/dev.invicta.wp19.axome.cc\/pt\/2019\/11\/06\/design-democratico\/#primaryimage\",\"url\":\"https:\/\/dev.invicta.wp19.axome.cc\/wp-content\/uploads\/2019\/06\/push-plugin.jpg\",\"contentUrl\":\"https:\/\/dev.invicta.wp19.axome.cc\/wp-content\/uploads\/2019\/06\/push-plugin.jpg\",\"width\":1920,\"height\":1080,\"caption\":\"Po\u00eale \u00e0 granul\u00e9s Invicta Ove Plug-IN\"},{\"@type\":\"BreadcrumbList\",\"@id\":\"https:\/\/dev.invicta.wp19.axome.cc\/pt\/2019\/11\/06\/design-democratico\/#breadcrumb\",\"itemListElement\":[{\"@type\":\"ListItem\",\"position\":1,\"name\":\"Home\",\"item\":\"https:\/\/dev.invicta.wp19.axome.cc\/pt\/\"},{\"@type\":\"ListItem\",\"position\":2,\"name\":\"Design para todos\",\"item\":\"https:\/\/dev.invicta.wp19.axome.cc\/pt\/category\/design-para-todos\/\"},{\"@type\":\"ListItem\",\"position\":3,\"name\":\"Design democr\u00e1tico\"}]},{\"@type\":\"WebSite\",\"@id\":\"https:\/\/dev.invicta.wp19.axome.cc\/pt\/#website\",\"url\":\"https:\/\/dev.invicta.wp19.axome.cc\/pt\/\",\"name\":\"Invicta\",\"description\":\"Fabricant fran\u00e7ais, sp\u00e9cialiste europ\u00e9en du chauffage au bois : po\u00eales \u00e0 bois et \u00e0 granul\u00e9s, chemin\u00e9es, foyers et inserts\",\"publisher\":{\"@id\":\"https:\/\/dev.invicta.wp19.axome.cc\/pt\/#organization\"},\"potentialAction\":[{\"@type\":\"SearchAction\",\"target\":{\"@type\":\"EntryPoint\",\"urlTemplate\":\"https:\/\/dev.invicta.wp19.axome.cc\/pt\/?s={search_term_string}\"},\"query-input\":{\"@type\":\"PropertyValueSpecification\",\"valueRequired\":true,\"valueName\":\"search_term_string\"}}],\"inLanguage\":\"pt-PT\"},{\"@type\":\"Organization\",\"@id\":\"https:\/\/dev.invicta.wp19.axome.cc\/pt\/#organization\",\"name\":\"Invicta\",\"url\":\"https:\/\/dev.invicta.wp19.axome.cc\/pt\/\",\"logo\":{\"@type\":\"ImageObject\",\"inLanguage\":\"pt-PT\",\"@id\":\"https:\/\/dev.invicta.wp19.axome.cc\/pt\/#\/schema\/logo\/image\/\",\"url\":\"https:\/\/www.invicta.fr\/wp-content\/uploads\/2019\/06\/INVICTALOGO_RVB.png\",\"contentUrl\":\"https:\/\/www.invicta.fr\/wp-content\/uploads\/2019\/06\/INVICTALOGO_RVB.png\",\"width\":1810,\"height\":1280,\"caption\":\"Invicta\"},\"image\":{\"@id\":\"https:\/\/dev.invicta.wp19.axome.cc\/pt\/#\/schema\/logo\/image\/\"}},{\"@type\":\"Person\",\"@id\":\"https:\/\/dev.invicta.wp19.axome.cc\/pt\/#\/schema\/person\/119046844ea476affd0fd9c352e5ab62\",\"name\":\"wpaxome\",\"image\":{\"@type\":\"ImageObject\",\"inLanguage\":\"pt-PT\",\"@id\":\"https:\/\/dev.invicta.wp19.axome.cc\/pt\/#\/schema\/person\/image\/\",\"url\":\"https:\/\/secure.gravatar.com\/avatar\/de042c05c2e4e656a3baebd24bc19a3d?s=96&d=mm&r=g\",\"contentUrl\":\"https:\/\/secure.gravatar.com\/avatar\/de042c05c2e4e656a3baebd24bc19a3d?s=96&d=mm&r=g\",\"caption\":\"wpaxome\"}}]}<\/script>\n<!-- \/ Yoast SEO plugin. -->","yoast_head_json":{"title":"Design democr\u00e1tico - Invicta","description":"Todos temos direito ao design Para a Invicta, o design s\u00f3 faz sentido se for acess\u00edvel para o maior n\u00famero de pessoas. N\u00e3o deve ser reservado a uma elite.","robots":{"index":"index","follow":"follow","max-snippet":"max-snippet:-1","max-image-preview":"max-image-preview:large","max-video-preview":"max-video-preview:-1"},"canonical":"https:\/\/dev.invicta.wp19.axome.cc\/pt\/2019\/11\/06\/design-democratico\/","og_locale":"pt_PT","og_type":"article","og_title":"Design democr\u00e1tico - Invicta","og_description":"Todos temos direito ao design Para a Invicta, o design s\u00f3 faz sentido se for acess\u00edvel para o maior n\u00famero de pessoas. N\u00e3o deve ser reservado a uma elite.","og_url":"https:\/\/dev.invicta.wp19.axome.cc\/pt\/2019\/11\/06\/design-democratico\/","og_site_name":"Invicta","article_published_time":"2019-11-06T14:31:57+00:00","article_modified_time":"2019-11-20T10:26:04+00:00","og_image":[{"width":1920,"height":1080,"url":"https:\/\/dev.invicta.wp19.axome.cc\/wp-content\/uploads\/2019\/06\/push-plugin.jpg","type":"image\/jpeg"}],"author":"wpaxome","twitter_card":"summary_large_image","twitter_misc":{"Escrito por":"wpaxome","Tempo estimado de leitura":"2 minutos"},"schema":{"@context":"https:\/\/schema.org","@graph":[{"@type":"Article","@id":"https:\/\/dev.invicta.wp19.axome.cc\/pt\/2019\/11\/06\/design-democratico\/#article","isPartOf":{"@id":"https:\/\/dev.invicta.wp19.axome.cc\/pt\/2019\/11\/06\/design-democratico\/"},"author":{"name":"wpaxome","@id":"https:\/\/dev.invicta.wp19.axome.cc\/pt\/#\/schema\/person\/119046844ea476affd0fd9c352e5ab62"},"headline":"Design democr\u00e1tico","datePublished":"2019-11-06T14:31:57+00:00","dateModified":"2019-11-20T10:26:04+00:00","mainEntityOfPage":{"@id":"https:\/\/dev.invicta.wp19.axome.cc\/pt\/2019\/11\/06\/design-democratico\/"},"wordCount":376,"publisher":{"@id":"https:\/\/dev.invicta.wp19.axome.cc\/pt\/#organization"},"image":{"@id":"https:\/\/dev.invicta.wp19.axome.cc\/pt\/2019\/11\/06\/design-democratico\/#primaryimage"},"thumbnailUrl":"https:\/\/dev.invicta.wp19.axome.cc\/wp-content\/uploads\/2019\/06\/push-plugin.jpg","articleSection":["Design para todos"],"inLanguage":"pt-PT"},{"@type":"WebPage","@id":"https:\/\/dev.invicta.wp19.axome.cc\/pt\/2019\/11\/06\/design-democratico\/","url":"https:\/\/dev.invicta.wp19.axome.cc\/pt\/2019\/11\/06\/design-democratico\/","name":"Design democr\u00e1tico - Invicta","isPartOf":{"@id":"https:\/\/dev.invicta.wp19.axome.cc\/pt\/#website"},"primaryImageOfPage":{"@id":"https:\/\/dev.invicta.wp19.axome.cc\/pt\/2019\/11\/06\/design-democratico\/#primaryimage"},"image":{"@id":"https:\/\/dev.invicta.wp19.axome.cc\/pt\/2019\/11\/06\/design-democratico\/#primaryimage"},"thumbnailUrl":"https:\/\/dev.invicta.wp19.axome.cc\/wp-content\/uploads\/2019\/06\/push-plugin.jpg","datePublished":"2019-11-06T14:31:57+00:00","dateModified":"2019-11-20T10:26:04+00:00","description":"Todos temos direito ao design Para a Invicta, o design s\u00f3 faz sentido se for acess\u00edvel para o maior n\u00famero de pessoas. N\u00e3o deve ser reservado a uma elite.","breadcrumb":{"@id":"https:\/\/dev.invicta.wp19.axome.cc\/pt\/2019\/11\/06\/design-democratico\/#breadcrumb"},"inLanguage":"pt-PT","potentialAction":[{"@type":"ReadAction","target":["https:\/\/dev.invicta.wp19.axome.cc\/pt\/2019\/11\/06\/design-democratico\/"]}]},{"@type":"ImageObject","inLanguage":"pt-PT","@id":"https:\/\/dev.invicta.wp19.axome.cc\/pt\/2019\/11\/06\/design-democratico\/#primaryimage","url":"https:\/\/dev.invicta.wp19.axome.cc\/wp-content\/uploads\/2019\/06\/push-plugin.jpg","contentUrl":"https:\/\/dev.invicta.wp19.axome.cc\/wp-content\/uploads\/2019\/06\/push-plugin.jpg","width":1920,"height":1080,"caption":"Po\u00eale \u00e0 granul\u00e9s Invicta Ove Plug-IN"},{"@type":"BreadcrumbList","@id":"https:\/\/dev.invicta.wp19.axome.cc\/pt\/2019\/11\/06\/design-democratico\/#breadcrumb","itemListElement":[{"@type":"ListItem","position":1,"name":"Home","item":"https:\/\/dev.invicta.wp19.axome.cc\/pt\/"},{"@type":"ListItem","position":2,"name":"Design para todos","item":"https:\/\/dev.invicta.wp19.axome.cc\/pt\/category\/design-para-todos\/"},{"@type":"ListItem","position":3,"name":"Design democr\u00e1tico"}]},{"@type":"WebSite","@id":"https:\/\/dev.invicta.wp19.axome.cc\/pt\/#website","url":"https:\/\/dev.invicta.wp19.axome.cc\/pt\/","name":"Invicta","description":"Fabricant fran\u00e7ais, sp\u00e9cialiste europ\u00e9en du chauffage au bois : po\u00eales \u00e0 bois et \u00e0 granul\u00e9s, chemin\u00e9es, foyers et inserts","publisher":{"@id":"https:\/\/dev.invicta.wp19.axome.cc\/pt\/#organization"},"potentialAction":[{"@type":"SearchAction","target":{"@type":"EntryPoint","urlTemplate":"https:\/\/dev.invicta.wp19.axome.cc\/pt\/?s={search_term_string}"},"query-input":{"@type":"PropertyValueSpecification","valueRequired":true,"valueName":"search_term_string"}}],"inLanguage":"pt-PT"},{"@type":"Organization","@id":"https:\/\/dev.invicta.wp19.axome.cc\/pt\/#organization","name":"Invicta","url":"https:\/\/dev.invicta.wp19.axome.cc\/pt\/","logo":{"@type":"ImageObject","inLanguage":"pt-PT","@id":"https:\/\/dev.invicta.wp19.axome.cc\/pt\/#\/schema\/logo\/image\/","url":"https:\/\/www.invicta.fr\/wp-content\/uploads\/2019\/06\/INVICTALOGO_RVB.png","contentUrl":"https:\/\/www.invicta.fr\/wp-content\/uploads\/2019\/06\/INVICTALOGO_RVB.png","width":1810,"height":1280,"caption":"Invicta"},"image":{"@id":"https:\/\/dev.invicta.wp19.axome.cc\/pt\/#\/schema\/logo\/image\/"}},{"@type":"Person","@id":"https:\/\/dev.invicta.wp19.axome.cc\/pt\/#\/schema\/person\/119046844ea476affd0fd9c352e5ab62","name":"wpaxome","image":{"@type":"ImageObject","inLanguage":"pt-PT","@id":"https:\/\/dev.invicta.wp19.axome.cc\/pt\/#\/schema\/person\/image\/","url":"https:\/\/secure.gravatar.com\/avatar\/de042c05c2e4e656a3baebd24bc19a3d?s=96&d=mm&r=g","contentUrl":"https:\/\/secure.gravatar.com\/avatar\/de042c05c2e4e656a3baebd24bc19a3d?s=96&d=mm&r=g","caption":"wpaxome"}}]}},"_links":{"self":[{"href":"https:\/\/dev.invicta.wp19.axome.cc\/pt\/wp-json\/wp\/v2\/posts\/29653","targetHints":{"allow":["GET"]}}],"collection":[{"href":"https:\/\/dev.invicta.wp19.axome.cc\/pt\/wp-json\/wp\/v2\/posts"}],"about":[{"href":"https:\/\/dev.invicta.wp19.axome.cc\/pt\/wp-json\/wp\/v2\/types\/post"}],"author":[{"embeddable":true,"href":"https:\/\/dev.invicta.wp19.axome.cc\/pt\/wp-json\/wp\/v2\/users\/225"}],"replies":[{"embeddable":true,"href":"https:\/\/dev.invicta.wp19.axome.cc\/pt\/wp-json\/wp\/v2\/comments?post=29653"}],"version-history":[{"count":0,"href":"https:\/\/dev.invicta.wp19.axome.cc\/pt\/wp-json\/wp\/v2\/posts\/29653\/revisions"}],"wp:featuredmedia":[{"embeddable":true,"href":"https:\/\/dev.invicta.wp19.axome.cc\/pt\/wp-json\/wp\/v2\/media\/28019"}],"wp:attachment":[{"href":"https:\/\/dev.invicta.wp19.axome.cc\/pt\/wp-json\/wp\/v2\/media?parent=29653"}],"wp:term":[{"taxonomy":"category","embeddable":true,"href":"https:\/\/dev.invicta.wp19.axome.cc\/pt\/wp-json\/wp\/v2\/categories?post=29653"},{"taxonomy":"post_tag","embeddable":true,"href":"https:\/\/dev.invicta.wp19.axome.cc\/pt\/wp-json\/wp\/v2\/tags?post=29653"}],"curies":[{"name":"wp","href":"https:\/\/api.w.org\/{rel}","templated":true}]}}